{"id":7389,"date":"2024-07-31T14:07:11","date_gmt":"2024-07-31T12:07:11","guid":{"rendered":"https:\/\/serbenidorm.daliisolutions.com\/index.php\/2024\/07\/31\/benidorm-poda-uno-de-sus-arboles-mas-emblematicos-por-la-sequia\/"},"modified":"2024-07-31T14:07:11","modified_gmt":"2024-07-31T12:07:11","slug":"benidorm-poda-uno-de-sus-arboles-mas-emblematicos-por-la-sequia","status":"publish","type":"post","link":"https:\/\/serbenidorm.daliisolutions.com\/index.php\/2024\/07\/31\/benidorm-poda-uno-de-sus-arboles-mas-emblematicos-por-la-sequia\/","title":{"rendered":"Benidorm poda uno de sus \u00e1rboles m\u00e1s emblem\u00e1ticos por la sequ\u00eda"},"content":{"rendered":"  <p>Benidorm<\/p>   <p>La situaci\u00f3n de sequ\u00eda y altas temperaturas ha motivado que el  Ayuntamiento de Benidorm haya decidido podar, de forma preventiva, el gran ficus que preside la plaza de la Hispanidad (conocida como plaza Triangular) para evitar que, si el ejemplar sufre estr\u00e9s h\u00eddrico, pueda producirse el desprendimiento de alguna de sus ramas y caer sobre alguno de los viandantes y provocar da\u00f1os.<\/p>   <p>La Concejal\u00eda de Parques y Jardines ha informado de que el objetivo de la poda es \u201caligerar de peso el \u00e1rbol, limpiar el ramaje para aprovechar mejor el agua y nutrientes del subsuelo\u201d y as\u00ed \u201cevitar posibles episodios de rotura de ramas o troncos a causa del estr\u00e9s h\u00eddrico\u201d.<\/p>  <p><p>M\u00e1s informaci\u00f3n<\/p><figure><img loading=\"lazy\" decoding=\"async\" src=\"https:\/\/cadenaser.com\/resizer\/v2\/FPX2X7QK6JFRFI7HOEXFUHNIAQ.jpeg?auth=65ecc26e7bac25960b4f48730de59d6060f0faf5c717e4de4ac1f7916d37ace5&amp;quality=70&amp;width=360&amp;height=202&amp;smart=true\" width=\"820\" height=\"621\" \/><\/figure><ul><li><a href=\"https:\/\/cadenaser.com\/comunitat-valenciana\/2024\/07\/30\/el-psoe-de-benidorm-denuncia-que-la-empresa-que-gestiona-tres-aparcamientos-publicos-despide-a-la-mitad-de-la-plantilla-radio-benidorm\/\"><span>El PSOE de Benidorm denuncia que la empresa que gestiona tres aparcamientos p\u00fablicos despide a la mitad de la plantilla<\/span><\/a><\/li><\/ul><\/p>   <p><a href=\"https:\/\/cadenaser.com\/tag\/benidorm\/a\/\" target=\"_blank\" rel=\"noopener\">Se trata de un ejemplar de grandes dimensiones y uno de los m\u00e1s fotografiados de Benidorm por su ubicaci\u00f3n en pleno centro de la ciudad<\/a>.<\/p>   <p>El edil del \u00e1rea, Jos\u00e9 Ram\u00f3n Gonz\u00e1lez de Z\u00e1rate, ha trasladado que el Consistorio ha revisado todos los \u00e1rboles de la v\u00eda p\u00fablica que no tienen riego por goteo y dependen del agua de lluvia y ha querido transmitir un mensaje de \u201ctranquilidad y evitar las alarmas\u201d porque se han llevado a cabo revisiones en todos los \u00e1rboles \u201ccomo el de la Plaza de la Hispanidad\u201d y tambi\u00e9n en zonas como el Moralet o el Parque de la S\u00e8quia Mare.<\/p>   <p>En estas zonas se ha realizado tareas de limpieza, que sirven tambi\u00e9n para prevenir incendios y \u201cse ha quitado ramajes y se ha suprimido ejemplares que estaban muy pegados para que est\u00e9n en una mejor situaci\u00f3n y puedan aprovechar mejor el sol y el agua\u201d, a\u00f1ade el edil.<\/p>   <p>     .c-w{         max-width:444px;         width:100%;         margin:16px auto;      background:#00755E;         border-radius:4px;         display:flex;         align-items:center;         justify-content:center;     }     .c-w a{         display:flex;         align-items:center;         justify-content:center;         padding:4px 24px;     }     .c-w img{         width:24px;         margin-right:12px;     }     .c-w p{         font:18px\/25px Poppins;         text-align:center;         color:#fff;         margin:0;     }     @media (max-width:444px){         .c-w a{             padding:4px 12px;         }         .c-w img{             width:24px;             margin-right:8px;         }         .c-w p{             font:14px\/25px Poppins;         }     }     @media (max-width:335px){         .c-w p{             font:13px\/25px Poppins;         }     }  <div class=\"c-w\">     <a href=\"https:\/\/www.whatsapp.com\/channel\/0029Va633PF9WtC4l7XUzh1e\" target=\"_blank\" rel=\"noopener\">         <img decoding=\"async\" src=\"https:\/\/cadenaser.com\/estaticos\/recursosgraficos\/responsive\/img\/ico-whatsapp.svg\" alt=\"Whatsapp\">         <p>\u00danete al <b>canal de WhatsApp<\/b> de la SER<\/p>     <\/a> <\/div><\/p> ","protected":false},"excerpt":{"rendered":"<p>Para garantizar la seguridad ante un posible estr\u00e9s h\u00eddrico del ejemplar <\/p>\n","protected":false},"author":0,"featured_media":7390,"comment_status":"open","ping_status":"open","sticky":false,"template":"","format":"standard","meta":{"_acf_changed":false,"footnotes":""},"categories":[1],"tags":[],"class_list":["post-7389","post","type-post","status-publish","format-standard","has-post-thumbnail","hentry","category-sin-categoria"],"acf":{"ser_id":"LCJBS3B43RBCJF7Y7R3U4URBSU","ser_url":"https:\/\/cadenaser.com\/comunitat-valenciana\/2024\/07\/31\/benidorm-poda-uno-de-sus-arboles-mas-emblematicos-por-la-sequia-radio-benidorm\/"},"_links":{"self":[{"href":"https:\/\/serbenidorm.daliisolutions.com\/index.php\/wp-json\/wp\/v2\/posts\/7389","targetHints":{"allow":["GET"]}}],"collection":[{"href":"https:\/\/serbenidorm.daliisolutions.com\/index.php\/wp-json\/wp\/v2\/posts"}],"about":[{"href":"https:\/\/serbenidorm.daliisolutions.com\/index.php\/wp-json\/wp\/v2\/types\/post"}],"replies":[{"embeddable":true,"href":"https:\/\/serbenidorm.daliisolutions.com\/index.php\/wp-json\/wp\/v2\/comments?post=7389"}],"version-history":[{"count":0,"href":"https:\/\/serbenidorm.daliisolutions.com\/index.php\/wp-json\/wp\/v2\/posts\/7389\/revisions"}],"wp:featuredmedia":[{"embeddable":true,"href":"https:\/\/serbenidorm.daliisolutions.com\/index.php\/wp-json\/wp\/v2\/media\/7390"}],"wp:attachment":[{"href":"https:\/\/serbenidorm.daliisolutions.com\/index.php\/wp-json\/wp\/v2\/media?parent=7389"}],"wp:term":[{"taxonomy":"category","embeddable":true,"href":"https:\/\/serbenidorm.daliisolutions.com\/index.php\/wp-json\/wp\/v2\/categories?post=7389"},{"taxonomy":"post_tag","embeddable":true,"href":"https:\/\/serbenidorm.daliisolutions.com\/index.php\/wp-json\/wp\/v2\/tags?post=7389"}],"curies":[{"name":"wp","href":"https:\/\/api.w.org\/{rel}","templated":true}]}}