{"id":7407,"date":"2024-08-01T12:02:06","date_gmt":"2024-08-01T10:02:06","guid":{"rendered":"https:\/\/serbenidorm.daliisolutions.com\/index.php\/2024\/08\/01\/la-policia-detiene-al-ladron-de-una-academia-de-benidorm\/"},"modified":"2024-08-01T12:02:06","modified_gmt":"2024-08-01T10:02:06","slug":"la-policia-detiene-al-ladron-de-una-academia-de-benidorm","status":"publish","type":"post","link":"https:\/\/serbenidorm.daliisolutions.com\/index.php\/2024\/08\/01\/la-policia-detiene-al-ladron-de-una-academia-de-benidorm\/","title":{"rendered":"La Polic\u00eda detiene al ladr\u00f3n de una academia de Benidorm"},"content":{"rendered":"  <p>Benidorm<\/p>   <p>La Polic\u00eda Nacional ha detenido en Benidorm al presunto autor de dos robos con fuerza, uno de ellos en la ciudad. Es un hombre de 34 a\u00f1os, seg\u00fan ha informado el cuerpo en un comunicado.<\/p>   <p>En el robo cometido en la capital tur\u00edstica <a href=\"https:\/\/cadenaser.com\/tag\/benidorm\/a\/\" target=\"_blank\" rel=\"noopener\">accedi\u00f3 a una academia de idiomas donde sustrajo diversos aparatos electr\u00f3nicos y dinero en efectivo; todo por valor de casi 6.000 euros<\/a>.<\/p>  <p><p>M\u00e1s informaci\u00f3n<\/p><figure><img loading=\"lazy\" decoding=\"async\" src=\"https:\/\/cadenaser.com\/resizer\/v2\/VK7JBDFYJNH7HPIYBP5PNQIWCA.jpg?auth=de4802056415c880dae27924f883663659d10bf2d502cc1a34e864f18104894a&amp;quality=70&amp;width=360&amp;height=202&amp;smart=true\" width=\"820\" height=\"621\" \/><\/figure><ul><li><a href=\"https:\/\/cadenaser.com\/comunitat-valenciana\/2024\/07\/31\/nuevas-detenciones-de-la-guardia-civil-por-varios-intentos-de-estafa-con-el-tocomocho-en-villajoyosa-y-calpe-radio-benidorm\/\"><span>Nuevas detenciones de la Guardia Civil por varios intentos de estafa con el \u00abtocomocho\u00bb en Villajoyosa y Calpe<\/span><\/a><\/li><\/ul><\/p>   <p>Gracias a las informaciones recabadas los agentes llegaron a un probable domicilio del autor, ubicado en la ciudad, y alrededor del cual se despleg\u00f3 la Polic\u00eda para localizar a esta persona. <\/p>   <p>Las actuaciones tuvieron resultado positivo y se consigui\u00f3 detener al autor de los hechos. Al mismo le constaba una orden de detenci\u00f3n judicial por estar relacionado en un robo con violencia ocurrido en Madrid.<\/p>   <p>Posteriormente la Polic\u00eda Nacional procedi\u00f3 al registro del domicilio de esta persona, localizando la pr\u00e1ctica totalidad de los efectos sustra\u00eddos en la academia. El hombre ha pasado a disposici\u00f3n del juzgado de guardia de Benidorm.<\/p>   <p>     .c-w{         max-width:444px;         width:100%;         margin:16px auto;      background:#00755E;         border-radius:4px;         display:flex;         align-items:center;         justify-content:center;     }     .c-w a{         display:flex;         align-items:center;         justify-content:center;         padding:4px 24px;     }     .c-w img{         width:24px;         margin-right:12px;     }     .c-w p{         font:18px\/25px Poppins;         text-align:center;         color:#fff;         margin:0;     }     @media (max-width:444px){         .c-w a{             padding:4px 12px;         }         .c-w img{             width:24px;             margin-right:8px;         }         .c-w p{             font:14px\/25px Poppins;         }     }     @media (max-width:335px){         .c-w p{             font:13px\/25px Poppins;         }     }  <div class=\"c-w\">     <a href=\"https:\/\/www.whatsapp.com\/channel\/0029Va633PF9WtC4l7XUzh1e\" target=\"_blank\" rel=\"noopener\">         <img decoding=\"async\" src=\"https:\/\/cadenaser.com\/estaticos\/recursosgraficos\/responsive\/img\/ico-whatsapp.svg\" alt=\"Whatsapp\">         <p>\u00danete al <b>canal de WhatsApp<\/b> de la SER<\/p>     <\/a> <\/div><\/p> ","protected":false},"excerpt":{"rendered":"<p>Se le buscaba por otro robo con violencia en Madrid<\/p>\n","protected":false},"author":0,"featured_media":7408,"comment_status":"open","ping_status":"open","sticky":false,"template":"","format":"standard","meta":{"_acf_changed":false,"footnotes":""},"categories":[1],"tags":[],"class_list":["post-7407","post","type-post","status-publish","format-standard","has-post-thumbnail","hentry","category-sin-categoria"],"acf":{"ser_id":"KHOQTMBCNZGYPLOJLX6C6L5XUE","ser_url":"https:\/\/cadenaser.com\/comunitat-valenciana\/2024\/08\/01\/la-policia-detiene-al-ladron-de-una-academia-de-benidorm-radio-benidorm\/"},"_links":{"self":[{"href":"https:\/\/serbenidorm.daliisolutions.com\/index.php\/wp-json\/wp\/v2\/posts\/7407","targetHints":{"allow":["GET"]}}],"collection":[{"href":"https:\/\/serbenidorm.daliisolutions.com\/index.php\/wp-json\/wp\/v2\/posts"}],"about":[{"href":"https:\/\/serbenidorm.daliisolutions.com\/index.php\/wp-json\/wp\/v2\/types\/post"}],"replies":[{"embeddable":true,"href":"https:\/\/serbenidorm.daliisolutions.com\/index.php\/wp-json\/wp\/v2\/comments?post=7407"}],"version-history":[{"count":0,"href":"https:\/\/serbenidorm.daliisolutions.com\/index.php\/wp-json\/wp\/v2\/posts\/7407\/revisions"}],"wp:featuredmedia":[{"embeddable":true,"href":"https:\/\/serbenidorm.daliisolutions.com\/index.php\/wp-json\/wp\/v2\/media\/7408"}],"wp:attachment":[{"href":"https:\/\/serbenidorm.daliisolutions.com\/index.php\/wp-json\/wp\/v2\/media?parent=7407"}],"wp:term":[{"taxonomy":"category","embeddable":true,"href":"https:\/\/serbenidorm.daliisolutions.com\/index.php\/wp-json\/wp\/v2\/categories?post=7407"},{"taxonomy":"post_tag","embeddable":true,"href":"https:\/\/serbenidorm.daliisolutions.com\/index.php\/wp-json\/wp\/v2\/tags?post=7407"}],"curies":[{"name":"wp","href":"https:\/\/api.w.org\/{rel}","templated":true}]}}