{"id":7409,"date":"2024-08-01T13:18:27","date_gmt":"2024-08-01T11:18:27","guid":{"rendered":"https:\/\/serbenidorm.daliisolutions.com\/index.php\/2024\/08\/01\/benidorm-presenta-ante-el-supremo-el-recurso-contra-la-indemnizacion-de-mas-de-300-millones-en-serra-gelada\/"},"modified":"2024-08-01T13:18:27","modified_gmt":"2024-08-01T11:18:27","slug":"benidorm-presenta-ante-el-supremo-el-recurso-contra-la-indemnizacion-de-mas-de-300-millones-en-serra-gelada","status":"publish","type":"post","link":"https:\/\/serbenidorm.daliisolutions.com\/index.php\/2024\/08\/01\/benidorm-presenta-ante-el-supremo-el-recurso-contra-la-indemnizacion-de-mas-de-300-millones-en-serra-gelada\/","title":{"rendered":"Benidorm presenta ante el Supremo el recurso contra la indemnizaci\u00f3n de m\u00e1s de 300 millones en Serra Gelada"},"content":{"rendered":"  <p>Benidorm<\/p>   <p>El Ayuntamiento de Benidorm ha presentado ante el Tribunal Supremo un recurso de casaci\u00f3n frente a la sentencia dictada el pasado 23 de mayo por la Secci\u00f3n Primera de la Sala de lo Contencioso-Administrativo del Tribunal Superior de Justicia de la Comunidad Valenciana (TSJCV).<\/p>   <p>Una sentencia que establec\u00eda que el Consistorio deb\u00eda pagar <a href=\"https:\/\/cadenaser.com\/tag\/benidorm\/a\/\" target=\"_blank\" rel=\"noopener\">283 millones de euros, m\u00e1s los correspondientes intereses legales, a las mercantiles Murcia Puchades Expansi\u00f3n SL y Urban Villajoyosa 2000 SL<\/a> en compensaci\u00f3n por los aprovechamientos urban\u00edsticos de su propiedad incluidos en el sector APR-7 de Serra Gelada.<\/p>   <p>Esta informaci\u00f3n se ha trasladado a los grupos de la Corporaci\u00f3n en una Junta de Portavoces convocada por el alcalde, Toni P\u00e9rez, en la que han participado hoy representantes de los grupos asistidos por la secretaria general del Ayuntamiento.<\/p>  <p><p>M\u00e1s informaci\u00f3n<\/p><figure><img loading=\"lazy\" decoding=\"async\" src=\"https:\/\/cadenaser.com\/resizer\/v2\/PT64GXCBZZAGZJ2OHM7JGELMPA.JPG?auth=c38d39ef83f53314f4482eeb133cdc1da7767f293ff0cb66a230aeb2740c6d02&amp;quality=70&amp;width=360&amp;height=202&amp;smart=true\" width=\"820\" height=\"621\" \/><\/figure><ul><li><a href=\"https:\/\/cadenaser.com\/comunitat-valenciana\/2024\/06\/11\/el-alcalde-de-benidorm-descarta-negociar-con-la-familia-murcia-puchades-tras-la-sentencia-de-serra-gelada-es-ilegal-radio-benidorm\/\"><span>El alcalde de Benidorm descarta negociar con la familia Murcia Puchades tras la sentencia de Serra Gelada: \u00abEs ilegal\u00bb<\/span><\/a><\/li><\/ul><\/p>   <p>Con la presentaci\u00f3n de este recurso, formalizada ayer, se sigue la hoja de ruta marcada por los servicios jur\u00eddicos municipales para defender el inter\u00e9s general de Benidorm. El primer paso fue solicitar una aclaraci\u00f3n de sentencia al TSJ.<\/p>   <p>Recordar que previamente a la sentencia dictada por el alto tribunal valenciano, todos los pronunciamientos judiciales hab\u00edan sido favorables al Ayuntamiento de Benidorm, como tambi\u00e9n lo fue el dictamen del Consell Jur\u00eddic Consultiu.<\/p>   <p>     .c-w{         max-width:444px;         width:100%;         margin:16px auto;      background:#00755E;         border-radius:4px;         display:flex;         align-items:center;         justify-content:center;     }     .c-w a{         display:flex;         align-items:center;         justify-content:center;         padding:4px 24px;     }     .c-w img{         width:24px;         margin-right:12px;     }     .c-w p{         font:18px\/25px Poppins;         text-align:center;         color:#fff;         margin:0;     }     @media (max-width:444px){         .c-w a{             padding:4px 12px;         }         .c-w img{             width:24px;             margin-right:8px;         }         .c-w p{             font:14px\/25px Poppins;         }     }     @media (max-width:335px){         .c-w p{             font:13px\/25px Poppins;         }     }  <div class=\"c-w\">     <a href=\"https:\/\/www.whatsapp.com\/channel\/0029Va633PF9WtC4l7XUzh1e\" target=\"_blank\" rel=\"noopener\">         <img decoding=\"async\" src=\"https:\/\/cadenaser.com\/estaticos\/recursosgraficos\/responsive\/img\/ico-whatsapp.svg\" alt=\"Whatsapp\">         <p>\u00danete al <b>canal de WhatsApp<\/b> de la SER<\/p>     <\/a> <\/div><\/p> ","protected":false},"excerpt":{"rendered":"<p>Se sigue la hoja de ruta marcada por los servicios jur\u00eddicos municipales despu\u00e9s de la sentencia del TSJCV que daba la raz\u00f3n a la familia Murcia Puchades<\/p>\n","protected":false},"author":0,"featured_media":7410,"comment_status":"open","ping_status":"open","sticky":false,"template":"","format":"standard","meta":{"_acf_changed":false,"footnotes":""},"categories":[1],"tags":[],"class_list":["post-7409","post","type-post","status-publish","format-standard","has-post-thumbnail","hentry","category-sin-categoria"],"acf":{"ser_id":"72FNTI5WDVEARJ6XLFWSU4KPLU","ser_url":"https:\/\/cadenaser.com\/comunitat-valenciana\/2024\/08\/01\/benidorm-presenta-ante-el-supremo-el-recurso-contra-la-indemnizacion-de-mas-de-300-millones-en-serra-gelada-radio-benidorm\/"},"_links":{"self":[{"href":"https:\/\/serbenidorm.daliisolutions.com\/index.php\/wp-json\/wp\/v2\/posts\/7409","targetHints":{"allow":["GET"]}}],"collection":[{"href":"https:\/\/serbenidorm.daliisolutions.com\/index.php\/wp-json\/wp\/v2\/posts"}],"about":[{"href":"https:\/\/serbenidorm.daliisolutions.com\/index.php\/wp-json\/wp\/v2\/types\/post"}],"replies":[{"embeddable":true,"href":"https:\/\/serbenidorm.daliisolutions.com\/index.php\/wp-json\/wp\/v2\/comments?post=7409"}],"version-history":[{"count":0,"href":"https:\/\/serbenidorm.daliisolutions.com\/index.php\/wp-json\/wp\/v2\/posts\/7409\/revisions"}],"wp:featuredmedia":[{"embeddable":true,"href":"https:\/\/serbenidorm.daliisolutions.com\/index.php\/wp-json\/wp\/v2\/media\/7410"}],"wp:attachment":[{"href":"https:\/\/serbenidorm.daliisolutions.com\/index.php\/wp-json\/wp\/v2\/media?parent=7409"}],"wp:term":[{"taxonomy":"category","embeddable":true,"href":"https:\/\/serbenidorm.daliisolutions.com\/index.php\/wp-json\/wp\/v2\/categories?post=7409"},{"taxonomy":"post_tag","embeddable":true,"href":"https:\/\/serbenidorm.daliisolutions.com\/index.php\/wp-json\/wp\/v2\/tags?post=7409"}],"curies":[{"name":"wp","href":"https:\/\/api.w.org\/{rel}","templated":true}]}}