{"id":7419,"date":"2024-08-01T19:37:23","date_gmt":"2024-08-01T17:37:23","guid":{"rendered":"https:\/\/serbenidorm.daliisolutions.com\/index.php\/2024\/08\/01\/un-ano-y-siete-meses-de-prision-para-un-hombre-en-la-nucia-por-acosar-y-agredir-sexualmente-a-una-empleada-de-gasolinera\/"},"modified":"2024-08-01T19:37:23","modified_gmt":"2024-08-01T17:37:23","slug":"un-ano-y-siete-meses-de-prision-para-un-hombre-en-la-nucia-por-acosar-y-agredir-sexualmente-a-una-empleada-de-gasolinera","status":"publish","type":"post","link":"https:\/\/serbenidorm.daliisolutions.com\/index.php\/2024\/08\/01\/un-ano-y-siete-meses-de-prision-para-un-hombre-en-la-nucia-por-acosar-y-agredir-sexualmente-a-una-empleada-de-gasolinera\/","title":{"rendered":"Un a\u00f1o y siete meses de prisi\u00f3n para un hombre en La Nuc\u00eda por acosar y agredir sexualmente a una empleada de gasolinera"},"content":{"rendered":"  <p>Alicante<\/p>   <p>Un hombre de 54 a\u00f1os que trabajaba como encargado en una estaci\u00f3n de servicio de la Nuc\u00eda (Alicante) ha sido condenado por la Audiencia Provincial a un a\u00f1o y siete meses de prisi\u00f3n por acosar y agredir sexualmente a una de las trabajadoras de la gasolinera, a la que le propin\u00f3 un pellizco en las nalgas mientras estaba atendiendo a un cliente.<\/p>   <p>La sentencia, dictada por un tribunal de la Secci\u00f3n Primera, considera probado que la conducta constitutiva de un delito de acoso sexual se produjo entre el 2 de julio y el 24 de septiembre de 2019, en los momentos en los que ambos coincid\u00edan en el desempe\u00f1o de sus respectivas funciones, en el verano en el que ella hab\u00eda comenzado a trabajar en dicha estaci\u00f3n de servicio.<\/p>   <p>En concreto, los magistrados creen probado que el encausado, que era \u201csuperior directo\u201d de la v\u00edctima, se dirig\u00eda a ella con expresiones como \u201cmadre m\u00eda, lo que har\u00eda yo con esa boca\u201d o \u201cte voy a poner mirando a Cuenca\u201d, mientras intentaba que ella fuese a comer o a cenar con \u00e9l \u201co la tiraba a la puta calle\u201d.<\/p>   <p>Adem\u00e1s, lleg\u00f3 a asegurarle que cuando le hiciese lo que le hac\u00eda otra empleada, \u201cla har\u00eda fija\u201d. Y, en otras ocasiones, le realizaba gestos obscenos, le soplaba en la oreja y le remit\u00eda mensajes privados al tel\u00e9fono fuera del horario laboral.<\/p>   <p>Por \u00faltimo, el tribunal tambi\u00e9n estima probado que el procesado propin\u00f3 un pellizco en la nalga de la v\u00edctima y que la buscaba en los descansos hasta el punto de subirse en su coche, para decirle que \u00e9l era el jefe y que pod\u00eda \u201chacer lo que quiera\u201d.<\/p>   <p>     .c-w{         max-width:444px;         width:100%;         margin:16px auto;      background:#00755E;         border-radius:4px;         display:flex;         align-items:center;         justify-content:center;     }     .c-w a{         display:flex;         align-items:center;         justify-content:center;         padding:4px 24px;     }     .c-w img{         width:24px;         margin-right:12px;     }     .c-w p{         font:18px\/25px Poppins;         text-align:center;         color:#fff;         margin:0;     }     @media (max-width:444px){         .c-w a{             padding:4px 12px;         }         .c-w img{             width:24px;             margin-right:8px;         }         .c-w p{             font:14px\/25px Poppins;         }     }     @media (max-width:335px){         .c-w p{             font:13px\/25px Poppins;         }     }  <div class=\"c-w\">     <a href=\"https:\/\/www.whatsapp.com\/channel\/0029Va633PF9WtC4l7XUzh1e\" target=\"_blank\" rel=\"noopener\">         <img decoding=\"async\" src=\"https:\/\/cadenaser.com\/estaticos\/recursosgraficos\/responsive\/img\/ico-whatsapp.svg\" alt=\"Whatsapp\">         <p>\u00danete al <b>canal de WhatsApp<\/b> de la SER<\/p>     <\/a> <\/div><\/p>   <p>Esa situaci\u00f3n llev\u00f3 a la v\u00edctima a solicitar una baja por enfermedad, al sufrir un cuadro de trastorno por estr\u00e9s postraum\u00e1tico y a presentar denuncia. Todo, despu\u00e9s de dar parte a los superiores del encausado en la empresa, lo que motiv\u00f3 que se activase el protocolo de acoso y que se le abriese un expediente que concluy\u00f3 con su despido, en septiembre de 2019.<\/p>   <p>El procesado neg\u00f3 las acusaciones durante su declaraci\u00f3n en el juicio y solo admiti\u00f3 haberse dirigido a ella con determinadas expresiones pero \u201cpor llegar tarde al trabajo\u201d. Adem\u00e1s, solo reconoci\u00f3 que le hubiese remitido algunos de los mensajes telef\u00f3nicos que se le atribu\u00edan.<\/p>   <p>No obstante, el tribunal confiere credibilidad al relato de la v\u00edctima, a partir del conjunto de los testimonios recabados, entre los que figuraba el del cliente que se encontraba presente en la estaci\u00f3n del servicio cuando el acusado pellizc\u00f3 la nalga de la v\u00edctima.<\/p>   <p>En esta l\u00ednea, la sala estima que se produjo una situaci\u00f3n de \u201cacoso sexual en el \u00e1mbito laboral que produjo un sentimiento de humillaci\u00f3n y desasosiego permanente\u201d en la v\u00edctima.<\/p>   <p>As\u00ed, considera al acusado autor de un primer delito de acoso sexual, castigado con siete meses de prisi\u00f3n, y de un segundo delito de abuso sexual, por el que le impone otra pena de un a\u00f1o de prisi\u00f3n. Tambi\u00e9n, establece la medida de alejamiento respecto a la v\u00edctima a una distancia m\u00ednima de 500 metros durante dos a\u00f1os por cada delito, as\u00ed como otros dos a\u00f1os de libertad vigilada.<\/p>   <p>Por \u00faltimo, la sentencia determina que el encausado deber\u00e1 indemnizar a la perjudicada en la cantidad de 50.976,24 euros por los da\u00f1os ocasionados.<\/p>   <p>La sentencia es recurrible en apelaci\u00f3n ante el Tribunal Superior de Justicia de la Comunitat (TSJCV) en el plazo de diez d\u00edas desde su notificaci\u00f3n.<\/p> ","protected":false},"excerpt":{"rendered":"<p>La Sala determina que el acusado lleg\u00f3 a propinarle produjo un un pellizco en las nalgas mientras atend\u00eda a un cliente, creando un sentimiento de humillaci\u00f3n permanente en la v\u00edctima  <\/p>\n","protected":false},"author":0,"featured_media":7420,"comment_status":"open","ping_status":"open","sticky":false,"template":"","format":"standard","meta":{"_acf_changed":false,"footnotes":""},"categories":[1],"tags":[],"class_list":["post-7419","post","type-post","status-publish","format-standard","has-post-thumbnail","hentry","category-sin-categoria"],"acf":{"ser_id":"6IIEKEKWINBYVOORTFN6GRM3OM","ser_url":"https:\/\/cadenaser.com\/comunitat-valenciana\/2024\/08\/01\/un-ano-y-siete-meses-de-prision-para-un-hombre-en-la-nucia-por-acusar-y-agredir-sexualmente-a-una-empleada-radio-alicante\/"},"_links":{"self":[{"href":"https:\/\/serbenidorm.daliisolutions.com\/index.php\/wp-json\/wp\/v2\/posts\/7419","targetHints":{"allow":["GET"]}}],"collection":[{"href":"https:\/\/serbenidorm.daliisolutions.com\/index.php\/wp-json\/wp\/v2\/posts"}],"about":[{"href":"https:\/\/serbenidorm.daliisolutions.com\/index.php\/wp-json\/wp\/v2\/types\/post"}],"replies":[{"embeddable":true,"href":"https:\/\/serbenidorm.daliisolutions.com\/index.php\/wp-json\/wp\/v2\/comments?post=7419"}],"version-history":[{"count":0,"href":"https:\/\/serbenidorm.daliisolutions.com\/index.php\/wp-json\/wp\/v2\/posts\/7419\/revisions"}],"wp:featuredmedia":[{"embeddable":true,"href":"https:\/\/serbenidorm.daliisolutions.com\/index.php\/wp-json\/wp\/v2\/media\/7420"}],"wp:attachment":[{"href":"https:\/\/serbenidorm.daliisolutions.com\/index.php\/wp-json\/wp\/v2\/media?parent=7419"}],"wp:term":[{"taxonomy":"category","embeddable":true,"href":"https:\/\/serbenidorm.daliisolutions.com\/index.php\/wp-json\/wp\/v2\/categories?post=7419"},{"taxonomy":"post_tag","embeddable":true,"href":"https:\/\/serbenidorm.daliisolutions.com\/index.php\/wp-json\/wp\/v2\/tags?post=7419"}],"curies":[{"name":"wp","href":"https:\/\/api.w.org\/{rel}","templated":true}]}}