{"id":7426,"date":"2024-08-02T11:57:48","date_gmt":"2024-08-02T09:57:48","guid":{"rendered":"https:\/\/serbenidorm.daliisolutions.com\/index.php\/2024\/08\/02\/finestrat-activa-hasta-septiembre-su-plan-de-participacion-ciudadana\/"},"modified":"2024-08-02T11:57:48","modified_gmt":"2024-08-02T09:57:48","slug":"finestrat-activa-hasta-septiembre-su-plan-de-participacion-ciudadana","status":"publish","type":"post","link":"https:\/\/serbenidorm.daliisolutions.com\/index.php\/2024\/08\/02\/finestrat-activa-hasta-septiembre-su-plan-de-participacion-ciudadana\/","title":{"rendered":"Finestrat activa hasta septiembre su plan de participaci\u00f3n ciudadana"},"content":{"rendered":"  <p>Finestrat<\/p>   <p>Buscar la colaboraci\u00f3n de cada uno de los vecinos para conocer sus necesidades, sus ideas o proyectos para mejorar Finestrat. Ese es el principal objetivo del Plan de Participaci\u00f3n Ciudadana que el Ayuntamiento ha presentado esta semana y que estar\u00e1 activo hasta septiembre<\/p>   <p>En palabras de la alcaldesa en funciones, Nati Algado, \u201cFinestrat no para de crecer y es importante saber escuchar sus inquietudes, sus necesidades, el rumbo que quieren para Finestrat. Por eso tenemos que escucharos, ten\u00e9is que decir que os preocupa, que os interesa y que esper\u00e1is de este gobierno y de este municipio\u201d.<\/p>   <p>En primer lugar habr\u00e1 una encuesta online a la que podr\u00e1s acceder por estas dos v\u00edas:<\/p>   <p><li><a href=\"http:\/\/finestratmesteu.participacio.eu\/\"><u>http:\/\/finestratmesteu.participacio.eu\/<\/u><\/a><\/li><li>A trav\u00e9s de la p\u00e1gina web del Ayuntamiento de Finestrat<\/li><\/p>   <p>Tambi\u00e9n habr\u00e1 <a href=\"https:\/\/cadenaser.com\/tag\/finestrat\/a\/\" target=\"_blank\" rel=\"noopener\">buzones f\u00edsicos itinerantes y tres fijos instalados en el consistorio, el Centre Juvenil y la extensi\u00f3n administrativa de La Cala<\/a>.<\/p>   <p>Talleres<\/p>   <p><li>6 SEPTIEMBRE. 19:00h. TALLER JUVENTUD. PABELL\u00d3N MUNICIPAL<\/li><li>12 SEPTIEMBRE. 19:00h. TALLER. CENTRO SOCIAL TERRAMARINA<\/li><li>19 SEPTIEMBRE. 18.00h. TALLER. CASA DE LA CULTURA<\/li><li>26 SEPTIEMBRE. 18:00H. TALLER. CALA DE FINESTRAT<\/li><\/p>   <p>El proyecto est\u00e1 subvencionado por la Diputaci\u00f3n de Alicante con 7.500\u20ac.<\/p>   <p>     .c-w{         max-width:444px;         width:100%;         margin:16px auto;      background:#00755E;         border-radius:4px;         display:flex;         align-items:center;         justify-content:center;     }     .c-w a{         display:flex;         align-items:center;         justify-content:center;         padding:4px 24px;     }     .c-w img{         width:24px;         margin-right:12px;     }     .c-w p{         font:18px\/25px Poppins;         text-align:center;         color:#fff;         margin:0;     }     @media (max-width:444px){         .c-w a{             padding:4px 12px;         }         .c-w img{             width:24px;             margin-right:8px;         }         .c-w p{             font:14px\/25px Poppins;         }     }     @media (max-width:335px){         .c-w p{             font:13px\/25px Poppins;         }     }  <div class=\"c-w\">     <a href=\"https:\/\/www.whatsapp.com\/channel\/0029Va633PF9WtC4l7XUzh1e\" target=\"_blank\" rel=\"noopener\">         <img decoding=\"async\" src=\"https:\/\/cadenaser.com\/estaticos\/recursosgraficos\/responsive\/img\/ico-whatsapp.svg\" alt=\"Whatsapp\">         <p>\u00danete al <b>canal de WhatsApp<\/b> de la SER<\/p>     <\/a> <\/div><\/p> ","protected":false},"excerpt":{"rendered":"<p>Con talleres, encuestas en la p\u00e1gina web municipal y tres buzones f\u00edsicos distribuidos por la localidad<\/p>\n","protected":false},"author":0,"featured_media":7427,"comment_status":"open","ping_status":"open","sticky":false,"template":"","format":"standard","meta":{"_acf_changed":false,"footnotes":""},"categories":[1],"tags":[],"class_list":["post-7426","post","type-post","status-publish","format-standard","has-post-thumbnail","hentry","category-sin-categoria"],"acf":{"ser_id":"BG777KYU2ZHILFYGRCUEFOQTF4","ser_url":"https:\/\/cadenaser.com\/comunitat-valenciana\/2024\/08\/02\/finestrat-activa-hasta-septiembre-su-plan-de-participacion-ciudadana-radio-benidorm\/"},"_links":{"self":[{"href":"https:\/\/serbenidorm.daliisolutions.com\/index.php\/wp-json\/wp\/v2\/posts\/7426","targetHints":{"allow":["GET"]}}],"collection":[{"href":"https:\/\/serbenidorm.daliisolutions.com\/index.php\/wp-json\/wp\/v2\/posts"}],"about":[{"href":"https:\/\/serbenidorm.daliisolutions.com\/index.php\/wp-json\/wp\/v2\/types\/post"}],"replies":[{"embeddable":true,"href":"https:\/\/serbenidorm.daliisolutions.com\/index.php\/wp-json\/wp\/v2\/comments?post=7426"}],"version-history":[{"count":0,"href":"https:\/\/serbenidorm.daliisolutions.com\/index.php\/wp-json\/wp\/v2\/posts\/7426\/revisions"}],"wp:featuredmedia":[{"embeddable":true,"href":"https:\/\/serbenidorm.daliisolutions.com\/index.php\/wp-json\/wp\/v2\/media\/7427"}],"wp:attachment":[{"href":"https:\/\/serbenidorm.daliisolutions.com\/index.php\/wp-json\/wp\/v2\/media?parent=7426"}],"wp:term":[{"taxonomy":"category","embeddable":true,"href":"https:\/\/serbenidorm.daliisolutions.com\/index.php\/wp-json\/wp\/v2\/categories?post=7426"},{"taxonomy":"post_tag","embeddable":true,"href":"https:\/\/serbenidorm.daliisolutions.com\/index.php\/wp-json\/wp\/v2\/tags?post=7426"}],"curies":[{"name":"wp","href":"https:\/\/api.w.org\/{rel}","templated":true}]}}