{"id":7428,"date":"2024-08-02T11:57:52","date_gmt":"2024-08-02T09:57:52","guid":{"rendered":"https:\/\/serbenidorm.daliisolutions.com\/index.php\/2024\/08\/02\/el-servigroup-hoteles-benidorm-lanza-su-campana-de-abonos-consulta-todos-los-precios\/"},"modified":"2024-08-02T11:57:52","modified_gmt":"2024-08-02T09:57:52","slug":"el-servigroup-hoteles-benidorm-lanza-su-campana-de-abonos-consulta-todos-los-precios","status":"publish","type":"post","link":"https:\/\/serbenidorm.daliisolutions.com\/index.php\/2024\/08\/02\/el-servigroup-hoteles-benidorm-lanza-su-campana-de-abonos-consulta-todos-los-precios\/","title":{"rendered":"El Servigroup Hoteles Benidorm lanza su campa\u00f1a de abonos: consulta todos los precios"},"content":{"rendered":"  <p>Benidorm<\/p>   <p>El Balonmano Benidorm pone en marcha su campa\u00f1a para la temporada 2024\/2025 con unos precios muy similares a los de la temporada anterior y con descuentos para los que saquen su abono antes del 15 de agosto. <\/p>   <p>Los precios de los abonos oscilaran entre 75 y 140 euros m\u00e1s 20 para los que adem\u00e1s quieran ser socios con unas ventajas considerables como su asiento fijo en la grada baja.<\/p>   <p><a href=\"https:\/\/cadenaser.com\/tag\/club_balonmano_benidorm\/a\/\" target=\"_blank\" rel=\"noopener\">Ser\u00e1 la onceava temporada en la m\u00e1xima categor\u00eda<\/a> y los precios para el abono general ser\u00e1n de 140 \u20ac, quedando en 130 \u20ac si se adquiere antes del 15 de agosto. Los pensionistas y desempleados tendr\u00e1n un precio de 100 \u20ac, quedando en 90 \u20ac antes del 15. Y, por \u00faltimo, los juniors, de 7 a 17 a\u00f1os, valdr\u00e1n 60 \u20ac y 55 \u20ac. <\/p>  <p><p>M\u00e1s informaci\u00f3n<\/p><figure><img loading=\"lazy\" decoding=\"async\" src=\"https:\/\/cadenaser.com\/resizer\/v2\/T6OHECP5R5CAHDTEVPRTXWQXGM.jpg?auth=f4e4ce8ab64569aa9d7a5037da432b9c8149c091208bc892402e65fa4608e99b&amp;quality=70&amp;width=360&amp;height=202&amp;smart=true\" width=\"820\" height=\"621\" \/><\/figure><ul><li><a href=\"https:\/\/cadenaser.com\/comunitat-valenciana\/2024\/07\/19\/todo-listo-para-la-pretemporada-del-tm-benidorm-detalles-y-fecha-de-los-amistosos-radio-benidorm\/\"><span>Todo listo para la pretemporada del TM Benidorm: conoce las fechas y rivales de los amistosos<\/span><\/a><\/li><\/ul><\/p>   <p>Tendr\u00e1n una promoci\u00f3n especial las parejas que obtendr\u00e1n un abono doble por 180 \u20ac, 170 \u20ac antes del 15, y tambi\u00e9n los progenitores de todos los jugadores del club con un precio de 85 \u20ac y 75 \u20ac.<\/p>   <p>\u00bfQuieres ser socio?<\/p>   <p>A los precios de los abonos anteriores hay que a\u00f1adir 20 \u20ac para conseguir la calidad de socio, circunstancia con importantes ventajas como: asiento numerado y reservado en la grada baja, acceso a posibles eliminatorias de Copa del Rey y acceso el D\u00eda del Club, y acceso y derecho a voto en las asambleas de la entidad.<\/p>   <p>     .c-w{         max-width:444px;         width:100%;         margin:16px auto;      background:#00755E;         border-radius:4px;         display:flex;         align-items:center;         justify-content:center;     }     .c-w a{         display:flex;         align-items:center;         justify-content:center;         padding:4px 24px;     }     .c-w img{         width:24px;         margin-right:12px;     }     .c-w p{         font:18px\/25px Poppins;         text-align:center;         color:#fff;         margin:0;     }     @media (max-width:444px){         .c-w a{             padding:4px 12px;         }         .c-w img{             width:24px;             margin-right:8px;         }         .c-w p{             font:14px\/25px Poppins;         }     }     @media (max-width:335px){         .c-w p{             font:13px\/25px Poppins;         }     }  <div class=\"c-w\">     <a href=\"https:\/\/www.whatsapp.com\/channel\/0029Va633PF9WtC4l7XUzh1e\" target=\"_blank\" rel=\"noopener\">         <img decoding=\"async\" src=\"https:\/\/cadenaser.com\/estaticos\/recursosgraficos\/responsive\/img\/ico-whatsapp.svg\" alt=\"Whatsapp\">         <p>\u00danete al <b>canal de WhatsApp<\/b> de la SER<\/p>     <\/a> <\/div><\/p>   <p>Oferta de LaLiga+<\/p>   <p>Este a\u00f1o tenemos la gran novedad de que podr\u00e1s seguir a tu equipo tanto en casa como en los partidos que se jueguen a domicilio, y es que desde el club se podr\u00e1 acceder a unos descuentos especiales para LaLiga+.<\/p>   <p>Los socios y abonados del Servigroup Hoteles Benidorm tendr\u00e1n acceso a dos importantes ofertas. La primera es el Pack Anual Equipo, con la que por 25\u20ac se podr\u00e1 disfrutar de todos los partidos del equipo benidormense; este precio supone un descuento del 70% respecto al precio normal.<\/p>   <p>Adem\u00e1s, existe una segunda opci\u00f3n, el Pack Anual Liga, este segundo paquete de dar\u00e1 la oportunidad de poder ver los 240 partidos de la Liga Plenitude, todos los partidos de todos los equipos, por un precio de 45\u20ac, con un descuento aproximado del 50% respecto a los 95\u20ac originales.<\/p>   <p>Estos dos paquetes podr\u00e1n adquirirse a la vez que renuevas o sacas tu abono para esta nueva temporada, facilitando desde el club la informaci\u00f3n a LaLiga+. Del mismo modo, aquellos con una suscripci\u00f3n activa en LaLiga+ podr\u00e1n realizar el trasvase a este nuevo plan con la ayuda del club.<\/p> ","protected":false},"excerpt":{"rendered":"<p>Desde 75 a 140 euros para los adultos<\/p>\n","protected":false},"author":0,"featured_media":7429,"comment_status":"open","ping_status":"open","sticky":false,"template":"","format":"standard","meta":{"_acf_changed":false,"footnotes":""},"categories":[1],"tags":[],"class_list":["post-7428","post","type-post","status-publish","format-standard","has-post-thumbnail","hentry","category-sin-categoria"],"acf":{"ser_id":"IRVFFXG6URDKRMMF7GEH7BKIJQ","ser_url":"https:\/\/cadenaser.com\/comunitat-valenciana\/2024\/08\/02\/el-servigroup-hoteles-benidorm-lanza-su-campana-de-abonos-consulta-todos-los-precios-radio-benidorm\/"},"_links":{"self":[{"href":"https:\/\/serbenidorm.daliisolutions.com\/index.php\/wp-json\/wp\/v2\/posts\/7428","targetHints":{"allow":["GET"]}}],"collection":[{"href":"https:\/\/serbenidorm.daliisolutions.com\/index.php\/wp-json\/wp\/v2\/posts"}],"about":[{"href":"https:\/\/serbenidorm.daliisolutions.com\/index.php\/wp-json\/wp\/v2\/types\/post"}],"replies":[{"embeddable":true,"href":"https:\/\/serbenidorm.daliisolutions.com\/index.php\/wp-json\/wp\/v2\/comments?post=7428"}],"version-history":[{"count":0,"href":"https:\/\/serbenidorm.daliisolutions.com\/index.php\/wp-json\/wp\/v2\/posts\/7428\/revisions"}],"wp:featuredmedia":[{"embeddable":true,"href":"https:\/\/serbenidorm.daliisolutions.com\/index.php\/wp-json\/wp\/v2\/media\/7429"}],"wp:attachment":[{"href":"https:\/\/serbenidorm.daliisolutions.com\/index.php\/wp-json\/wp\/v2\/media?parent=7428"}],"wp:term":[{"taxonomy":"category","embeddable":true,"href":"https:\/\/serbenidorm.daliisolutions.com\/index.php\/wp-json\/wp\/v2\/categories?post=7428"},{"taxonomy":"post_tag","embeddable":true,"href":"https:\/\/serbenidorm.daliisolutions.com\/index.php\/wp-json\/wp\/v2\/tags?post=7428"}],"curies":[{"name":"wp","href":"https:\/\/api.w.org\/{rel}","templated":true}]}}