{"id":7431,"date":"2024-08-02T13:24:39","date_gmt":"2024-08-02T11:24:39","guid":{"rendered":"https:\/\/serbenidorm.daliisolutions.com\/index.php\/2024\/08\/02\/el-paro-vuelve-a-subir-en-la-marina-baixa-tras-cinco-meses-de-descenso\/"},"modified":"2024-08-02T13:24:39","modified_gmt":"2024-08-02T11:24:39","slug":"el-paro-vuelve-a-subir-en-la-marina-baixa-tras-cinco-meses-de-descenso","status":"publish","type":"post","link":"https:\/\/serbenidorm.daliisolutions.com\/index.php\/2024\/08\/02\/el-paro-vuelve-a-subir-en-la-marina-baixa-tras-cinco-meses-de-descenso\/","title":{"rendered":"El paro vuelve a subir en la Marina Baixa tras cinco meses de descenso"},"content":{"rendered":"  <p>Benidorm<\/p>   <p>El paro ha subido en la Marina Baixa en plena temporada alta en m\u00e1s de cien personas. Durante julio se han alcanzado los 8.812 demandantes de empleo en la comarca seg\u00fan los datos mensuales ofrecidos por el <a href=\"https:\/\/cadenaser.com\/tag\/comarca_la_marina_baixa\/a\/\" target=\"_blank\" rel=\"noopener\">Servicio Valenciano de Empleo <\/a><a href=\"https:\/\/cadenaser.com\/tag\/comarca_la_marina_baixa\/a\/\" target=\"_blank\" rel=\"noopener\">(LABORA)<\/a>.<\/p>   <p>Son, sin embargo, menos parados que en el mismo mes del a\u00f1o pasado y la cifra es notablemente inferior a las anteriores a la pandemia. Una evoluci\u00f3n positiva a la que desde Comisiones Obreras (CCOO) ponen un pero: el incremento de contratos a tiempo parcial, tendencia creciente desde el mes de marzo. <\/p>   <p><p>M\u00e1s informaci\u00f3n<\/p><ul><li><a href=\"https:\/\/cadenaser.com\/comunitat-valenciana\/2024\/07\/31\/los-hoteles-de-benidorm-lideran-las-reservas-para-agosto-de-toda-la-comunitat-valenciana-radio-benidorm\/\"><span>Los hoteles de Benidorm lideran las reservas para agosto de toda la Comunitat Valenciana<\/span><\/a><\/li><\/ul><\/p>   <p>\u00abEste hecho podr\u00eda repercutir en una bolsa de horas de trabajo no declaradas\u00bb, ha asegurado su secretario de Di\u00e1logo Social en la Comunitat Valenciana Dani Pati\u00f1o, que pide una reforma para reducir el tiempo de la jornada m\u00e1xima y un refuerzo de la inspecci\u00f3n laboral.<\/p>   <p>Para la secretaria general de UGT en las Marinas Yolanda D\u00edaz los \u00faltimos datos no son positivos porque se destruye empleo en todos los sectores, incluido el de los servicios, que provoca un 41 % de ese aumento mensual del paro: \u00abNos sorprende que sea en el motor econ\u00f3mico de la Marina Baixa\u00bb.<\/p>   <p>La hosteler\u00eda s\u00ed tira de la contrataci\u00f3n una vez m\u00e1s<\/p>   <p>En cuanto a la contrataci\u00f3n durante el mes pasado alcanz\u00f3 a 7.666 personas, un millar m\u00e1s que en junio, y de los que m\u00e1s de 7.200 fueron en el sector servicios. El 55 % fueron contratos de car\u00e1cter indefinido.<\/p>   <p>     .c-w{         max-width:444px;         width:100%;         margin:16px auto;      background:#00755E;         border-radius:4px;         display:flex;         align-items:center;         justify-content:center;     }     .c-w a{         display:flex;         align-items:center;         justify-content:center;         padding:4px 24px;     }     .c-w img{         width:24px;         margin-right:12px;     }     .c-w p{         font:18px\/25px Poppins;         text-align:center;         color:#fff;         margin:0;     }     @media (max-width:444px){         .c-w a{             padding:4px 12px;         }         .c-w img{             width:24px;             margin-right:8px;         }         .c-w p{             font:14px\/25px Poppins;         }     }     @media (max-width:335px){         .c-w p{             font:13px\/25px Poppins;         }     }  <div class=\"c-w\">     <a href=\"https:\/\/www.whatsapp.com\/channel\/0029Va633PF9WtC4l7XUzh1e\" target=\"_blank\" rel=\"noopener\">         <img decoding=\"async\" src=\"https:\/\/cadenaser.com\/estaticos\/recursosgraficos\/responsive\/img\/ico-whatsapp.svg\" alt=\"Whatsapp\">         <p>\u00danete al <b>canal de WhatsApp<\/b> de la SER<\/p>     <\/a> <\/div><\/p> ","protected":false},"excerpt":{"rendered":"<p>El desempleo sube en 106 personas y los sindicatos lo atribuyen a los despidos en el sector educativo durante el verano<\/p>\n","protected":false},"author":0,"featured_media":7432,"comment_status":"open","ping_status":"open","sticky":false,"template":"","format":"standard","meta":{"_acf_changed":false,"footnotes":""},"categories":[1],"tags":[],"class_list":["post-7431","post","type-post","status-publish","format-standard","has-post-thumbnail","hentry","category-sin-categoria"],"acf":{"ser_id":"2RTVFJYFUFE2TJOEY2MQ3ZINNM","ser_url":"https:\/\/cadenaser.com\/comunitat-valenciana\/2024\/08\/02\/el-paro-vuelve-a-subir-en-la-marina-baixa-tras-cinco-meses-de-descenso-radio-benidorm\/"},"_links":{"self":[{"href":"https:\/\/serbenidorm.daliisolutions.com\/index.php\/wp-json\/wp\/v2\/posts\/7431","targetHints":{"allow":["GET"]}}],"collection":[{"href":"https:\/\/serbenidorm.daliisolutions.com\/index.php\/wp-json\/wp\/v2\/posts"}],"about":[{"href":"https:\/\/serbenidorm.daliisolutions.com\/index.php\/wp-json\/wp\/v2\/types\/post"}],"replies":[{"embeddable":true,"href":"https:\/\/serbenidorm.daliisolutions.com\/index.php\/wp-json\/wp\/v2\/comments?post=7431"}],"version-history":[{"count":0,"href":"https:\/\/serbenidorm.daliisolutions.com\/index.php\/wp-json\/wp\/v2\/posts\/7431\/revisions"}],"wp:featuredmedia":[{"embeddable":true,"href":"https:\/\/serbenidorm.daliisolutions.com\/index.php\/wp-json\/wp\/v2\/media\/7432"}],"wp:attachment":[{"href":"https:\/\/serbenidorm.daliisolutions.com\/index.php\/wp-json\/wp\/v2\/media?parent=7431"}],"wp:term":[{"taxonomy":"category","embeddable":true,"href":"https:\/\/serbenidorm.daliisolutions.com\/index.php\/wp-json\/wp\/v2\/categories?post=7431"},{"taxonomy":"post_tag","embeddable":true,"href":"https:\/\/serbenidorm.daliisolutions.com\/index.php\/wp-json\/wp\/v2\/tags?post=7431"}],"curies":[{"name":"wp","href":"https:\/\/api.w.org\/{rel}","templated":true}]}}