{"id":7480,"date":"2024-08-05T14:34:30","date_gmt":"2024-08-05T12:34:30","guid":{"rendered":"https:\/\/serbenidorm.daliisolutions.com\/index.php\/2024\/08\/05\/el-club-voleibol-playas-de-benidorm-presenta-sus-equipaciones-para-la-proxima-temporada\/"},"modified":"2024-08-05T14:34:30","modified_gmt":"2024-08-05T12:34:30","slug":"el-club-voleibol-playas-de-benidorm-presenta-sus-equipaciones-para-la-proxima-temporada","status":"publish","type":"post","link":"https:\/\/serbenidorm.daliisolutions.com\/index.php\/2024\/08\/05\/el-club-voleibol-playas-de-benidorm-presenta-sus-equipaciones-para-la-proxima-temporada\/","title":{"rendered":"El Club Voleibol Playas de Benidorm presenta sus equipaciones para la pr\u00f3xima temporada"},"content":{"rendered":"  <p>Benidorm<\/p>   <p>El <a href=\"https:\/\/cadenaser.com\/tag\/club_voleibol_playas_benidorm\/a\/\" target=\"_blank\" rel=\"noopener\">Club Voleibol Playas de Benidorm<\/a> ha presentado esta ma\u00f1ana las equipaciones de sus equipos de Superliga 2 masculina y femenina para la temporada 2024-2025, que arrancar\u00e1, en ambos casos, el pr\u00f3ximo d\u00eda 5 de octubre.<\/p>   <p>Creada por la marca deportiva Emec, la nueva piel de las chicas y chicos de la entidad con sede en el pabell\u00f3n Ra\u00fal Mesa presenta un dise\u00f1o continuista respecto a temporadas anteriores algo que es m\u00e1s evidente en la primera equipaci\u00f3n, que mantiene el color blanco como principal con los ya tradicionales detalles en azul en mangas, pantal\u00f3n y laterales.<\/p>  <p><p>M\u00e1s informaci\u00f3n<\/p><figure><img loading=\"lazy\" decoding=\"async\" src=\"https:\/\/cadenaser.com\/resizer\/v2\/3XU4A7HZ25ELVIWM545PKXLQZ4.jpg?auth=4c9c2e74a96d96f77ddc36797115f5eae3ea163a3f535922121e683d29fefd1f&amp;quality=70&amp;width=360&amp;height=202&amp;smart=true\" width=\"820\" height=\"621\" \/><\/figure><ul><li><a href=\"https:\/\/cadenaser.com\/comunitat-valenciana\/2024\/08\/04\/liliana-fernandez-steiner-brilla-en-su-adios-olimpico-radio-benidorm\/\"><span>Liliana Fern\u00e1ndez Steiner brilla en su adi\u00f3s ol\u00edmpico<\/span><\/a><\/li><\/ul><\/p>   <p>Donde m\u00e1s cambios se pueden apreciar es en la segunda equipaci\u00f3n, que sigue manteniendo el rosa como uno de sus colores, aunque pasa de ser el principal a secundario, dando m\u00e1s protagonismo al morado.<\/p>   <p>Tambi\u00e9n destaca, en el caso del cuadro femenino, el cambio del patrocinador principal del equipo que en la temporada 2024-2025 pasar\u00e1 a ser la cadena hotelera Servigroup, que hereda el espacio predominante en el pecho que antes ocupaba HolaCV y que tambi\u00e9n luce, como en a\u00f1os anteriores, en el pecho de los chicos.<\/p>   <p>Adem\u00e1s, al igual que el a\u00f1o pasado, Radio Benidorm-SER seguir\u00e1 apoyando a los equipos de la Superliga 2 masculina y femenina del Club Voleibol Playas de Benidorm y el logo de esta casa repetir\u00e1 presencia en las camisetas ocupando la manga izquierda de las mismas.<\/p>   <p>     .c-w{         max-width:444px;         width:100%;         margin:16px auto;      background:#00755E;         border-radius:4px;         display:flex;         align-items:center;         justify-content:center;     }     .c-w a{         display:flex;         align-items:center;         justify-content:center;         padding:4px 24px;     }     .c-w img{         width:24px;         margin-right:12px;     }     .c-w p{         font:18px\/25px Poppins;         text-align:center;         color:#fff;         margin:0;     }     @media (max-width:444px){         .c-w a{             padding:4px 12px;         }         .c-w img{             width:24px;             margin-right:8px;         }         .c-w p{             font:14px\/25px Poppins;         }     }     @media (max-width:335px){         .c-w p{             font:13px\/25px Poppins;         }     }  <div class=\"c-w\">     <a href=\"https:\/\/www.whatsapp.com\/channel\/0029Va633PF9WtC4l7XUzh1e\" target=\"_blank\" rel=\"noopener\">         <img decoding=\"async\" src=\"https:\/\/cadenaser.com\/estaticos\/recursosgraficos\/responsive\/img\/ico-whatsapp.svg\" alt=\"Whatsapp\">         <p>\u00danete al <b>canal de WhatsApp<\/b> de la SER<\/p>     <\/a> <\/div><\/p>   <p>Como han destacado los responsables de la entidad, la ropa de competici\u00f3n de la pr\u00f3xima temporada est\u00e1 \u201cdise\u00f1ada para conquistar la Superliga 2 y es mucho m\u00e1s que un uniforme; es el s\u00edmbolo de nuestra determinaci\u00f3n y esp\u00edritu competitivo\u201d.<\/p>   <p>El capit\u00e1n del equipo masculino, Sergio Ram\u00edrez y su hom\u00f3loga femenina, Mar\u00eda Soldevila, han sido los modelos elegidos para estrenar la nueva imagen que dentro de apenas unas semanas lucir\u00e1n el resto de compa\u00f1eros y compa\u00f1eras en los primeros partidos de preparaci\u00f3n de la temporada.<\/p> ","protected":false},"excerpt":{"rendered":"<p>Un a\u00f1o m\u00e1s, Radio Benidorm-SER lucir\u00e1 entre los patrocinadores de los equipos de la entidad del Ra\u00fal Mesa<\/p>\n","protected":false},"author":0,"featured_media":7481,"comment_status":"open","ping_status":"open","sticky":false,"template":"","format":"standard","meta":{"_acf_changed":false,"footnotes":""},"categories":[1],"tags":[],"class_list":["post-7480","post","type-post","status-publish","format-standard","has-post-thumbnail","hentry","category-sin-categoria"],"acf":{"ser_id":"KGMCK4FM7VFVJOKIIXSL36VMFI","ser_url":"https:\/\/cadenaser.com\/comunitat-valenciana\/2024\/08\/05\/el-club-voleibol-playas-de-benidorm-presenta-sus-equipaciones-para-la-proxima-temporada-radio-benidorm\/"},"_links":{"self":[{"href":"https:\/\/serbenidorm.daliisolutions.com\/index.php\/wp-json\/wp\/v2\/posts\/7480","targetHints":{"allow":["GET"]}}],"collection":[{"href":"https:\/\/serbenidorm.daliisolutions.com\/index.php\/wp-json\/wp\/v2\/posts"}],"about":[{"href":"https:\/\/serbenidorm.daliisolutions.com\/index.php\/wp-json\/wp\/v2\/types\/post"}],"replies":[{"embeddable":true,"href":"https:\/\/serbenidorm.daliisolutions.com\/index.php\/wp-json\/wp\/v2\/comments?post=7480"}],"version-history":[{"count":0,"href":"https:\/\/serbenidorm.daliisolutions.com\/index.php\/wp-json\/wp\/v2\/posts\/7480\/revisions"}],"wp:featuredmedia":[{"embeddable":true,"href":"https:\/\/serbenidorm.daliisolutions.com\/index.php\/wp-json\/wp\/v2\/media\/7481"}],"wp:attachment":[{"href":"https:\/\/serbenidorm.daliisolutions.com\/index.php\/wp-json\/wp\/v2\/media?parent=7480"}],"wp:term":[{"taxonomy":"category","embeddable":true,"href":"https:\/\/serbenidorm.daliisolutions.com\/index.php\/wp-json\/wp\/v2\/categories?post=7480"},{"taxonomy":"post_tag","embeddable":true,"href":"https:\/\/serbenidorm.daliisolutions.com\/index.php\/wp-json\/wp\/v2\/tags?post=7480"}],"curies":[{"name":"wp","href":"https:\/\/api.w.org\/{rel}","templated":true}]}}