{"id":7482,"date":"2024-08-05T14:34:31","date_gmt":"2024-08-05T12:34:31","guid":{"rendered":"https:\/\/serbenidorm.daliisolutions.com\/index.php\/2024\/08\/05\/los-bares-y-restaurantes-de-benidorm-empiezan-agosto-facturando-un-10-mas-que-el-verano-pasado\/"},"modified":"2024-08-05T14:34:31","modified_gmt":"2024-08-05T12:34:31","slug":"los-bares-y-restaurantes-de-benidorm-empiezan-agosto-facturando-un-10-mas-que-el-verano-pasado","status":"publish","type":"post","link":"https:\/\/serbenidorm.daliisolutions.com\/index.php\/2024\/08\/05\/los-bares-y-restaurantes-de-benidorm-empiezan-agosto-facturando-un-10-mas-que-el-verano-pasado\/","title":{"rendered":"Los bares y restaurantes de Benidorm empiezan agosto facturando un 10 % m\u00e1s que el verano pasado"},"content":{"rendered":"  <p>Benidorm<\/p>   <p>Basta con dar un paseo por las calles de Benidorm para comprobar que la mayor parte de las terrazas de bares y restaurantes est\u00e1n hasta arriba durante la mayor parte del d\u00eda. <\/p>   <p>En plena temporada alta y <a href=\"https:\/\/cadenaser.com\/comunitat-valenciana\/2024\/08\/04\/el-verano-va-peor-de-lo-previsto-en-la-hosteleria-valenciana-las-ventas-caen-un-20-y-no-se-contrata-mas-personal-radio-valencia\/\" target=\"_blank\" rel=\"noopener\">mientras que a nivel auton\u00f3mico los primeros datos reflejan una t\u00edmida bajada del gasto tur\u00edstico respecto a 2023<\/a>, la gerente de la Asociaci\u00f3n de Bares, Restaurantes y Locales de Ocio de Benidorm (Abreca), Irene Carre\u00f1o, ha asegurado  en <a href=\"https:\/\/cadenaser.com\/tag\/benidorm\/a\/\" target=\"_blank\" rel=\"noopener\">Hoy por Hoy Benidorm<\/a> que aqu\u00ed la realidad es distinta y los turistas est\u00e1n gastando \u201cigual que el a\u00f1o pasado o, incluso, un poco m\u00e1s\u201d. <\/p>   <p>Aunque todav\u00eda no cuentan con datos cerrados y oficiales, Carre\u00f1o considera que ese baj\u00f3n generalizado en el gasto medio en la Comunitat Valenciana \u201cha venido s\u00f3lo porque empezamos el mes de junio muy bien, batiendo los registros del a\u00f1o pasado, que fue de r\u00e9cord; pero la segunda quincena s\u00ed fue un poco extra\u00f1a para lo que estamos acostumbrados ya que, aunque ha habido buenos resultados, no han sido todo lo buenos que se esperaban\u201d.<\/p>   <p>En cualquier caso, la gerente de Abreca es muy optimista de cara al mes vacacional por excelencia ya que \u201cparece ser que agosto va a batir r\u00e9cords con ocupaciones hoteleras de hasta el 90%\u201d, lo que necesariamente se tiene que traducir tambi\u00e9n en muy buenas cifras en la hosteler\u00eda.<\/p>   <p>Leve repunte del negocio<\/p>   <p>Aunque las cifras son evidentes, uno de los comentarios m\u00e1s repetidos en Benidorm y en el resto de la Marina Baixa en lo que llevamos de verano es que, al menos por la sensaci\u00f3n de los vecinos, esta temporada estival son menos los visitantes que han optado por la ciudad como destino.<\/p>   <p>     .c-w{         max-width:444px;         width:100%;         margin:16px auto;      background:#00755E;         border-radius:4px;         display:flex;         align-items:center;         justify-content:center;     }     .c-w a{         display:flex;         align-items:center;         justify-content:center;         padding:4px 24px;     }     .c-w img{         width:24px;         margin-right:12px;     }     .c-w p{         font:18px\/25px Poppins;         text-align:center;         color:#fff;         margin:0;     }     @media (max-width:444px){         .c-w a{             padding:4px 12px;         }         .c-w img{             width:24px;             margin-right:8px;         }         .c-w p{             font:14px\/25px Poppins;         }     }     @media (max-width:335px){         .c-w p{             font:13px\/25px Poppins;         }     }  <div class=\"c-w\">     <a href=\"https:\/\/www.whatsapp.com\/channel\/0029Va633PF9WtC4l7XUzh1e\" target=\"_blank\" rel=\"noopener\">         <img decoding=\"async\" src=\"https:\/\/cadenaser.com\/estaticos\/recursosgraficos\/responsive\/img\/ico-whatsapp.svg\" alt=\"Whatsapp\">         <p>\u00danete al <b>canal de WhatsApp<\/b> de la SER<\/p>     <\/a> <\/div><\/p>  <p><p class=\"tit\"><span>Hoy por Hoy Benidorm (05\/08\/2024)<\/span><\/p> <p class=\"emb\"><iframe loading=\"lazy\" src=\"https:\/\/cadenaser.com\/embed\/audio\/460\/cadenaser_benidorm_hoyporhoybenidorm_20240805_122000_130000\/\" width=\"100%\" height=\"360\" frameborder=\"0\" allowfullscreen><\/iframe><\/p><\/p>   <p>Sin embargo, Carre\u00f1o asegura que \u201cno sabemos si la gente se est\u00e1 repartiendo de manera diferente y por eso hay esa sensaci\u00f3n, porque desde todos los sectores tur\u00edsticos estamos diciendo que los resultados est\u00e1n siendo muy buenos\u201d.<\/p>   <p>Otras de las cuestiones que tambi\u00e9n monopoliza no pocas conversaciones es la de la subida de precios, que muchos califican de importante. Sin embargo, afirma la gerente de Abreca, \u201cen el caso de los restaurantes todav\u00eda no tenemos cifras concretas, pero nuestros asociados nos est\u00e1n trasladando que, mientras el a\u00f1o pasado las subidas de precio fueron m\u00e1s importantes, este a\u00f1o se est\u00e1n manteniendo o han subido muy poco mientras que las cifras de negocio han subido entre un cinco o un diez por ciento\u201d.<\/p>   <p>Menos problemas con la mano de obra<\/p>   <p>Ya en lo que a la capacidad de la hosteler\u00eda benidormense para hacer frente a toda la demanda se refiere, Irene Carre\u00f1o apunta que uno de los grandes problemas de las \u00faltimas temporadas, la falta de mano de obra, ha comenzado a revertirse.<\/p>   <p>En ese sentido, la dirigente de la Asociaci\u00f3n de Bares, Restaurantes y Locales de Ocio de Benidorm asegura que poder cubrir todas las vacantes de empleo que se producen \u201csigue siendo un punto a reforzar, pero parece que este a\u00f1o no ha habido tantas quejas\u201d.<\/p>  <p><p>M\u00e1s informaci\u00f3n<\/p><figure><img loading=\"lazy\" decoding=\"async\" src=\"https:\/\/cadenaser.com\/resizer\/v2\/ZSP4WUVVCBBJZDADNAG52BQU2Q.jpg?auth=322ba0118b974e9f2869c7fc02e1cc7cd72373bd3044a816fd91df6158b4b3f7&amp;quality=70&amp;width=360&amp;height=202&amp;smart=true\" width=\"820\" height=\"621\" \/><\/figure><ul><li><a href=\"https:\/\/cadenaser.com\/comunitat-valenciana\/2024\/08\/02\/el-paro-vuelve-a-subir-en-la-marina-baixa-tras-cinco-meses-de-descenso-radio-benidorm\/\"><span>El paro vuelve a subir en la Marina Baixa tras cinco meses de descenso<\/span><\/a><\/li><\/ul><\/p>   <p>En ese sentido, Carre\u00f1o analiza que \u201cpara hacer frente al turismo que nos viene, que son cifras muy importantes, tenemos que cubrir el personal de los establecimientos, pero este a\u00f1o no ha sido un gran problema\u201d.<\/p>   <p>Entre los motivos que han posibilitado esta situaci\u00f3n, seg\u00fan Carre\u00f1o destacan que \u201cparece que los que han venido buscando trabajo han asumido que alojarse en Benidorm es algo m\u00e1s complicado y lo han hecho en ciudades vecinas. Adem\u00e1s, como parece ser que el transporte entre los municipios ha mejorado, eso ha permitido traer a m\u00e1s empleados\u201d.<\/p>   <p>Todo ello, unido al hecho de que los propios empresarios hosteleros han optado por la contrataci\u00f3n temprana, es decir, no esperar hasta el pico de demanda para reforzar sus plantillas. Tal y como explica Irene Carre\u00f1o, \u201cmuchos empresarios se han ido preparando desde la Semana Santa para lo que ven\u00eda a ser la temporada fuerte de verano\u201d.<\/p>   <p>Algo para lo que, pese a la enorme reticencia inicial mostrada por el sector, parece que ha ayudado mucho la reforma laboral ya que, en el sector, \u201choy en d\u00eda ya nadie comenta nada al respecto porque nos hemos amoldado todos a ello y le hemos visto, incluso, las ventajas\u201d.<\/p>   <p>Terrazas en Levante<\/p>   <p>En una ciudad volcada en el turismo y, m\u00e1s concretamente, en el que tradicionalmente viene a denominarse de \u2018sol y playa\u2019, sorprende encontrarse con la paradoja de que en su arenal m\u00e1s concurrido, el de Levante, no existan terrazas a pie de calle.<\/p>   <p>Es conocido que desde Abreca se viene trabajando desde hace ya tiempo en poder ampliar la capacidad de los locales instalando mesas y sillas en el paseo, algo que Carre\u00f1o confiesa que est\u00e1n deseando poder hacer desde Abreca y que siguen \u201ctrabajando en ello. No nos rendimos ni nos rendiremos\u201d.<\/p>   <p>Para que ese anhelo sea una realidad, zanja la gerente de Abreca, \u201cel Ayuntamiento tiene que apoyar este tema, pero Costas es quien tiene la \u00faltima palabra. Es algo para lo que habr\u00e1 que esperar porque tiene que pasar por muchos controles y estudios y para hacerlo bien hay que hacerlo con todo eso en orden. No va a ser una cuesti\u00f3n de meses: ser\u00e1 algo de un a\u00f1o o dos como mucho\u201d.<\/p> ","protected":false},"excerpt":{"rendered":"<p>A pesar de que la hosteler\u00eda de la Comunitat Valenciana ha visto resentido su volumen de negocio, la de la capital tur\u00edstica espera seguir aument\u00e1ndolo durante el mes de mayor ocupaci\u00f3n<\/p>\n","protected":false},"author":0,"featured_media":7483,"comment_status":"open","ping_status":"open","sticky":false,"template":"","format":"standard","meta":{"_acf_changed":false,"footnotes":""},"categories":[1],"tags":[],"class_list":["post-7482","post","type-post","status-publish","format-standard","has-post-thumbnail","hentry","category-sin-categoria"],"acf":{"ser_id":"WNG2HU4EGZD3FNFCPX365RE234","ser_url":"https:\/\/cadenaser.com\/comunitat-valenciana\/2024\/08\/05\/los-bares-y-restaurantes-de-benidorm-empiezan-agosto-facturando-un-10-mas-que-el-verano-pasado-radio-benidorm\/"},"_links":{"self":[{"href":"https:\/\/serbenidorm.daliisolutions.com\/index.php\/wp-json\/wp\/v2\/posts\/7482","targetHints":{"allow":["GET"]}}],"collection":[{"href":"https:\/\/serbenidorm.daliisolutions.com\/index.php\/wp-json\/wp\/v2\/posts"}],"about":[{"href":"https:\/\/serbenidorm.daliisolutions.com\/index.php\/wp-json\/wp\/v2\/types\/post"}],"replies":[{"embeddable":true,"href":"https:\/\/serbenidorm.daliisolutions.com\/index.php\/wp-json\/wp\/v2\/comments?post=7482"}],"version-history":[{"count":0,"href":"https:\/\/serbenidorm.daliisolutions.com\/index.php\/wp-json\/wp\/v2\/posts\/7482\/revisions"}],"wp:featuredmedia":[{"embeddable":true,"href":"https:\/\/serbenidorm.daliisolutions.com\/index.php\/wp-json\/wp\/v2\/media\/7483"}],"wp:attachment":[{"href":"https:\/\/serbenidorm.daliisolutions.com\/index.php\/wp-json\/wp\/v2\/media?parent=7482"}],"wp:term":[{"taxonomy":"category","embeddable":true,"href":"https:\/\/serbenidorm.daliisolutions.com\/index.php\/wp-json\/wp\/v2\/categories?post=7482"},{"taxonomy":"post_tag","embeddable":true,"href":"https:\/\/serbenidorm.daliisolutions.com\/index.php\/wp-json\/wp\/v2\/tags?post=7482"}],"curies":[{"name":"wp","href":"https:\/\/api.w.org\/{rel}","templated":true}]}}