{"id":7501,"date":"2024-08-06T10:20:21","date_gmt":"2024-08-06T08:20:21","guid":{"rendered":"https:\/\/serbenidorm.daliisolutions.com\/index.php\/2024\/08\/06\/hosbec-denuncia-que-el-nuevo-parte-de-viajeros-de-interior-provocara-un-caos-en-los-hoteles\/"},"modified":"2024-08-06T10:20:21","modified_gmt":"2024-08-06T08:20:21","slug":"hosbec-denuncia-que-el-nuevo-parte-de-viajeros-de-interior-provocara-un-caos-en-los-hoteles","status":"publish","type":"post","link":"https:\/\/serbenidorm.daliisolutions.com\/index.php\/2024\/08\/06\/hosbec-denuncia-que-el-nuevo-parte-de-viajeros-de-interior-provocara-un-caos-en-los-hoteles\/","title":{"rendered":"Hosbec denuncia que el nuevo parte de viajeros de Interior provocar\u00e1 un \u00abcaos\u00bb en los hoteles"},"content":{"rendered":"  <p>Alicante<\/p>   <p>La patronal hotelera de la Comunitat Valenciana Hosbec ha denunciado que el Real Decreto 933\/2021, de 26 de octubre, por el que se establecen las obligaciones de registro documental e informaci\u00f3n de las personas f\u00edsicas o jur\u00eddicas que ejercen actividades de hospedaje y alquiler de veh\u00edculos a motor provocar\u00e1 \u00abun caos\u00bb en el sector.<\/p>   <p>Hosbec ha censurado en un comunicado que la medida se public\u00f3 \u00abcon sorpresa y sin ning\u00fan tipo de consulta previa por parte del Ministerio del Interior\u00bb en octubre de 2021 y, tras dos pr\u00f3rrogas para su entrada en vigor, lo har\u00e1 en octubre de 2024.<\/p>   <p>La patronal hotelera valenciana ha advertido del \u00abposible caos que podr\u00eda generar su aplicaci\u00f3n\u00bb, ya que ha se\u00f1alado que la normativa \u00abimpone nuevos requisitos para el registro de los viajeros que se alojen en establecimientos tur\u00edsticos, as\u00ed como la transmisi\u00f3n de estos datos por medio de una plataforma dise\u00f1ada por el Ministerio del Interior\u00bb.<\/p>   <p>Hosbec ha mostrado su \u00abtotal acuerdo\u00bb con la Confederaci\u00f3n Espa\u00f1ola de Hoteles y Alojamientos Tur\u00edsticos (CEHAT), que apunta que \u00abes incomprensible el empecinamiento de los responsables del Ministerio del Interior, bajo la direcci\u00f3n del ministro Fernando Grande-Marlaska, en provocar un caos para los colaboradores del Ministerio y en generar una amenaza de grandes multas y sanciones a todos los que no act\u00faen bajo unos nuevos par\u00e1metros\u00bb que, a su juicio, \u00abson incumplibles e ilegales, y que provocar\u00e1n la segura p\u00e9rdida de informaci\u00f3n sensible sobre los viajeros y un aumento de responsabilidad sobre datos no comprobables\u00bb.<\/p>   <p>Asimismo, ha lamentado que la medida \u00abampl\u00eda las obligaciones de las empresas a recoger datos que no se limitan a los que aparecen en documentos oficiales\u00bb, entre los que ha citado m\u00e9todos de pago, transacci\u00f3n econ\u00f3mica y datos del contrato, como el domicilio actualizado del cliente, tel\u00e9fono m\u00f3vil o correo electr\u00f3nico del usuario, que \u00abadem\u00e1s solo pueden ser recogidos de forma manual\u00bb.<\/p>   <p>     .c-w{         max-width:444px;         width:100%;         margin:16px auto;      background:#00755E;         border-radius:4px;         display:flex;         align-items:center;         justify-content:center;     }     .c-w a{         display:flex;         align-items:center;         justify-content:center;         padding:4px 24px;     }     .c-w img{         width:24px;         margin-right:12px;     }     .c-w p{         font:18px\/25px Poppins;         text-align:center;         color:#fff;         margin:0;     }     @media (max-width:444px){         .c-w a{             padding:4px 12px;         }         .c-w img{             width:24px;             margin-right:8px;         }         .c-w p{             font:14px\/25px Poppins;         }     }     @media (max-width:335px){         .c-w p{             font:13px\/25px Poppins;         }     }  <div class=\"c-w\">     <a href=\"https:\/\/www.whatsapp.com\/channel\/0029Va633PF9WtC4l7XUzh1e\" target=\"_blank\" rel=\"noopener\">         <img decoding=\"async\" src=\"https:\/\/cadenaser.com\/estaticos\/recursosgraficos\/responsive\/img\/ico-whatsapp.svg\" alt=\"Whatsapp\">         <p>\u00danete al <b>canal de WhatsApp<\/b> de la SER<\/p>     <\/a> <\/div><\/p>   <p>\u00abPara los hoteleros, es imposible recabar y certificar la autenticidad de algunos de estos datos, por lo que esto provocar\u00eda un caos organizativo en las recepciones en perjuicio de los usuarios y contraviniendo flagrantemente las normas de minimizaci\u00f3n de datos de las directivas europeas y su protecci\u00f3n\u00bb, ha sostenido.<\/p>   <p>En la misma l\u00ednea, CEHAT ha a\u00f1adido que \u00abm\u00e1s del 70 por ciento de las empresas de alojamiento son pymes y micropymes que no pueden disponer de la protecci\u00f3n suficiente de ciberseguridad que garantice la protecci\u00f3n efectiva de los datos recogidos\u00bb.<\/p>   <p>Adem\u00e1s, ha apuntado que la Uni\u00f3n Europea ha decidido en julio de 2024 que \u00ablas aerol\u00edneas solo podr\u00e1n recabar datos de forma automatizada, reemplazando los m\u00e9todos manuales, que son a los que obliga este Real Decreto, por la no aparici\u00f3n en documento oficial de muchos de los datos requeridos\u00bb.<\/p>   <p>Ante la entrada en vigor el 1 de octubre de este Real Decreto, CEHAT ha manifestado la necesidad de reunirse nuevamente con el secretario de Estado o el ministro del Interior y ha censurado que no han obtenido respuesta por parte del Ministerio, lo que \u00abha provocado un gran malestar en todo el colectivo y la puesta en marcha de sus servicios jur\u00eddicos para impedir su aplicaci\u00f3n\u00bb.<\/p>   <p>Por otro lado, ha sostenido que \u00abla proliferaci\u00f3n de alquileres tur\u00edsticos legales e ilegales exige al Ministerio poner en marcha medidas realizables y cumplibles, aportando las herramientas a todas las empresas que garanticen la minimizaci\u00f3n de datos la eficiencia en su recogida y env\u00edo y la no obligaci\u00f3n de verificaci\u00f3n fuera de los datos recogidos en documentos oficiales\u00bb, pues considera que de lo contrario \u00abprovocar\u00e1 graves problemas a empresas y a viajeros sin que ello redunde en el aumento de la seguridad del destino tur\u00edstico\u00bb.<\/p> ","protected":false},"excerpt":{"rendered":"<p>La patronal hotelera ha censurado que la medida se public\u00f3 \u00abcon sorpresa y sin ning\u00fan tipo de consulta previa por parte del Ministerio del Interior\u00bb en octubre de 2021 y, tras dos pr\u00f3rrogas para su entrada en vigor, lo har\u00e1 en octubre de 2024<\/p>\n","protected":false},"author":0,"featured_media":7502,"comment_status":"open","ping_status":"open","sticky":false,"template":"","format":"standard","meta":{"_acf_changed":false,"footnotes":""},"categories":[1],"tags":[],"class_list":["post-7501","post","type-post","status-publish","format-standard","has-post-thumbnail","hentry","category-sin-categoria"],"acf":{"ser_id":"XLAHSIIFEFEK3JHQURCCPSPQAY","ser_url":"https:\/\/cadenaser.com\/comunitat-valenciana\/2024\/08\/05\/hosbec-denuncia-que-el-nuevo-parte-de-viajeros-de-interior-provocara-un-caos-en-los-hoteles-radio-alicante\/"},"_links":{"self":[{"href":"https:\/\/serbenidorm.daliisolutions.com\/index.php\/wp-json\/wp\/v2\/posts\/7501","targetHints":{"allow":["GET"]}}],"collection":[{"href":"https:\/\/serbenidorm.daliisolutions.com\/index.php\/wp-json\/wp\/v2\/posts"}],"about":[{"href":"https:\/\/serbenidorm.daliisolutions.com\/index.php\/wp-json\/wp\/v2\/types\/post"}],"replies":[{"embeddable":true,"href":"https:\/\/serbenidorm.daliisolutions.com\/index.php\/wp-json\/wp\/v2\/comments?post=7501"}],"version-history":[{"count":0,"href":"https:\/\/serbenidorm.daliisolutions.com\/index.php\/wp-json\/wp\/v2\/posts\/7501\/revisions"}],"wp:featuredmedia":[{"embeddable":true,"href":"https:\/\/serbenidorm.daliisolutions.com\/index.php\/wp-json\/wp\/v2\/media\/7502"}],"wp:attachment":[{"href":"https:\/\/serbenidorm.daliisolutions.com\/index.php\/wp-json\/wp\/v2\/media?parent=7501"}],"wp:term":[{"taxonomy":"category","embeddable":true,"href":"https:\/\/serbenidorm.daliisolutions.com\/index.php\/wp-json\/wp\/v2\/categories?post=7501"},{"taxonomy":"post_tag","embeddable":true,"href":"https:\/\/serbenidorm.daliisolutions.com\/index.php\/wp-json\/wp\/v2\/tags?post=7501"}],"curies":[{"name":"wp","href":"https:\/\/api.w.org\/{rel}","templated":true}]}}