{"id":7512,"date":"2024-08-06T16:00:07","date_gmt":"2024-08-06T14:00:07","guid":{"rendered":"https:\/\/serbenidorm.daliisolutions.com\/index.php\/2024\/08\/06\/todos-los-partidos-horarios-y-resultados-del-huesitos-la-vila\/"},"modified":"2024-08-06T16:00:07","modified_gmt":"2024-08-06T14:00:07","slug":"todos-los-partidos-horarios-y-resultados-del-huesitos-la-vila","status":"publish","type":"post","link":"https:\/\/serbenidorm.daliisolutions.com\/index.php\/2024\/08\/06\/todos-los-partidos-horarios-y-resultados-del-huesitos-la-vila\/","title":{"rendered":"Todos los partidos, horarios y resultados del Huesitos-La Vila"},"content":{"rendered":"  <p>Benidorm<\/p>   <p>Despu\u00e9s de completar una temporada de ensue\u00f1o haci\u00e9ndose con el ascenso a la <a href=\"https:\/\/cadenaser.com\/tag\/division_honor_rugby\/a\/\" target=\"_blank\" rel=\"noopener\">Divisi\u00f3n de Honor<\/a>, la m\u00e1xima categor\u00eda del rugby espa\u00f1ol, el <a href=\"https:\/\/cadenaser.com\/tag\/club_rugby_la_vila\/a\/\" target=\"_blank\" rel=\"noopener\">Huesitos-La Vila<\/a> afronta en la temporada 2024-2025 un nuevo reto: asentarse entre la \u00e9lite de esta especialidad y, a ser posible, comenzar a plantar los cimientos que permitan al XV del Pantano volver a aspirar alg\u00fan d\u00eda a los grandes t\u00edtulos.<\/p>   <p>Este es su calendario para la temporada 2024-2025:<\/p>   <p><b>Liga Regular<\/b><\/p>   <p><b>J1<\/b> 06\/10\/2024:<b> <\/b>Uni\u00f3 Esportiva Santboiana \u2013 Huesitos La Vila | Horario por definir<\/p>   <p><b>J2 <\/b>13\/10\/2024: Huesitos La Vila \u2013 Alcobendas | Horario por definir<\/p>   <p><b>J3 <\/b>20\/10\/2024: Huesitos La Vila \u2013 Pozuelo | Horario por definir<\/p>   <p>     .c-w{         max-width:444px;         width:100%;         margin:16px auto;      background:#00755E;         border-radius:4px;         display:flex;         align-items:center;         justify-content:center;     }     .c-w a{         display:flex;         align-items:center;         justify-content:center;         padding:4px 24px;     }     .c-w img{         width:24px;         margin-right:12px;     }     .c-w p{         font:18px\/25px Poppins;         text-align:center;         color:#fff;         margin:0;     }     @media (max-width:444px){         .c-w a{             padding:4px 12px;         }         .c-w img{             width:24px;             margin-right:8px;         }         .c-w p{             font:14px\/25px Poppins;         }     }     @media (max-width:335px){         .c-w p{             font:13px\/25px Poppins;         }     }  <div class=\"c-w\">     <a href=\"https:\/\/www.whatsapp.com\/channel\/0029Va633PF9WtC4l7XUzh1e\" target=\"_blank\" rel=\"noopener\">         <img decoding=\"async\" src=\"https:\/\/cadenaser.com\/estaticos\/recursosgraficos\/responsive\/img\/ico-whatsapp.svg\" alt=\"Whatsapp\">         <p>\u00danete al <b>canal de WhatsApp<\/b> de la SER<\/p>     <\/a> <\/div><\/p>   <p><b>J4 <\/b>02\/11\/2024: El Salvador \u2013 Huesitos La Vila | Horario por definir<\/p>   <p><b>J5 <\/b>08\/12\/2024: Huesitos La Vila \u2013 Recoletas Burgos | Horario por definir<\/p>   <p><b>J6 <\/b>15\/12\/2024: Ampo Ordizia \u2013 Huesitos La Vila | Horario por definir<\/p>   <p><b>J7 <\/b>12\/01\/2025: Huesitos La Vila \u2013 Bar\u00e7a | Horario por definir<\/p>   <p><b>J8 <\/b>19\/01\/2025: Les Abelles \u2013 Huesitos La Vila | Horario por definir<\/p>   <p><b>J9 <\/b>25\/01\/2025: Huesitos La Vila \u2013 Complutense Cisneros | Horario por definir<\/p>   <p><b>J10 <\/b>09\/02\/2025: Quesos Entrepinares \u2013 Huesitos La Vila | Horario por definir<\/p>   <p><b>J11 <\/b>15\/02\/2025: Huesitos La Vila \u2013 Real Ciencias | Horario por definir<\/p> ","protected":false},"excerpt":{"rendered":"<p>El XV del Pantano regresa en la temporada 2024-2025 a la m\u00e1xima categor\u00eda del rugby<\/p>\n","protected":false},"author":0,"featured_media":7513,"comment_status":"open","ping_status":"open","sticky":false,"template":"","format":"standard","meta":{"_acf_changed":false,"footnotes":""},"categories":[16],"tags":[],"class_list":["post-7512","post","type-post","status-publish","format-standard","has-post-thumbnail","hentry","category-deportes"],"acf":{"ser_id":"BLE24UYU2BFWVNTUUK5Z643RSM","ser_url":"https:\/\/cadenaser.com\/comunitat-valenciana\/2024\/08\/06\/todos-los-partidos-horarios-y-resultados-del-huesitos-la-vila-radio-benidorm\/"},"_links":{"self":[{"href":"https:\/\/serbenidorm.daliisolutions.com\/index.php\/wp-json\/wp\/v2\/posts\/7512","targetHints":{"allow":["GET"]}}],"collection":[{"href":"https:\/\/serbenidorm.daliisolutions.com\/index.php\/wp-json\/wp\/v2\/posts"}],"about":[{"href":"https:\/\/serbenidorm.daliisolutions.com\/index.php\/wp-json\/wp\/v2\/types\/post"}],"replies":[{"embeddable":true,"href":"https:\/\/serbenidorm.daliisolutions.com\/index.php\/wp-json\/wp\/v2\/comments?post=7512"}],"version-history":[{"count":0,"href":"https:\/\/serbenidorm.daliisolutions.com\/index.php\/wp-json\/wp\/v2\/posts\/7512\/revisions"}],"wp:featuredmedia":[{"embeddable":true,"href":"https:\/\/serbenidorm.daliisolutions.com\/index.php\/wp-json\/wp\/v2\/media\/7513"}],"wp:attachment":[{"href":"https:\/\/serbenidorm.daliisolutions.com\/index.php\/wp-json\/wp\/v2\/media?parent=7512"}],"wp:term":[{"taxonomy":"category","embeddable":true,"href":"https:\/\/serbenidorm.daliisolutions.com\/index.php\/wp-json\/wp\/v2\/categories?post=7512"},{"taxonomy":"post_tag","embeddable":true,"href":"https:\/\/serbenidorm.daliisolutions.com\/index.php\/wp-json\/wp\/v2\/tags?post=7512"}],"curies":[{"name":"wp","href":"https:\/\/api.w.org\/{rel}","templated":true}]}}