{"id":7524,"date":"2024-08-07T10:35:58","date_gmt":"2024-08-07T08:35:58","guid":{"rendered":"https:\/\/serbenidorm.daliisolutions.com\/index.php\/2024\/08\/07\/la-nucia-se-prepara-para-la-coronacion\/"},"modified":"2024-08-07T10:35:58","modified_gmt":"2024-08-07T08:35:58","slug":"la-nucia-se-prepara-para-la-coronacion","status":"publish","type":"post","link":"https:\/\/serbenidorm.daliisolutions.com\/index.php\/2024\/08\/07\/la-nucia-se-prepara-para-la-coronacion\/","title":{"rendered":"La Nuc\u00eda se prepara para la &#8216;Coronaci\u00f3n&#8217;"},"content":{"rendered":"  <p>La Nuc\u00eda<\/p>   <p>Nervios, ilusi\u00f3n, amistad son solo algunas de las sensaciones que desprend\u00eda este martes la nueva corte de honor de La Nuc\u00eda durante su visita a los estudios de <a href=\"https:\/\/cadenaser.com\/tag\/benidorm\/a\/\" target=\"_blank\" rel=\"noopener\">Radio Benidorm<\/a>. Las damas Sof\u00eda Chamorro, Andrea P\u00e9rez, Marta Garc\u00eda, Sof\u00eda Violeta Lino, Adriana Devesa y Antonella Collados acompa\u00f1ar\u00e1n a Andrea Jumilla durante su reinado, el n\u00famero 52 de la localidad.<\/p>   <p>La &#8216;Coronaci\u00f3&#8217; se celebrar\u00e1 este s\u00e1bado 10 de agosto a las 23:30 horas en la pla\u00e7a Major organizada por els Majorals 2024 Penya Els Penjats con la colaboraci\u00f3n de la concejal\u00eda de Fiestas del Ayuntamiento de La Nuc\u00eda y l\u2019Associaci\u00f3 de Penyes La Nucia. <\/p>   <p>La entrada para el p\u00fablico ser\u00e1 libre y gratuita, como han explicado el edil de Eventos Crist\u00f3bal Llorens y el representante de Els Penjats, Ximo Cano, que tambi\u00e9n han recordado la emoci\u00f3n con la que vive el pueblo \u00faltimo acto de trilog\u00eda pre-festera. <a href=\"https:\/\/cadenaser.com\/tag\/la_nucia\/a\/\" target=\"_blank\" rel=\"noopener\">Les Festes d\u2019Agost<i> <\/i>se desarrollar\u00e1n del 14 al 18 de agosto<\/a>.<\/p>   <p>Una &#8216;Coronaci\u00f3&#8217; que ser\u00e1 presentada por Laura Jumilla P\u00e9rez y Mari Fern\u00e1ndez Jumilla,<b> <\/b>hermana y prima de la futura reina 2024 respectivamente. Ambas tambi\u00e9n tienen pasado real nuciero ya que Mari Fern\u00e1ndez fue reina en 2019 y Laura Jumilla, dama de honor en 2019. La familia Jumilla tiene una larga tradici\u00f3n real festera con dos reinas m\u00e1s: M\u00aa Jes\u00fas Jumilla Manzaneda (reina 1997) y Olga Fern\u00e1ndez Jumilla (reina 2016).<\/p> ","protected":false},"excerpt":{"rendered":"<p>Preludio de las Fiestas de Agosto<\/p>\n","protected":false},"author":0,"featured_media":7525,"comment_status":"open","ping_status":"open","sticky":false,"template":"","format":"standard","meta":{"_acf_changed":false,"footnotes":""},"categories":[1],"tags":[],"class_list":["post-7524","post","type-post","status-publish","format-standard","has-post-thumbnail","hentry","category-sin-categoria"],"acf":{"ser_id":"BXYRRFFGPVC6LKU6THVW7IEDQQ","ser_url":"https:\/\/cadenaser.com\/comunitat-valenciana\/2024\/08\/07\/la-nucia-se-prepara-para-la-coronacion-radio-benidorm\/"},"_links":{"self":[{"href":"https:\/\/serbenidorm.daliisolutions.com\/index.php\/wp-json\/wp\/v2\/posts\/7524","targetHints":{"allow":["GET"]}}],"collection":[{"href":"https:\/\/serbenidorm.daliisolutions.com\/index.php\/wp-json\/wp\/v2\/posts"}],"about":[{"href":"https:\/\/serbenidorm.daliisolutions.com\/index.php\/wp-json\/wp\/v2\/types\/post"}],"replies":[{"embeddable":true,"href":"https:\/\/serbenidorm.daliisolutions.com\/index.php\/wp-json\/wp\/v2\/comments?post=7524"}],"version-history":[{"count":0,"href":"https:\/\/serbenidorm.daliisolutions.com\/index.php\/wp-json\/wp\/v2\/posts\/7524\/revisions"}],"wp:featuredmedia":[{"embeddable":true,"href":"https:\/\/serbenidorm.daliisolutions.com\/index.php\/wp-json\/wp\/v2\/media\/7525"}],"wp:attachment":[{"href":"https:\/\/serbenidorm.daliisolutions.com\/index.php\/wp-json\/wp\/v2\/media?parent=7524"}],"wp:term":[{"taxonomy":"category","embeddable":true,"href":"https:\/\/serbenidorm.daliisolutions.com\/index.php\/wp-json\/wp\/v2\/categories?post=7524"},{"taxonomy":"post_tag","embeddable":true,"href":"https:\/\/serbenidorm.daliisolutions.com\/index.php\/wp-json\/wp\/v2\/tags?post=7524"}],"curies":[{"name":"wp","href":"https:\/\/api.w.org\/{rel}","templated":true}]}}