{"id":7567,"date":"2024-08-09T11:12:52","date_gmt":"2024-08-09T09:12:52","guid":{"rendered":"https:\/\/serbenidorm.daliisolutions.com\/index.php\/2024\/08\/09\/guia-para-disfrutar-del-castell-de-lolla-de-altea-transporte-aparcamiento-y-todo-lo-que-necesitas-saber\/"},"modified":"2024-08-09T11:12:52","modified_gmt":"2024-08-09T09:12:52","slug":"guia-para-disfrutar-del-castell-de-lolla-de-altea-transporte-aparcamiento-y-todo-lo-que-necesitas-saber","status":"publish","type":"post","link":"https:\/\/serbenidorm.daliisolutions.com\/index.php\/2024\/08\/09\/guia-para-disfrutar-del-castell-de-lolla-de-altea-transporte-aparcamiento-y-todo-lo-que-necesitas-saber\/","title":{"rendered":"Gu\u00eda para disfrutar del Castell de l&#8217;Olla de Altea: transporte, aparcamiento y todo lo que necesitas saber"},"content":{"rendered":"  <p>Altea<\/p>   <p>La playa de La Olla de Altea se prepara ya para albergar este s\u00e1bado, d\u00eda de San Lloren\u00e7, el mayor espect\u00e1culo piroacu\u00e1tico del Mediterr\u00e1neo. La Cofrad\u00eda del Castell de l\u2019Olla lo tiene ya todo listo para que, a partir de las doce de la noche, se dispare su 36\u00aa edici\u00f3n.<\/p>   <p>La pirotecnia Vulcano ser\u00e1, por segunda vez consecutiva, la encargada del disparo de los 1.500 kilos de p\u00f3lvora que a esta hora flotan ya sobre las cinco tarimas y tres enormes pantalanes que sirve de plataforma de lanzamiento. Todos esos kilos de p\u00f3lvora aseguran que el espect\u00e1culo sea, adem\u00e1s, duradero.<\/p>  <p><figure><img loading=\"lazy\" decoding=\"async\" src=\"https:\/\/cadenaser.com\/resizer\/v2\/U72HOUH2BBA6DM6HCF7VBLRV3U.jpeg?auth=adbef1f46e2c2d187e9261a1d3bf5709a17054e287cb6e64c6fc6e7e4263aa82&amp;quality=70&amp;width=650&amp;height=487&amp;smart=true\" alt=\"A primera hora del viernes se acumula el material necesario para el Castell de l&#039;Olla\" width=\"4\" height=\"3\" \/><figcaption class=\"fc\"><p><span>A primera hora del viernes se acumula el material necesario para el Castell de l&#8217;Olla<\/span><\/p><\/figcaption><\/figure><button class=\"bt-am\">Ampliar<\/button><\/p>   <p><a href=\"https:\/\/cadenaser.com\/tag\/altea\/a\/\" target=\"_blank\" rel=\"noopener\">M\u00e1s o menos media hora, el m\u00e1ximo legal permitido para este tipo de disparos, ser\u00e1 lo que se prolongue un Castell de l\u2019Olla que volver\u00e1 a iluminar la bah\u00eda de Altea<\/a> en lo que el presidente de la Cofrad\u00eda, Jos\u00e9 P\u00e9rez \u2018Picarraco\u2019, siempre califica de \u00abuna pantalla de cine de 500 metros de ancho\u00bb.<\/p>   <p>Informaci\u00f3n para ir y volver<\/p>   <p>Con una expectativa de afluencia de m\u00e1s de 50.000 personas, como cada a\u00f1o tanto la Polic\u00eda Local como la Guardia Civil aconsejan evitar los desplazamientos en coche propio y, en la medida de lo posible, adelantar la llegada a la zona.<\/p>   <p>La Polic\u00eda Local volver\u00e1 a habilitar una zona segura, paralela a la Nacional 332, para poder cubrir caminando la distancia entre el casco urbano de la Villa Blanca y La Olla.<\/p>   <p>     .c-w{         max-width:444px;         width:100%;         margin:16px auto;      background:#00755E;         border-radius:4px;         display:flex;         align-items:center;         justify-content:center;     }     .c-w a{         display:flex;         align-items:center;         justify-content:center;         padding:4px 24px;     }     .c-w img{         width:24px;         margin-right:12px;     }     .c-w p{         font:18px\/25px Poppins;         text-align:center;         color:#fff;         margin:0;     }     @media (max-width:444px){         .c-w a{             padding:4px 12px;         }         .c-w img{             width:24px;             margin-right:8px;         }         .c-w p{             font:14px\/25px Poppins;         }     }     @media (max-width:335px){         .c-w p{             font:13px\/25px Poppins;         }     }  <div class=\"c-w\">     <a href=\"https:\/\/www.whatsapp.com\/channel\/0029Va633PF9WtC4l7XUzh1e\" target=\"_blank\" rel=\"noopener\">         <img decoding=\"async\" src=\"https:\/\/cadenaser.com\/estaticos\/recursosgraficos\/responsive\/img\/ico-whatsapp.svg\" alt=\"Whatsapp\">         <p>\u00danete al <b>canal de WhatsApp<\/b> de la SER<\/p>     <\/a> <\/div><\/p>   <p>Adem\u00e1s, <a href=\"https:\/\/cadenaser.com\/tag\/comarca_la_marina_baixa\/a\/\" target=\"_blank\" rel=\"noopener\">TRAM d\u2019Alacant ha preparado diversos servicios especiales<\/a> para dar respuesta al incremento de demanda que con motivo del espect\u00e1culo pirot\u00e9cnico sufrir\u00e1 su L\u00ednea 9, que une Benidorm con D\u00e9nia.<\/p>   <p>Con este dispositivo, Tram d\u2019Alacant refuerza y prolonga su horario habitual de servicio con circulaciones adicionales \u00fanicamente desde Benidorm hasta el apeadero de la Olla Altea en ambos sentidos.<\/p>   <p>A consecuencia de las obras de modernizaci\u00f3n de la l\u00ednea, Ferrocarrils de la Generalitat ofrecer\u00e1 un servicio alternativo de autob\u00fas entre el apeadero de La Olla y Calp, aunque advierte de que ante las dificultades de tr\u00e1fico previstas desde la tarde a la noche, los autobuses que cubren este tramo pueden sufrir retrasos y funcionar\u00e1n \u00fanicamente en su horario habitual.<\/p>   <p>Para los que, pese a todo, recurran al veh\u00edculo personal, el ayuntamiento de la villa blanca ha dispuesto aparcamiento extra con m\u00e1s de 1.500 plazas<\/p>   <p>Impacto econ\u00f3mico<\/p>   <p>El alcalde alteanense, Diego Zaragoz\u00ed, se ha sumado en <a href=\"https:\/\/cadenaser.com\/tag\/benidorm\/a\/\" target=\"_blank\" rel=\"noopener\">Hoy por Hoy Benidorm<\/a> a las recomendaciones de los cuerpos de seguridad y ha valorado el impacto que este evento tiene en la econom\u00eda y la sociedad locales; aunque resulta imposible valorar el impacto total del Castell de l&#8217;Olla, los hoteles, la hosteler\u00eda y el comercio viven este fin de semana sus mejores d\u00edas del verano.<\/p> ","protected":false},"excerpt":{"rendered":"<p>Los operarios se encuentran ya en ese lugar para ultimar la colocaci\u00f3n de los m\u00e1s de 1.500 kilos de p\u00f3lvora que iluminar\u00e1n la bah\u00eda a las doce en punto de la noche<\/p>\n","protected":false},"author":0,"featured_media":7568,"comment_status":"open","ping_status":"open","sticky":false,"template":"","format":"standard","meta":{"_acf_changed":false,"footnotes":""},"categories":[1],"tags":[],"class_list":["post-7567","post","type-post","status-publish","format-standard","has-post-thumbnail","hentry","category-sin-categoria"],"acf":{"ser_id":"KCNHAVRN4NGERFUQXOBIHC7CFI","ser_url":"https:\/\/cadenaser.com\/comunitat-valenciana\/2024\/08\/09\/guia-para-disfrutar-del-castell-de-lolla-de-altea-transporte-aparcamiento-y-todo-lo-que-necesitas-saber-radio-benidorm\/"},"_links":{"self":[{"href":"https:\/\/serbenidorm.daliisolutions.com\/index.php\/wp-json\/wp\/v2\/posts\/7567","targetHints":{"allow":["GET"]}}],"collection":[{"href":"https:\/\/serbenidorm.daliisolutions.com\/index.php\/wp-json\/wp\/v2\/posts"}],"about":[{"href":"https:\/\/serbenidorm.daliisolutions.com\/index.php\/wp-json\/wp\/v2\/types\/post"}],"replies":[{"embeddable":true,"href":"https:\/\/serbenidorm.daliisolutions.com\/index.php\/wp-json\/wp\/v2\/comments?post=7567"}],"version-history":[{"count":0,"href":"https:\/\/serbenidorm.daliisolutions.com\/index.php\/wp-json\/wp\/v2\/posts\/7567\/revisions"}],"wp:featuredmedia":[{"embeddable":true,"href":"https:\/\/serbenidorm.daliisolutions.com\/index.php\/wp-json\/wp\/v2\/media\/7568"}],"wp:attachment":[{"href":"https:\/\/serbenidorm.daliisolutions.com\/index.php\/wp-json\/wp\/v2\/media?parent=7567"}],"wp:term":[{"taxonomy":"category","embeddable":true,"href":"https:\/\/serbenidorm.daliisolutions.com\/index.php\/wp-json\/wp\/v2\/categories?post=7567"},{"taxonomy":"post_tag","embeddable":true,"href":"https:\/\/serbenidorm.daliisolutions.com\/index.php\/wp-json\/wp\/v2\/tags?post=7567"}],"curies":[{"name":"wp","href":"https:\/\/api.w.org\/{rel}","templated":true}]}}