{"id":7601,"date":"2024-08-12T08:44:28","date_gmt":"2024-08-12T06:44:28","guid":{"rendered":"https:\/\/serbenidorm.daliisolutions.com\/index.php\/2024\/08\/12\/una-dana-podria-dejar-tormentas-fuertes-durante-el-puente-de-agosto-en-la-comunitat-valenciana\/"},"modified":"2024-08-12T08:44:28","modified_gmt":"2024-08-12T06:44:28","slug":"una-dana-podria-dejar-tormentas-fuertes-durante-el-puente-de-agosto-en-la-comunitat-valenciana","status":"publish","type":"post","link":"https:\/\/serbenidorm.daliisolutions.com\/index.php\/2024\/08\/12\/una-dana-podria-dejar-tormentas-fuertes-durante-el-puente-de-agosto-en-la-comunitat-valenciana\/","title":{"rendered":"Una DANA podr\u00eda dejar tormentas fuertes durante el puente de agosto en la Comunitat Valenciana"},"content":{"rendered":"  <p>Val\u00e8ncia<\/p>   <p>El <a href=\"https:\/\/cadenaser.com\/comunitat-valenciana\/2024\/08\/10\/la-catedral-de-valencia-recupera-el-misterio-de-la-asuncion-de-la-virgen-tras-mas-de-400-anos-sin-celebrarse-radio-valencia\/\" target=\"_blank\" rel=\"noopener\">puente de la Asunci\u00f3n de la Virgen<\/a>, que comprende desde los d\u00edas 15 al 19 de agosto, podr\u00eda presentar un tiempo inestable en la Comunitat Valenciana, con lluvias y una bajada significativa de los term\u00f3metros. Seg\u00fan las predicciones de la Agencia Estatal de Meteorolog\u00eda (Aemet), el descenso de temperaturas y la probabilidad de lluvia depender\u00e1 del comportamiento de la DANA, que se situar\u00e1 en la zona del Mediterr\u00e1neo el d\u00eda anterior, es decir, el mi\u00e9rcoles 14 de agosto.<\/p>   <p>Aunque lo m\u00e1s probable es que la DANA se absorba en la circulaci\u00f3n, la Aemet no descarta que este fen\u00f3meno meteorol\u00f3gico desestabilice la mitad nordeste peninsular y Baleares, con chubascos y tormentas fuertes, que se podr\u00edan extender hacia el sudeste de la Pen\u00ednsula, esto es, la Comunitat Valenciana. Por otra parte, en el resto del pa\u00eds, se prev\u00e9 para el <a href=\"https:\/\/cadenaser.com\/nacional\/2023\/08\/14\/donde-y-por-que-es-festivo-el-15-de-agosto-las-comunidades-que-disfrutan-de-la-fiesta-de-la-asuncion-de-la-virgen-cadena-ser\/\" target=\"_blank\" rel=\"noopener\">jueves 15 de agosto, d\u00eda en el que se inicia el puente de la Asunci\u00f3n de la Virgen<\/a>, un tiempo estable con cielos poco nubosos o despejados. En cuanto a los term\u00f3metros, la Aemet predice para el viernes 16 de agosto un descenso de las temperaturas en las zonas de Albor\u00e1n y sudeste peninsular.<\/p>   <p>En ese sentido, la situaci\u00f3n de inestabilidad meteorol\u00f3gica, que ser\u00e1 m\u00e1s intensa en Baleares, puesto que habr\u00e1n chubascos y tormentas fuertes de madrugada, afectar\u00e1 a la Comunitat Valenciana. No se descartan lluvias locales en las provincias de Valencia, Alicante y Castell\u00f3 entre los d\u00edas 15 y 16 de agosto, as\u00ed como un descenso significativo de las temperaturas, fundamentalmente las m\u00e1ximas.<\/p>  <p><figure><img loading=\"lazy\" decoding=\"async\" src=\"https:\/\/cadenaser.com\/resizer\/v2\/U6PDVLBCERCBJFXCIEI46CRJNU.jpg?auth=637e60589a877700d8f2c0e2b1be5b3a81672837734e8bef6a6239ac0c48cddb&amp;quality=70&amp;width=360&amp;height=202&amp;smart=true\" alt=\"Se avecina otro verano muy c\u00e1lido, aunque AEMET no se atreve a vaticinar si tanto como los dos anteriores\" width=\"240\" height=\"135\" \/><\/figure><div><a href=\"https:\/\/cadenaser.com\/comunitat-valenciana\/2024\/06\/19\/se-avecina-otro-verano-muy-calido-aunque-aemet-no-se-atreve-a-vaticinar-si-tanto-como-los-dos-anteriores-radio-valencia\/\">Se avecina otro verano muy c\u00e1lido, aunque AEMET no se atreve a vaticinar si tanto como los dos anteriores<\/a><p><\/p><\/div><\/p>   <p>Municipios valencianos con las temperaturas m\u00e1s altas este puente de Agosto<\/p>   <p>Y es que, seg\u00fan las predicciones de la Aemet, los term\u00f3metros no superar\u00e1n los 29 grados en las tres capitales y la temperatura m\u00ednima oscilar\u00e1 entre los 21 y 23 grados. En la provincia de Valencia, los puntos m\u00e1s calientes se encontrar\u00e1n en la capital y los municipios de Sagunto y Ademuz, puesto que all\u00ed las m\u00e1ximas alcanzar\u00e1n los 29 grados.<\/p>  <p><figure><img loading=\"lazy\" decoding=\"async\" src=\"https:\/\/cadenaser.com\/resizer\/v2\/LVQ7EXC6OWWWUTTGLEICY4Q4JU.jpg?auth=1a2cb1c6aa4710b12b5e9f9f317a2e015922c5451e817d72c79bd148c4f235ca&amp;quality=70&amp;width=360&amp;height=202&amp;smart=true\" alt=\"La temperatura del agua del Mediterr\u00e1neo llega ya a los 28 grados y puede alcanzar los 30 en agosto\" width=\"240\" height=\"135\" \/><\/figure><div><a href=\"https:\/\/cadenaser.com\/comunitat-valenciana\/2023\/07\/18\/la-temperatura-del-agua-del-mediterraneo-llega-ya-a-los-28-grados-y-puede-alcanzar-los-30-en-agosto-radio-alicante\/\">La temperatura del agua del Mediterr\u00e1neo llega ya a los 28 grados y puede alcanzar los 30 en agosto<\/a><p><\/p><\/div><\/p>   <p>Respecto a la provincia de Alicante, la temperatura m\u00e1xima m\u00e1s elevada se dar\u00e1 en la localidad de Orihuela, donde los term\u00f3metros superar\u00e1n los 30 grados. De esta manera, se esperan tormentas especialmente fuertes en puntos de las comarcas de la Marina Baixa (Benidorm) y Marina Alta (D\u00e9nia y Calp).<\/p>   <p>     .c-w{         max-width:444px;         width:100%;         margin:16px auto;      background:#00755E;         border-radius:4px;         display:flex;         align-items:center;         justify-content:center;     }     .c-w a{         display:flex;         align-items:center;         justify-content:center;         padding:4px 24px;     }     .c-w img{         width:24px;         margin-right:12px;     }     .c-w p{         font:18px\/25px Poppins;         text-align:center;         color:#fff;         margin:0;     }     @media (max-width:444px){         .c-w a{             padding:4px 12px;         }         .c-w img{             width:24px;             margin-right:8px;         }         .c-w p{             font:14px\/25px Poppins;         }     }     @media (max-width:335px){         .c-w p{             font:13px\/25px Poppins;         }     }  <div class=\"c-w\">     <a href=\"https:\/\/www.whatsapp.com\/channel\/0029Va633PF9WtC4l7XUzh1e\" target=\"_blank\" rel=\"noopener\">         <img decoding=\"async\" src=\"https:\/\/cadenaser.com\/estaticos\/recursosgraficos\/responsive\/img\/ico-whatsapp.svg\" alt=\"Whatsapp\">         <p>\u00danete al <b>canal de WhatsApp<\/b> de la SER<\/p>     <\/a> <\/div><\/p>   <p>Por \u00faltimo, en Castell\u00f3, la ciudad de Castell\u00f3n de la Plana y Onda ser\u00e1n los dos puntos de la provincia con las m\u00e1ximas m\u00e1s elevadas, ya que los term\u00f3metros indican para el puente de Agosto que se superar\u00e1n los 30 grados. Por otra parte, en Montanejos, se prev\u00e9n chubascos y tormentas fuertes.<\/p>   <p>\u00bfQu\u00e9 es una DANA?<\/p>   <p>Una DANA (Depresi\u00f3n Aislada en Niveles Altos) es un sistema de baja presi\u00f3n o depresi\u00f3n en los niveles altos de la atm\u00f3sfera, que se ha separado totalmente de la circulaci\u00f3n general de la atm\u00f3sfera. Normalmente, aparecen en el hemisferio norte, aisladas al sur del flujo zonal establecido en altura.<\/p>   <p>Estas depresiones en niveles altos pueden permanecer separadas de la circulaci\u00f3n general durante d\u00edas y presentan trayectorias err\u00e1ticas, pudiendo llegar a ser retr\u00f3gradas, con movimiento de este a oeste.<\/p>   <p>La DANA resulta potencialmente peligrosa a finales del verano y el oto\u00f1o en la zona Mediterr\u00e1nea, cuando la temperatura superficial del agua del mar es elevada, lo que favorece mayores desarrollos nubosos, al mismo tiempo que puede dar lugar a lluvias m\u00e1s fuertes y, en ocasiones, provocan inundaciones.<\/p>  <p><p class=\"tit\"><span>No eres t\u00fa, son los cambios estacionales: as\u00ed afectan los fen\u00f3menos meteorol\u00f3gicos a tu \u00e1nimo y tus relaciones<\/span><\/p> <p class=\"emb\"><iframe loading=\"lazy\" src=\"https:\/\/cadenaser.com\/embed\/audio\/460\/1676053002580\/\" width=\"100%\" height=\"360\" frameborder=\"0\" allowfullscreen><\/iframe><\/p><\/p>   <p><i>Sigue toda la \u00faltima hora en el canal de Whatsapp de Radio Valencia: <\/i><a href=\"https:\/\/eur01.safelinks.protection.outlook.com\/?url=https%3A%2F%2Fwhatsapp.com%2Fchannel%2F0029VaHjyqSFHWq2Q3iHB33R&amp;data=05%7C02%7Cppicher%40formacion.prisaradio.com%7C02ea95022c714975f8a308dc815e6812%7Cc4fd49f3e15a44d882e2c909735d2e45%7C0%7C0%7C638527489700929887%7CUnknown%7CTWFpbGZsb3d8eyJWIjoiMC4wLjAwMDAiLCJQIjoiV2luMzIiLCJBTiI6Ik1haWwiLCJXVCI6Mn0%3D%7C0%7C%7C%7C&amp;sdata=XyqoHCLYGhCGbDORhpLf2pamN5Pu4CtV4s%2BxxPpw3j4%3D&amp;reserved=0\" rel=\"nofollow noopener\" target=\"_blank\"><i>haz clic aqu\u00ed y suscr\u00edbete<\/i><\/a><i> para recibir toda la informaci\u00f3n y la actualidad del d\u00eda en tu m\u00f3vil.<\/i><\/p> ","protected":false},"excerpt":{"rendered":"<p>Aemet predice un tiempo inestable del 15 al 19 de agosto, con m\u00e1ximas en descenso y alg\u00fan chubasco en el sudeste peninsular <\/p>\n","protected":false},"author":0,"featured_media":7602,"comment_status":"open","ping_status":"open","sticky":false,"template":"","format":"standard","meta":{"_acf_changed":false,"footnotes":""},"categories":[1],"tags":[],"class_list":["post-7601","post","type-post","status-publish","format-standard","has-post-thumbnail","hentry","category-sin-categoria"],"acf":{"ser_id":"2ZEAYDIUOZC2JJ635H2HLYH3SI","ser_url":"https:\/\/cadenaser.com\/comunitat-valenciana\/2024\/08\/11\/una-dana-podria-dejar-tormentas-fuertes-durante-el-puente-de-agosto-en-la-comunitat-valenciana-radio-valencia\/"},"_links":{"self":[{"href":"https:\/\/serbenidorm.daliisolutions.com\/index.php\/wp-json\/wp\/v2\/posts\/7601","targetHints":{"allow":["GET"]}}],"collection":[{"href":"https:\/\/serbenidorm.daliisolutions.com\/index.php\/wp-json\/wp\/v2\/posts"}],"about":[{"href":"https:\/\/serbenidorm.daliisolutions.com\/index.php\/wp-json\/wp\/v2\/types\/post"}],"replies":[{"embeddable":true,"href":"https:\/\/serbenidorm.daliisolutions.com\/index.php\/wp-json\/wp\/v2\/comments?post=7601"}],"version-history":[{"count":0,"href":"https:\/\/serbenidorm.daliisolutions.com\/index.php\/wp-json\/wp\/v2\/posts\/7601\/revisions"}],"wp:featuredmedia":[{"embeddable":true,"href":"https:\/\/serbenidorm.daliisolutions.com\/index.php\/wp-json\/wp\/v2\/media\/7602"}],"wp:attachment":[{"href":"https:\/\/serbenidorm.daliisolutions.com\/index.php\/wp-json\/wp\/v2\/media?parent=7601"}],"wp:term":[{"taxonomy":"category","embeddable":true,"href":"https:\/\/serbenidorm.daliisolutions.com\/index.php\/wp-json\/wp\/v2\/categories?post=7601"},{"taxonomy":"post_tag","embeddable":true,"href":"https:\/\/serbenidorm.daliisolutions.com\/index.php\/wp-json\/wp\/v2\/tags?post=7601"}],"curies":[{"name":"wp","href":"https:\/\/api.w.org\/{rel}","templated":true}]}}