{"id":7603,"date":"2024-08-12T08:44:30","date_gmt":"2024-08-12T06:44:30","guid":{"rendered":"https:\/\/serbenidorm.daliisolutions.com\/index.php\/2024\/08\/12\/detenida-en-benidorm-una-fugitiva-buscada-por-la-interpol-por-delitos-de-terrorismo\/"},"modified":"2024-08-12T08:44:30","modified_gmt":"2024-08-12T06:44:30","slug":"detenida-en-benidorm-una-fugitiva-buscada-por-la-interpol-por-delitos-de-terrorismo","status":"publish","type":"post","link":"https:\/\/serbenidorm.daliisolutions.com\/index.php\/2024\/08\/12\/detenida-en-benidorm-una-fugitiva-buscada-por-la-interpol-por-delitos-de-terrorismo\/","title":{"rendered":"Detenida en Benidorm una fugitiva buscada por la Interpol por delitos de terrorismo"},"content":{"rendered":"  <p>Alicante<\/p>   <p>Agentes de la Polic\u00eda Nacional han detenido en Benidorm a una fugitiva, originaria de Turqu\u00eda y nacionalizada belga, sobre la que pesaba una Orden Internacional de Detenci\u00f3n para Extradici\u00f3n emitida por Interpol desde 2019 por ser miembro de una organizaci\u00f3n terrorista armada.<\/p>   <p>A la detenida se le acusa de ser miembro de la organizaci\u00f3n del Partido de los Trabajadores del Kurdist\u00e1n (PKK), considerada terrorista por la Uni\u00f3n Europea, y se enfrenta a seis a\u00f1os y tres meses de prisi\u00f3n, seg\u00fan ha informado la Polic\u00eda Nacional.<\/p>   <p><div><a href=\"https:\/\/cadenaser.com\/comunitat-valenciana\/2024\/06\/07\/el-presunto-yihadista-detenido-en-teulada-por-difundia-propaganda-pro-daesh-radio-denia\/\">El presunto Yihadista detenido en Teulada difund\u00eda propaganda pro-DAESH<\/a><p><\/p><\/div><\/p>   <p>La mujer, que era estudiante universitaria cuando se emiti\u00f3 la orden internacional de detenci\u00f3n, abandon\u00f3 su pa\u00eds en 1997 y viaj\u00f3 hasta Ruman\u00eda para participar en la organizaci\u00f3n terrorista del PKK. Posteriormente, se traslad\u00f3 a Bulgaria y Grecia para participar en formaciones militares y pol\u00edticas y, tras abandonar este \u00faltimo pa\u00eds, se dirigi\u00f3 a Siria donde particip\u00f3 en la organizaci\u00f3n terrorista.<\/p>   <p>La mujer, indican las mismas fuentes, fue localizada y detenida en un hotel de la localidad de Benidorm. La fugitiva, de nacionalidad turca, de 49 a\u00f1os de edad, fue puesta a disposici\u00f3n del Juzgado de Instrucci\u00f3n de guardia de la localidad de Benidorm, quien, a instancias de la Audiencia Nacional, const\u00f3 que deb\u00eda ser o\u00edda por videoconferencia, decretando extradici\u00f3n a Turqu\u00eda para su inmediato ingreso en prisi\u00f3n.<\/p> ","protected":false},"excerpt":{"rendered":"<p>Se le acusa de ser miembro de la organizaci\u00f3n del Partido de los Trabajadores del Kurdist\u00e1n (PKK), considerada terrorista por la Uni\u00f3n Europea, y se enfrenta a seis a\u00f1os y tres meses de prisi\u00f3n<\/p>\n","protected":false},"author":0,"featured_media":7604,"comment_status":"open","ping_status":"open","sticky":false,"template":"","format":"standard","meta":{"_acf_changed":false,"footnotes":""},"categories":[1],"tags":[],"class_list":["post-7603","post","type-post","status-publish","format-standard","has-post-thumbnail","hentry","category-sin-categoria"],"acf":{"ser_id":"EZWAVDX4O5GJZECIGEJZ3YCDUY","ser_url":"https:\/\/cadenaser.com\/comunitat-valenciana\/2024\/08\/11\/detenida-en-benidorm-una-fugitiva-buscada-por-la-interpol-por-delitos-de-terrorismo-radio-alicante\/"},"_links":{"self":[{"href":"https:\/\/serbenidorm.daliisolutions.com\/index.php\/wp-json\/wp\/v2\/posts\/7603","targetHints":{"allow":["GET"]}}],"collection":[{"href":"https:\/\/serbenidorm.daliisolutions.com\/index.php\/wp-json\/wp\/v2\/posts"}],"about":[{"href":"https:\/\/serbenidorm.daliisolutions.com\/index.php\/wp-json\/wp\/v2\/types\/post"}],"replies":[{"embeddable":true,"href":"https:\/\/serbenidorm.daliisolutions.com\/index.php\/wp-json\/wp\/v2\/comments?post=7603"}],"version-history":[{"count":0,"href":"https:\/\/serbenidorm.daliisolutions.com\/index.php\/wp-json\/wp\/v2\/posts\/7603\/revisions"}],"wp:featuredmedia":[{"embeddable":true,"href":"https:\/\/serbenidorm.daliisolutions.com\/index.php\/wp-json\/wp\/v2\/media\/7604"}],"wp:attachment":[{"href":"https:\/\/serbenidorm.daliisolutions.com\/index.php\/wp-json\/wp\/v2\/media?parent=7603"}],"wp:term":[{"taxonomy":"category","embeddable":true,"href":"https:\/\/serbenidorm.daliisolutions.com\/index.php\/wp-json\/wp\/v2\/categories?post=7603"},{"taxonomy":"post_tag","embeddable":true,"href":"https:\/\/serbenidorm.daliisolutions.com\/index.php\/wp-json\/wp\/v2\/tags?post=7603"}],"curies":[{"name":"wp","href":"https:\/\/api.w.org\/{rel}","templated":true}]}}