{"id":7621,"date":"2024-08-13T07:24:12","date_gmt":"2024-08-13T05:24:12","guid":{"rendered":"https:\/\/serbenidorm.daliisolutions.com\/index.php\/2024\/08\/13\/los-jovenes-de-la-comunitat-valenciana-necesitan-destinar-el-88-de-su-salario-para-independizarse-en-solitario\/"},"modified":"2024-08-13T07:24:12","modified_gmt":"2024-08-13T05:24:12","slug":"los-jovenes-de-la-comunitat-valenciana-necesitan-destinar-el-88-de-su-salario-para-independizarse-en-solitario","status":"publish","type":"post","link":"https:\/\/serbenidorm.daliisolutions.com\/index.php\/2024\/08\/13\/los-jovenes-de-la-comunitat-valenciana-necesitan-destinar-el-88-de-su-salario-para-independizarse-en-solitario\/","title":{"rendered":"Los j\u00f3venes de la Comunitat Valenciana necesitan destinar el 88% de su salario para independizarse en solitario"},"content":{"rendered":"  <p>Alicante<\/p>   <p>La precariedad laboral, los bajos salarios, las dificultades para la emancipaci\u00f3n, la soledad o el acceso a los servicios de salud mental centran las principales preocupaciones de los j\u00f3venes alicantinos en este 12 de agosto, D\u00eda Internacional de la Juventud. <\/p>   <p>Los j\u00f3venes consideran pr\u00e1cticamente imposible poder ser due\u00f1os de una vivienda en propiedad, a pesar de contar con buenos sueldos, o la dificultad de emanciparse del hogar familiar antes los 30 a\u00f1os. <\/p>   <p><p>M\u00e1s informaci\u00f3n<\/p><ul><li><a href=\"https:\/\/cadenaser.com\/comunitat-valenciana\/2024\/01\/18\/el-consell-de-la-joventut-alerta-de-que-la-falta-de-proyecto-vital-de-los-jovenes-pasa-factura-en-su-salud-mental-radio-alicante\/\"><span>El Consell de la Joventut alerta de que la \u00abfalta de proyecto\u00bb vital de los j\u00f3venes \u00abpasa factura\u00bb en su salud mental <\/span><\/a><\/li><li><a href=\"https:\/\/cadenaser.com\/comunitat-valenciana\/2024\/05\/10\/ruben-perez-queremos-que-la-voz-de-los-jovenes-en-este-pais-sea-escuchada-y-si-podemos-trabajar-a-los-16-anos-que-podamos-tambien-votar-radio-alicante\/\"><span>Rub\u00e9n P\u00e9rez: \u00abQueremos que la voz de los j\u00f3venes en este pa\u00eds sea escuchada y, si podemos trabajar a los 16 a\u00f1os, que tambi\u00e9n podamos votar\u00bb <\/span><\/a><\/li><li><a href=\"https:\/\/cadenaser.com\/comunitat-valenciana\/2024\/07\/01\/a-los-jovenes-de-alicante-les-pilla-desprevenidos-el-fin-de-la-gratuidad-de-los-autobuses-rojos-radio-alicante\/\"><span>A los j\u00f3venes de Alicante les pilla desprevenidos el fin de la gratuidad de los autobuses rojos<\/span><\/a><\/li><\/ul><\/p>   <p>Desde el Consell Valenci\u00e0 de la Joventut insisten en que esta legislatura debe ser la de la vivienda y la emancipaci\u00f3n\u00a0joven ya que los datos  en este sentido son \u00abalarmantes\u00bb. Es por ello que reclaman un  Plan de Vivienda Joven que regule los precios del alquiler.<\/p>   <p>Seg\u00fan los \u00faltimas\u00a0cifras que ha presentado esta ma\u00f1ana el Consejo de  la Juventud de Espa\u00f1a del Observatorio de Emancipaci\u00f3n,\u00a0correspondientes al  segundo semestre de 2023, la tasa de emancipaci\u00f3n en la Comunitat Valenciana se  sit\u00faa en el 16,5%, medio punto menos que la media estatal, aunque un punto y  medio superior a la cifra alcanzada un a\u00f1o antes.<\/p>   <p>\u00c1lvar L\u00f3pez de Medina, presidente del Consell Valenci\u00e0 de la Joventut,  explica que \u00abmirando en una trayectoria hist\u00f3rica es el porcentaje de personas  j\u00f3venes emancipadas m\u00e1s alto desde el 2020\u00bb. Otro de los datos que destaca es  que las mujeres se emancipan mucho m\u00e1s que los hombres, con una diferencia de 10  puntos porcentuales.<\/p>   <p>     .c-w{         max-width:444px;         width:100%;         margin:16px auto;      background:#00755E;         border-radius:4px;         display:flex;         align-items:center;         justify-content:center;     }     .c-w a{         display:flex;         align-items:center;         justify-content:center;         padding:4px 24px;     }     .c-w img{         width:24px;         margin-right:12px;     }     .c-w p{         font:18px\/25px Poppins;         text-align:center;         color:#fff;         margin:0;     }     @media (max-width:444px){         .c-w a{             padding:4px 12px;         }         .c-w img{             width:24px;             margin-right:8px;         }         .c-w p{             font:14px\/25px Poppins;         }     }     @media (max-width:335px){         .c-w p{             font:13px\/25px Poppins;         }     }  <div class=\"c-w\">     <a href=\"https:\/\/www.whatsapp.com\/channel\/0029Va633PF9WtC4l7XUzh1e\" target=\"_blank\" rel=\"noopener\">         <img decoding=\"async\" src=\"https:\/\/cadenaser.com\/estaticos\/recursosgraficos\/responsive\/img\/ico-whatsapp.svg\" alt=\"Whatsapp\">         <p>\u00danete al <b>canal de WhatsApp<\/b> de la SER<\/p>     <\/a> <\/div><\/p>   <p>Por otro lado, se\u00f1ala que la tasa de ocupaci\u00f3n joven ha subido 2,5 puntos y  la de paro juvenil ha bajado 4,2 puntos en una variaci\u00f3n interanual. La tasa de  temporalidad ha bajado 6,3 puntos respecto al 2022.<\/p>   <p>Pese a ello, los salarios de los j\u00f3venes en la Comunitat son \u00abmas bajos\u00bb que  en el resto de Espa\u00f1a, y el suelo\u00a0medio neto apenas supera los 11.000 euros.  Esto supone que un joven de la Comunitat debe destinar el 87,9% de su sueldo  para alquilarse un piso en solitario. Mientras tanto, si un joven de la Comunitat opta por compartir una vivienda, la renta media de una habitaci\u00f3n es del del 38,1% en la provincia de Alicante.<\/p>  <p><p class=\"tit\"><span>\u00c1lvar L\u00f3pez de Medina, presidencia del Consell Valenci\u00e0 de la Joventut: \u00abLa tasa de emancipaci\u00f3n en la Comunitat Valenciana se sit\u00faa en el 16,5%\u00bb<\/span><\/p> <p class=\"emb\"><iframe loading=\"lazy\" src=\"https:\/\/cadenaser.com\/embed\/audio\/460\/1723472465856\/\" width=\"100%\" height=\"360\" frameborder=\"0\" allowfullscreen><\/iframe><\/p><\/p>   <p>Adem\u00e1s, reclama la continuidad del bono j\u00f3ven de alquiler, ampliando la partida  presupuestaria y aplicando pol\u00edticas de \u00abcerteza\u00bb para saber cu\u00e1nto,\u00a0cu\u00e1ndo y  con qu\u00e9 temporalidad se va a cobrar. Adem\u00e1s de ello, asegura L\u00f3pez de Medina, se debe realizar una regulaci\u00f3n del precio de los alquileres en zonas tensionadas. Tambi\u00e9n,\u00a0impulsar un plan valenciano de alquiler j\u00f3ven para acabar con los  problemas de los j\u00f3venes para emanciparse. <\/p>   <p>Alicante celebra el D\u00eda de la Juventud<\/p>   <p>El Ayuntamiento de Alicante ha conmemorado el D\u00eda Internacional de la Juventud con un acto celebrado en el Sal\u00f3n Azul del edificio municipal. El evento ha contado con actuaciones de canto, danza y m\u00fasica en vivo, as\u00ed como con las intervenciones de los presidentes de distintas entidades juveniles de la provincia.<\/p>  <p><figure><img loading=\"lazy\" decoding=\"async\" src=\"https:\/\/cadenaser.com\/resizer\/v2\/SM3O6FXQLJB55A6BAKVJLL2O4I.jpeg?auth=f41053ac61a9f803d673df6b849297efb2b2251e5838827d942fcd9513b7c785&amp;quality=70&amp;width=650&amp;height=487&amp;smart=true\" alt=\"Acto institucional celebrado en el Sal\u00f3n Azul del Ayuntamiento de Alicante con motivo del D\u00eda Internacional de la Juventud\" width=\"4\" height=\"3\" \/><figcaption class=\"fc\"><p><span>Acto institucional celebrado en el Sal\u00f3n Azul del Ayuntamiento de Alicante con motivo del D\u00eda Internacional de la Juventud<\/span><\/p><\/figcaption><\/figure><button class=\"bt-am\">Ampliar<\/button><\/p>   <p>La conclusi\u00f3n de las intervenciones ha sido clara: \u00abLos j\u00f3venes no son solo el futuro, sino tambi\u00e9n una parte activa del presente que necesita reconocimiento y pol\u00edticas sociales\u00bb. Lo defend\u00eda el presidente del Consejo de Estudiantes de la Universidad de Alicante, Alber Mart\u00ednez, que ha dado paso al discurso de Alfonso Calero, presidente de JOVEMPA, la Federaci\u00f3n de Asociaciones de J\u00f3venes Empresarios de la Provincia. Tambi\u00e9n ha intervenido el miembro de la comisi\u00f3n gestora del Consejo de la Juventud de Alicante, Gonzalo de la Vi\u00f1a. Asimismo han asistido \u00c0lvar L\u00f3pez de Medina, del  Consell Valenci\u00e0 de la Joventut, y representantes del IVAJ.<\/p>   <p>Calero ha aprovechado su turno de palabra para recordar los datos que definen la situaci\u00f3n actual de los j\u00f3venes en Espa\u00f1a. Seg\u00fan el presidente, \u00absomos el pa\u00eds con mayor tasa de desempleo de la OCD\u00bb, adem\u00e1s, \u00ab100.000 j\u00f3venes se marcharon a trabajar al extranjero en 2023\u00bb y este sector de la poblaci\u00f3n \u00abha perdido el 20% de su poder adquisitivo en los \u00faltimos 15 a\u00f1os\u00bb.<\/p>  <p><p class=\"tit\"><span>Alfonso Calero, presidente de JOVEMPA: \u00abSomos la primera generaci\u00f3n que va a vivir peor que la de sus padres\u00bb<\/span><\/p> <p class=\"emb\"><iframe loading=\"lazy\" src=\"https:\/\/cadenaser.com\/embed\/audio\/460\/1723472586503\/\" width=\"100%\" height=\"360\" frameborder=\"0\" allowfullscreen><\/iframe><\/p><\/p>   <p>Alfonso Calero\u00a0ha acusado\u00a0a los pol\u00edticos de \u00abno invertir en juventud\u00bb y ha  animado a los j\u00f3venes a trabajar juntos \u00abpor entenderse\u00bb, dec\u00eda, y \u00absolicitar  pol\u00edticas sociales\u00bb.<\/p>   <p>Por su parte, el alcalde de Alicante,\u00a0Luis Barcala, ha incidido en la  necesidad de apostar por los j\u00f3venes en cargos de alta responsabilidad y ha presumido de su equipo de gobierno, que, asegura: \u00abM\u00e1s de la mitad de sus  integrantes, son menores de 40 a\u00f1os\u00bb. El primer edil ha puesto en valor este lunes \u00abla juventud como factor de presente y no solo de futuro\u201d porque \u00abforma parte activa de la sociedad\u00bb. <\/p>  <p><p class=\"tit\"><span>Luis Barcala, alcalde de Alicante: \u00abM\u00e1s de la mitad del equipo de gobierno tiene menos de 40 a\u00f1os, creemos en los j\u00f3venes\u00bb<\/span><\/p> <p class=\"emb\"><iframe loading=\"lazy\" src=\"https:\/\/cadenaser.com\/embed\/audio\/460\/1723472709610\/\" width=\"100%\" height=\"360\" frameborder=\"0\" allowfullscreen><\/iframe><\/p><\/p> ","protected":false},"excerpt":{"rendered":"<p>Seg\u00fan los \u00faltimos datos del Consejo de la Juventud de Espa\u00f1a, relativos al segundo semestre de 2023, la tasa de emancipaci\u00f3n en la Comunitat Valenciana se sit\u00faa en el 16,5%<\/p>\n","protected":false},"author":0,"featured_media":7622,"comment_status":"open","ping_status":"open","sticky":false,"template":"","format":"standard","meta":{"_acf_changed":false,"footnotes":""},"categories":[1],"tags":[],"class_list":["post-7621","post","type-post","status-publish","format-standard","has-post-thumbnail","hentry","category-sin-categoria"],"acf":{"ser_id":"OWGDAV2N3RH33D443TRICZJT7A","ser_url":"https:\/\/cadenaser.com\/comunitat-valenciana\/2024\/08\/12\/los-jovenes-de-la-comunitat-valenciana-necesitan-destinar-el-88-de-su-salario-para-independizarse-en-solitario-radio-alicante\/"},"_links":{"self":[{"href":"https:\/\/serbenidorm.daliisolutions.com\/index.php\/wp-json\/wp\/v2\/posts\/7621","targetHints":{"allow":["GET"]}}],"collection":[{"href":"https:\/\/serbenidorm.daliisolutions.com\/index.php\/wp-json\/wp\/v2\/posts"}],"about":[{"href":"https:\/\/serbenidorm.daliisolutions.com\/index.php\/wp-json\/wp\/v2\/types\/post"}],"replies":[{"embeddable":true,"href":"https:\/\/serbenidorm.daliisolutions.com\/index.php\/wp-json\/wp\/v2\/comments?post=7621"}],"version-history":[{"count":0,"href":"https:\/\/serbenidorm.daliisolutions.com\/index.php\/wp-json\/wp\/v2\/posts\/7621\/revisions"}],"wp:featuredmedia":[{"embeddable":true,"href":"https:\/\/serbenidorm.daliisolutions.com\/index.php\/wp-json\/wp\/v2\/media\/7622"}],"wp:attachment":[{"href":"https:\/\/serbenidorm.daliisolutions.com\/index.php\/wp-json\/wp\/v2\/media?parent=7621"}],"wp:term":[{"taxonomy":"category","embeddable":true,"href":"https:\/\/serbenidorm.daliisolutions.com\/index.php\/wp-json\/wp\/v2\/categories?post=7621"},{"taxonomy":"post_tag","embeddable":true,"href":"https:\/\/serbenidorm.daliisolutions.com\/index.php\/wp-json\/wp\/v2\/tags?post=7621"}],"curies":[{"name":"wp","href":"https:\/\/api.w.org\/{rel}","templated":true}]}}