{"id":7629,"date":"2024-08-13T13:47:47","date_gmt":"2024-08-13T11:47:47","guid":{"rendered":"https:\/\/serbenidorm.daliisolutions.com\/index.php\/2024\/08\/13\/asi-ha-sido-el-evento-de-arquitectura-que-ha-reunido-en-benidorm-a-casi-500-jovenes\/"},"modified":"2024-08-13T13:47:47","modified_gmt":"2024-08-13T11:47:47","slug":"asi-ha-sido-el-evento-de-arquitectura-que-ha-reunido-en-benidorm-a-casi-500-jovenes","status":"publish","type":"post","link":"https:\/\/serbenidorm.daliisolutions.com\/index.php\/2024\/08\/13\/asi-ha-sido-el-evento-de-arquitectura-que-ha-reunido-en-benidorm-a-casi-500-jovenes\/","title":{"rendered":"As\u00ed ha sido el evento de arquitectura que ha reunido en Benidorm a casi 500 j\u00f3venes"},"content":{"rendered":"  <p>EASA (Asamblea Europea de estudiantes de arquitectura) es una comunidad que lleva desde 1981 celebrando cada verano su particular evento donde m\u00e1s de 450 futuros arquitectos se alojan en un destino europeo.<\/p>   <p>Este 2024 fue el turno de <a href=\"https:\/\/cadenaser.com\/tag\/benidorm\/a\/\" target=\"_blank\" rel=\"noopener\">Benidorm<\/a> que ha sido testigo del evento y el colegio Mestre Gaspar L\u00f3pez fue la base donde los miembros de EASA estuvieron alojados y desde donde han celebrado y preparado todas sus actividades durante los 14 d\u00edas.<\/p>   <p>Reconocidos por sus chalecos rosas, los futuros arquitectos han impartido talleres y actividades tanto en su base como por toda la ciudad de Benidorm; Marcos Navarrete y Andrea Ortiz, miembros del grupo EASA, han hecho de portavoces para <a href=\"https:\/\/cadenaser.com\/tag\/benidorm\/a\/\" target=\"_blank\" rel=\"noopener\">Radio Benidorm<\/a> contando su experiencia.<\/p>   <p>\u201cElegimos Benidorm porque tiene muchos intereses y quisimos hacer referencia a <i>Learning from Benidorm<\/i> porque consideramos que es una ciudad que da mucho debate y hay una parte de p\u00fablico espa\u00f1ol que no entiende que es lo que atrae a la gente a Benidorm y quer\u00edamos explorar este tema\u201d.<\/p>   <p>Las dos semanas concluyeron con un acto de clausura en el sal\u00f3n de actos municipal con la presencia de varios estudiantes que tomaron parte del evento. Desde entonces, el grupo EASA ya trabaja en preparar todo para el evento del verano que viene que tendr\u00e1 Finlandia como sede.<\/p>   <p>     .c-w{         max-width:444px;         width:100%;         margin:16px auto;      background:#00755E;         border-radius:4px;         display:flex;         align-items:center;         justify-content:center;     }     .c-w a{         display:flex;         align-items:center;         justify-content:center;         padding:4px 24px;     }     .c-w img{         width:24px;         margin-right:12px;     }     .c-w p{         font:18px\/25px Poppins;         text-align:center;         color:#fff;         margin:0;     }     @media (max-width:444px){         .c-w a{             padding:4px 12px;         }         .c-w img{             width:24px;             margin-right:8px;         }         .c-w p{             font:14px\/25px Poppins;         }     }     @media (max-width:335px){         .c-w p{             font:13px\/25px Poppins;         }     }  <div class=\"c-w\">     <a href=\"https:\/\/www.whatsapp.com\/channel\/0029Va633PF9WtC4l7XUzh1e\" target=\"_blank\" rel=\"noopener\">         <img decoding=\"async\" src=\"https:\/\/cadenaser.com\/estaticos\/recursosgraficos\/responsive\/img\/ico-whatsapp.svg\" alt=\"Whatsapp\">         <p>\u00danete al <b>canal de WhatsApp<\/b> de la SER<\/p>     <\/a> <\/div><\/p> ","protected":false},"excerpt":{"rendered":"<p>Dos semanas llenas de talleres y actividades por la ciudad<\/p>\n","protected":false},"author":0,"featured_media":7630,"comment_status":"open","ping_status":"open","sticky":false,"template":"","format":"standard","meta":{"_acf_changed":false,"footnotes":""},"categories":[1],"tags":[],"class_list":["post-7629","post","type-post","status-publish","format-standard","has-post-thumbnail","hentry","category-sin-categoria"],"acf":{"ser_id":"ZFYLCGQFWZAZTD2PCAUPSJ6PSU","ser_url":"https:\/\/cadenaser.com\/andalucia\/2024\/08\/13\/asi-ha-sido-el-evento-de-easa-shanzai-2024-que-ha-reunido-a-casi-500-jovenes-radio-benidorm\/"},"_links":{"self":[{"href":"https:\/\/serbenidorm.daliisolutions.com\/index.php\/wp-json\/wp\/v2\/posts\/7629","targetHints":{"allow":["GET"]}}],"collection":[{"href":"https:\/\/serbenidorm.daliisolutions.com\/index.php\/wp-json\/wp\/v2\/posts"}],"about":[{"href":"https:\/\/serbenidorm.daliisolutions.com\/index.php\/wp-json\/wp\/v2\/types\/post"}],"replies":[{"embeddable":true,"href":"https:\/\/serbenidorm.daliisolutions.com\/index.php\/wp-json\/wp\/v2\/comments?post=7629"}],"version-history":[{"count":0,"href":"https:\/\/serbenidorm.daliisolutions.com\/index.php\/wp-json\/wp\/v2\/posts\/7629\/revisions"}],"wp:featuredmedia":[{"embeddable":true,"href":"https:\/\/serbenidorm.daliisolutions.com\/index.php\/wp-json\/wp\/v2\/media\/7630"}],"wp:attachment":[{"href":"https:\/\/serbenidorm.daliisolutions.com\/index.php\/wp-json\/wp\/v2\/media?parent=7629"}],"wp:term":[{"taxonomy":"category","embeddable":true,"href":"https:\/\/serbenidorm.daliisolutions.com\/index.php\/wp-json\/wp\/v2\/categories?post=7629"},{"taxonomy":"post_tag","embeddable":true,"href":"https:\/\/serbenidorm.daliisolutions.com\/index.php\/wp-json\/wp\/v2\/tags?post=7629"}],"curies":[{"name":"wp","href":"https:\/\/api.w.org\/{rel}","templated":true}]}}