{"id":7677,"date":"2024-08-16T10:20:02","date_gmt":"2024-08-16T08:20:02","guid":{"rendered":"https:\/\/serbenidorm.daliisolutions.com\/index.php\/2024\/08\/16\/una-mujer-de-45-anos-muere-atropellada-en-villajoyosa\/"},"modified":"2024-08-16T10:20:02","modified_gmt":"2024-08-16T08:20:02","slug":"una-mujer-de-45-anos-muere-atropellada-en-villajoyosa","status":"publish","type":"post","link":"https:\/\/serbenidorm.daliisolutions.com\/index.php\/2024\/08\/16\/una-mujer-de-45-anos-muere-atropellada-en-villajoyosa\/","title":{"rendered":"Una mujer de 45 a\u00f1os muere atropellada en Villajoyosa"},"content":{"rendered":"  <p>Villajoyosa<\/p>   <p>Una mujer de 45 a\u00f1os ha fallecido este jueves por la noche en Villajoyosa a causa de un atropello seg\u00fan ha informado el Centro de Informaci\u00f3n y Coordinaci\u00f3n de Urgencias (CICU).<\/p>   <p>Emergencias ha explicado que un coche atropellaba a la v\u00edctima sobre las 21:30 horas <a href=\"https:\/\/cadenaser.com\/tag\/vila_joiosa\/a\/\" target=\"_blank\" rel=\"noopener\">en la carretera CV-759<\/a>, en el t\u00e9rmino municipal de la Vila.<\/p>   <p>Tras recibir el aviso, el CICU moviliz\u00f3 inmediatamente una unidad del SAMU. Una vez en el lugar del accidente, el equipo m\u00e9dico solo pudo confirmar el fallecimiento de la mujer.<\/p> ","protected":false},"excerpt":{"rendered":"<p>En la CV-759<\/p>\n","protected":false},"author":0,"featured_media":7678,"comment_status":"open","ping_status":"open","sticky":false,"template":"","format":"standard","meta":{"_acf_changed":false,"footnotes":""},"categories":[1],"tags":[],"class_list":["post-7677","post","type-post","status-publish","format-standard","has-post-thumbnail","hentry","category-sin-categoria"],"acf":{"ser_id":"YNDL2SGFENA2ZISXR6T5KW5RBM","ser_url":"https:\/\/cadenaser.com\/comunitat-valenciana\/2024\/08\/16\/una-mujer-de-45-anos-muere-atropellada-en-villajoyosa-radio-benidorm\/"},"_links":{"self":[{"href":"https:\/\/serbenidorm.daliisolutions.com\/index.php\/wp-json\/wp\/v2\/posts\/7677","targetHints":{"allow":["GET"]}}],"collection":[{"href":"https:\/\/serbenidorm.daliisolutions.com\/index.php\/wp-json\/wp\/v2\/posts"}],"about":[{"href":"https:\/\/serbenidorm.daliisolutions.com\/index.php\/wp-json\/wp\/v2\/types\/post"}],"replies":[{"embeddable":true,"href":"https:\/\/serbenidorm.daliisolutions.com\/index.php\/wp-json\/wp\/v2\/comments?post=7677"}],"version-history":[{"count":0,"href":"https:\/\/serbenidorm.daliisolutions.com\/index.php\/wp-json\/wp\/v2\/posts\/7677\/revisions"}],"wp:featuredmedia":[{"embeddable":true,"href":"https:\/\/serbenidorm.daliisolutions.com\/index.php\/wp-json\/wp\/v2\/media\/7678"}],"wp:attachment":[{"href":"https:\/\/serbenidorm.daliisolutions.com\/index.php\/wp-json\/wp\/v2\/media?parent=7677"}],"wp:term":[{"taxonomy":"category","embeddable":true,"href":"https:\/\/serbenidorm.daliisolutions.com\/index.php\/wp-json\/wp\/v2\/categories?post=7677"},{"taxonomy":"post_tag","embeddable":true,"href":"https:\/\/serbenidorm.daliisolutions.com\/index.php\/wp-json\/wp\/v2\/tags?post=7677"}],"curies":[{"name":"wp","href":"https:\/\/api.w.org\/{rel}","templated":true}]}}