{"id":7745,"date":"2024-08-21T10:30:44","date_gmt":"2024-08-21T08:30:44","guid":{"rendered":"https:\/\/serbenidorm.daliisolutions.com\/index.php\/2024\/08\/21\/los-comerciantes-de-benidorm-denuncian-una-oleada-de-hurtos-y-piden-mayor-presencia-policial\/"},"modified":"2024-08-21T10:30:44","modified_gmt":"2024-08-21T08:30:44","slug":"los-comerciantes-de-benidorm-denuncian-una-oleada-de-hurtos-y-piden-mayor-presencia-policial","status":"publish","type":"post","link":"https:\/\/serbenidorm.daliisolutions.com\/index.php\/2024\/08\/21\/los-comerciantes-de-benidorm-denuncian-una-oleada-de-hurtos-y-piden-mayor-presencia-policial\/","title":{"rendered":"Los comerciantes de Benidorm denuncian una oleada de hurtos y piden mayor presencia policial"},"content":{"rendered":"  <p>Benidorm<\/p>   <p>La seguridad es uno de los factores que m\u00e1s pueden acabar decantando la balanza de la decisi\u00f3n de los turistas a la hora de elegir uno u otro destino. Por ello, lugares como Benidorm insisten siempre que pueden en los buenos datos que, oleada tras oleada, reflejan las memorias de su Polic\u00eda Local o de la Polic\u00eda Nacional en lo relativo a la seguridad ciudadana. Pese a ello, la Asociaci\u00f3n Independiente de Comerciantes de la ciudad, (AICO), ha remitido un escrito al edil del \u00e1rea, Jes\u00fas Carrobles, exigi\u00e9ndole mayor presencia policial en las calles de la capital tur\u00edstica.<\/p>   <p>En un comunicado hecho p\u00fablico en su p\u00e1gina web, la Junta Directiva de AICO justifica su decisi\u00f3n en \u201clas numerosas llamadas recibidas sobre el incremento de hurtos\u201d que, afirman, est\u00e1n sufriendo \u201clos establecimientos en las zonas m\u00e1s comerciales y la escasa presencia policial\u201d que, a su juicio, existe en la ciudad.<\/p>   <p>Por ello, afirma el comunicado, han \u201cpresentado sendos escritos a los responsables de la seguridad de Benidorm, en concreto al concejal de Seguridad Ciudadana y al comisario jefe del Cuerpo Nacional de Polic\u00eda\u201d.<\/p>   <p>Adem\u00e1s, los responsables de la asociaci\u00f3n se han dirigido a sus asociados aconsej\u00e1ndoles \u201ccursar siempre la denuncia de los hechos para que conste el robo\u201d y eso, incluyen en su escrito, \u201ca pesar de tener que perder la ma\u00f1ana o la tarde en las dependencias policiales, ya que lamentablemente para las administraciones p\u00fablicas, si no hay constancia por escrito y en este caso mediante una declaraci\u00f3n oficial, no existe el problema\u201d.<\/p>   <p>En la misiva dirigida al actual edil de Seguridad Ciudadana de Benidorm, Jes\u00fas Carrobles, los comerciantes de la capital tur\u00edstica exponen su queja y a\u00f1aden que \u201cbajo estos mismos t\u00e9rminos ya le informamos por escrito a su antecesor en el cargo\u201d, algo que se habr\u00eda producido en febrero de 2023, aunque, a\u00f1aden, \u201cpor desgracia, se siguen repitiendo y no pasa un d\u00eda que no se sufra alg\u00fan caso desagradable entre los comerciantes y estos asiduos malhechores que empa\u00f1an la convivencia entre el comerciante, empleados y clientes\u201d.<\/p>   <p>     .c-w{         max-width:444px;         width:100%;         margin:16px auto;      background:#00755E;         border-radius:4px;         display:flex;         align-items:center;         justify-content:center;     }     .c-w a{         display:flex;         align-items:center;         justify-content:center;         padding:4px 24px;     }     .c-w img{         width:24px;         margin-right:12px;     }     .c-w p{         font:18px\/25px Poppins;         text-align:center;         color:#fff;         margin:0;     }     @media (max-width:444px){         .c-w a{             padding:4px 12px;         }         .c-w img{             width:24px;             margin-right:8px;         }         .c-w p{             font:14px\/25px Poppins;         }     }     @media (max-width:335px){         .c-w p{             font:13px\/25px Poppins;         }     }  <div class=\"c-w\">     <a href=\"https:\/\/www.whatsapp.com\/channel\/0029Va633PF9WtC4l7XUzh1e\" target=\"_blank\" rel=\"noopener\">         <img decoding=\"async\" src=\"https:\/\/cadenaser.com\/estaticos\/recursosgraficos\/responsive\/img\/ico-whatsapp.svg\" alt=\"Whatsapp\">         <p>\u00danete al <b>canal de WhatsApp<\/b> de la SER<\/p>     <\/a> <\/div><\/p>   <p>Los responsables de AICO llegan, incluso, a poner ejemplos muy concretos de la problem\u00e1tica refiri\u00e9ndose en su escrito al \u201cindividuo conocido policialmente como &#8216;El ingl\u00e9s&#8217;, que a diario act\u00faa en la zona del centro y adyacentes robando prendas, calzado, bisuter\u00eda, joyer\u00eda e incluso el hurto de cajas de tabaco que presuntamente canjea por sustancias prohibidas al camello de turno para continuar con su adicci\u00f3n y seguir delinquiendo impunemente\u201d.<\/p>   <p>Tambi\u00e9n lamentan los comerciantes benidormensen \u201cel aumento durante todo el a\u00f1o de la presencia de mendigos y pedig\u00fce\u00f1os organizados en las zonas comerciales, pero especialmente a la que hace referencia al Paseo de la Carretera, Calle Gambo y Avda. Mart\u00ednez Alejos\u201d algo que, seg\u00fan la directiva de AICO, \u201cprovoca una imagen que degradada estas calles m\u00e1s visitadas y emblem\u00e1ticas de Benidorm ante su comportamiento inc\u00edvico, antihigi\u00e9nico y la presunta vulneraci\u00f3n de los derechos de los animales al exponerse con ellos para explotarla como gancho de captaci\u00f3n econ\u00f3mica para la adquisici\u00f3n de vino, cerveza y alcohol principalmente\u201d.<\/p>   <p>Por ello todo ello, piden al edil de Seguridad Ciudadana as\u00ed como al Comisario de la Polic\u00eda Nacional que \u201crefuerce la presencia policial con mucha m\u00e1s frecuencia en las zonas comerciales especialmente del centro, casco antiguo y plaza Triangular y que traslade esta situaci\u00f3n a las entidades y\/o organismos de la administraci\u00f3n aut\u00f3noma y nacional en caso de que estas realidades no sean de su competencia\u201d.<\/p> ","protected":false},"excerpt":{"rendered":"<p>Aico ha remitido escritos a la concejal\u00eda de Seguridad Ciudadana y al Comisario del CNP para exigir soluciones<\/p>\n","protected":false},"author":0,"featured_media":7746,"comment_status":"open","ping_status":"open","sticky":false,"template":"","format":"standard","meta":{"_acf_changed":false,"footnotes":""},"categories":[1],"tags":[],"class_list":["post-7745","post","type-post","status-publish","format-standard","has-post-thumbnail","hentry","category-sin-categoria"],"acf":{"ser_id":"556CCGOFRJHCNBGZWLO2D5IJGM","ser_url":"https:\/\/cadenaser.com\/comunitat-valenciana\/2024\/08\/21\/los-comerciantes-de-benidorm-denuncian-una-oleada-de-hurtos-y-piden-mayor-presencia-policial-radio-benidorm\/"},"_links":{"self":[{"href":"https:\/\/serbenidorm.daliisolutions.com\/index.php\/wp-json\/wp\/v2\/posts\/7745","targetHints":{"allow":["GET"]}}],"collection":[{"href":"https:\/\/serbenidorm.daliisolutions.com\/index.php\/wp-json\/wp\/v2\/posts"}],"about":[{"href":"https:\/\/serbenidorm.daliisolutions.com\/index.php\/wp-json\/wp\/v2\/types\/post"}],"replies":[{"embeddable":true,"href":"https:\/\/serbenidorm.daliisolutions.com\/index.php\/wp-json\/wp\/v2\/comments?post=7745"}],"version-history":[{"count":0,"href":"https:\/\/serbenidorm.daliisolutions.com\/index.php\/wp-json\/wp\/v2\/posts\/7745\/revisions"}],"wp:featuredmedia":[{"embeddable":true,"href":"https:\/\/serbenidorm.daliisolutions.com\/index.php\/wp-json\/wp\/v2\/media\/7746"}],"wp:attachment":[{"href":"https:\/\/serbenidorm.daliisolutions.com\/index.php\/wp-json\/wp\/v2\/media?parent=7745"}],"wp:term":[{"taxonomy":"category","embeddable":true,"href":"https:\/\/serbenidorm.daliisolutions.com\/index.php\/wp-json\/wp\/v2\/categories?post=7745"},{"taxonomy":"post_tag","embeddable":true,"href":"https:\/\/serbenidorm.daliisolutions.com\/index.php\/wp-json\/wp\/v2\/tags?post=7745"}],"curies":[{"name":"wp","href":"https:\/\/api.w.org\/{rel}","templated":true}]}}