{"id":775,"date":"2023-12-20T09:05:34","date_gmt":"2023-12-20T08:05:34","guid":{"rendered":"https:\/\/serbenidorm.daliisolutions.com\/index.php\/2023\/12\/20\/la-vila-joiosa-en-2024-el-alcalde-promete-reactivar-la-casa-de-la-musica-y-crear-los-sindicos-de-barrio\/"},"modified":"2023-12-20T09:05:34","modified_gmt":"2023-12-20T08:05:34","slug":"la-vila-joiosa-en-2024-el-alcalde-promete-reactivar-la-casa-de-la-musica-y-crear-los-sindicos-de-barrio","status":"publish","type":"post","link":"https:\/\/serbenidorm.daliisolutions.com\/index.php\/2023\/12\/20\/la-vila-joiosa-en-2024-el-alcalde-promete-reactivar-la-casa-de-la-musica-y-crear-los-sindicos-de-barrio\/","title":{"rendered":"La Vila Joiosa en 2024: el alcalde promete reactivar la Casa de la M\u00fasica y crear los S\u00edndicos de Barrio"},"content":{"rendered":"  <p>La Vila Joiosa<\/p>   <p>La Vila Joiosa pondr\u00e1 en marcha en 2024 los <a href=\"https:\/\/cadenaser.com\/tag\/vila_joiosa\/a\/\" target=\"_blank\" rel=\"noopener\">S\u00edndicos de Barrio<\/a>. Una forma de asignar un concejal a cada una de las nueve zonas del municipio para que est\u00e9n en contacto directo con sus  vecinos y puedan hacer una gesti\u00f3n \u00e1gil de sus problemas. As\u00ed lo ha anunciado el alcalde de La Vila Joiosa, Marcos Zaragoza, durante su encuentro con los medios de comunicaci\u00f3n para hacer balance del ejercicio.<\/p>   <p>Zaragoza tambi\u00e9n ha asegurado que 2024 ser\u00e1 el a\u00f1o en el que \u201cse sienten los cimientos de la Casa de la M\u00fasica\u201d. Un proyecto que todos los grupos pol\u00edticos llevaban en su programa pero que lleva 10 a\u00f1os sin materializarse. \u201cEl proyecto que hab\u00eda no le gustaba a nadie, ni la ubicaci\u00f3n, ni la distribuci\u00f3n de espacios y no era funcional. Hemos tenido que actualizarlo y esperamos que el a\u00f1o que viene se reactive\u201d ha afirmado. El gobierno espera tener nuevo emplazamiento buscado y nuevo proyecto redactado en el primer semestre del a\u00f1o que viene.<\/p>   <p>En materia de infraestructuras el primer edil ha hablado de buscar \u201cun nuevo trazado\u201d a la bajada al puerto porque ahora es \u201cun camino de cabras\u201d ya que se trata de una v\u00eda pecuaria que  no cumple con las necesidades del municipio y el objetivo del gobierno es reurbanizarla y tener un acceso moderno y, adem\u00e1s, se ejecutar\u00e1 \u201cpor  gesti\u00f3n directa\u201d. Tambi\u00e9n se pretende revitalizar el bulevar que une La Vila Joiosa con Finestrat y Benidorm; se va a reurbanizar la avenida Presidente Adolfo Su\u00e1rez y adaptar la calle Alicante a las necesidades de los usuarios del Hospital Asilo y Centro de D\u00eda; se va peatonalizar la calle Canalejas y otras calles del centro urbano.<\/p>   <p><p>M\u00e1s informaci\u00f3n<\/p><figure><img decoding=\"async\" src=\"https:\/\/cadenaser.com\/resizer\/YGEKXNob2BRtRuS_4oQRcVth95E=\/650x366\/filters:quality(70)\/cloudfront-eu-central-1.images.arcpublishing.com\/prisaradio\/JSFVTGUKTVETHCLX6CQCUNKCLE.jpg\" loading=\"lazy\" width=\"828\" height=\"621\" \/><\/figure><ul><li><a href=\"https:\/\/cadenaser.com\/comunitat-valenciana\/2023\/12\/04\/benidorm-y-la-marina-baixa-se-unen-a-hidraqua-para-digitalizar-el-ciclo-del-agua-con-fondos-europeos-radio-benidorm\/\">La Marina Baixa se une junto a Hidraqua para digitalizar el ciclo del agua con fondos europeos<\/a><\/li><\/ul><\/p>   <p>En cuanto a los presupuesto municipales, Zaragoza conf\u00eda en que puedan entrar en vigor el 1 de enero: \u201cSe han presentado alegaciones pero \u00e9stas no modifican sustancialmente el presupuesto as\u00ed que esperamos poder convocar un pleno extraordinario la semana que viene para su aprobaci\u00f3n definitiva\u201d, ha avanzado.<\/p>   <p>Seis meses de gobierno<\/p>   <p>Con respecto al balance de 2023, Marcos Zaragoza se ha ce\u00f1ido a los seis \u00faltimos meses del a\u00f1o desde que ha accedido a la Alcald\u00eda. Bajo su mandato La Vila Joiosa ha creado una oficina de gesti\u00f3n de fondos europeos que ha encargado a una empresa externa, ha puesto en marcha un programa de recuperaci\u00f3n de talento municipal  cubri\u00e9ndose la plaza de interventor, finalizado las obras del colegio p\u00fablico Doctor Esquerdo o modificado y ampliado el contrato de la concesionaria del servicio de recogida de residuos s\u00f3lidos urbanos y limpieza viaria.<\/p> ","protected":false},"excerpt":{"rendered":"<p>Desayuno informativo con Marcos Zaragoza<\/p>\n","protected":false},"author":0,"featured_media":776,"comment_status":"open","ping_status":"open","sticky":false,"template":"","format":"standard","meta":{"_acf_changed":false,"footnotes":""},"categories":[1],"tags":[],"class_list":["post-775","post","type-post","status-publish","format-standard","has-post-thumbnail","hentry","category-sin-categoria"],"acf":{"ser_id":"DKPVPT6GFNHLRGDU3JYOHSKOZA","ser_url":"https:\/\/cadenaser.com\/comunitat-valenciana\/2023\/12\/19\/la-vila-joiosa-en-2024-el-alcalde-promete-reactivar-la-casa-de-la-musica-y-crear-los-sindicos-de-barrio-radio-benidorm\/"},"_links":{"self":[{"href":"https:\/\/serbenidorm.daliisolutions.com\/index.php\/wp-json\/wp\/v2\/posts\/775","targetHints":{"allow":["GET"]}}],"collection":[{"href":"https:\/\/serbenidorm.daliisolutions.com\/index.php\/wp-json\/wp\/v2\/posts"}],"about":[{"href":"https:\/\/serbenidorm.daliisolutions.com\/index.php\/wp-json\/wp\/v2\/types\/post"}],"replies":[{"embeddable":true,"href":"https:\/\/serbenidorm.daliisolutions.com\/index.php\/wp-json\/wp\/v2\/comments?post=775"}],"version-history":[{"count":0,"href":"https:\/\/serbenidorm.daliisolutions.com\/index.php\/wp-json\/wp\/v2\/posts\/775\/revisions"}],"wp:featuredmedia":[{"embeddable":true,"href":"https:\/\/serbenidorm.daliisolutions.com\/index.php\/wp-json\/wp\/v2\/media\/776"}],"wp:attachment":[{"href":"https:\/\/serbenidorm.daliisolutions.com\/index.php\/wp-json\/wp\/v2\/media?parent=775"}],"wp:term":[{"taxonomy":"category","embeddable":true,"href":"https:\/\/serbenidorm.daliisolutions.com\/index.php\/wp-json\/wp\/v2\/categories?post=775"},{"taxonomy":"post_tag","embeddable":true,"href":"https:\/\/serbenidorm.daliisolutions.com\/index.php\/wp-json\/wp\/v2\/tags?post=775"}],"curies":[{"name":"wp","href":"https:\/\/api.w.org\/{rel}","templated":true}]}}