{"id":777,"date":"2023-12-20T09:05:35","date_gmt":"2023-12-20T08:05:35","guid":{"rendered":"https:\/\/serbenidorm.daliisolutions.com\/index.php\/2023\/12\/20\/merco-reconoce-al-hospital-imed-levante-de-benidorm-entre-los-mas-reputados-de-espana\/"},"modified":"2023-12-20T09:05:35","modified_gmt":"2023-12-20T08:05:35","slug":"merco-reconoce-al-hospital-imed-levante-de-benidorm-entre-los-mas-reputados-de-espana","status":"publish","type":"post","link":"https:\/\/serbenidorm.daliisolutions.com\/index.php\/2023\/12\/20\/merco-reconoce-al-hospital-imed-levante-de-benidorm-entre-los-mas-reputados-de-espana\/","title":{"rendered":"MERCO reconoce al Hospital IMED Levante de Benidorm entre los m\u00e1s reputados de Espa\u00f1a"},"content":{"rendered":"  <p>Benidorm<\/p>   <p>El grupo <a href=\"https:\/\/www.imedhospitales.com\/\" rel=\"nofollow\"><u>IMED Hospitales<\/u><\/a> ha conseguido situar a sus tres hospitales principales (Valencia, Elche y Levante) entre los m\u00e1s reputados de Espa\u00f1a seg\u00fan el Monitor de Reputaci\u00f3n Sanitaria (MRS) de MERCO. De esta forma, se convierte en el grupo sanitario de la Comunidad Valenciana con m\u00e1s representaci\u00f3n en este prestigioso ranking. IMED ha conseguido este hito tras ser el primer a\u00f1o en el que se somete al exigente escrutinio de MERCO.<\/p>   <p><a href=\"https:\/\/www.merco.info\/\" rel=\"nofollow\"><u>MERCO<\/u><\/a> (Monitor Empresarial de Reputaci\u00f3n Corporativa) destaca como el principal monitor corporativo en Espa\u00f1a, desempe\u00f1ando su rol de evaluador de la reputaci\u00f3n empresarial desde el a\u00f1o 2000. Este instrumento de evaluaci\u00f3n reputacional abarca diversos sectores -adem\u00e1s del sanitario-, incluyendo marcas de consumo, ciudades o l\u00edderes, entre otros.<\/p>   <p>MERCO se distingue por su estatus como el &#8216;primer monitor auditado del mundo&#8217;, con KPMG realizando la auditor\u00eda conforme a la Norma ISAE 3000. Esta certificaci\u00f3n subraya la rigurosidad y confiabilidad de MERCO en la evaluaci\u00f3n de la reputaci\u00f3n empresarial.<\/p>   <p>El <a href=\"https:\/\/www.merco.info\/es\/monitor-reputacion-sanitaria\" rel=\"nofollow\"><u>Monitor de Reputaci\u00f3n Sanitaria<\/u><\/a> (MRS) se caracteriza por su enfoque exhaustivo, llevando a cabo una evaluaci\u00f3n integral que abarca diversas perspectivas. Este sistema analiza las percepciones de m\u00e9dicos, enfermeros, farmac\u00e9uticos hospitalarios, asociaciones de pacientes, periodistas sanitarios y miembros de la administraci\u00f3n sanitaria a trav\u00e9s de encuestas especializadas.<\/p>   <p>Adem\u00e1s, realiza un an\u00e1lisis de indicadores objetivos de calidad asistencial basados en la presentaci\u00f3n de datos con el objetivo de proporcionar una visi\u00f3n cuantitativa de la excelencia en el \u00e1mbito de la salud. Asimismo, el Monitor considera m\u00e9ritos reputacionales mediante el an\u00e1lisis de informaci\u00f3n p\u00fablica, consolidando as\u00ed un criterio integral que permite identificar de manera precisa los servicios hospitalarios y hospitales m\u00e1s destacados y reconocidos en el panorama sanitario del pa\u00eds.<\/p>   <p>\u201cEl MRS cuenta con una metodolog\u00eda auditada e independiente, por lo que es una valoraci\u00f3n de gran valor para nosotros. Es el primer a\u00f1o en el que aparecemos en este ranking y seguiremos trabajando en cada uno de nuestros hospitales para seguir ofreciendo el mejor servicio, ya que estamos seguros de que es el camino para seguir escalando posiciones\u201d, han declarado fuentes de IMED Hospitales.<\/p>   <p>Sobre los hospitales de IMED en el MRS<\/p>   <p><a href=\"http:\/\/www.imedvalencia.com\/\" rel=\"nofollow\"><u>IMED Valencia<\/u><\/a> (puesto 48) abri\u00f3 sus puertas en febrero del a\u00f1o 2017. Considerado como el buque insignia del grupo, cuenta con 185 camas, m\u00e1s de 100 despachos de consultas externas y 15 quir\u00f3fanos. Destaca por el nivel asistencial que ha alcanzado desde su apertura y por su dotaci\u00f3n tecnol\u00f3gica, en la que ocupa un lugar especial el robot quir\u00fargico Da Vinci.<\/p>   <p><a href=\"http:\/\/www.imedelche.com\/\" rel=\"nofollow\"><u>IMED Elche<\/u><\/a> (53) fue el segundo gran hospital del Grupo IMED y comenz\u00f3 a funcionar en noviembre de 2011. El centro, que ha ido creciendo en instalaciones para adaptarse a la demanda creciente de servicios de salud en el sur de la provincia de Alicante, cuenta con 119 habitaciones y 12 quir\u00f3fanos.<\/p>   <p><a href=\"http:\/\/www.imedlevante.com\/\" rel=\"nofollow\"><u>IMED Levante<\/u><\/a> (59) es el origen del grupo. Ubicado en la zona de Levante de Benidorm, abri\u00f3 sus puertas en 2004. Actualmente, est\u00e1 finalizando la ampliaci\u00f3n que lo convertir\u00e1 en el hospital privado m\u00e1s importante de la provincia de Alicante por tama\u00f1o, alcanzando m\u00e1s de 150 habitaciones, 10 quir\u00f3fanos y m\u00e1s de 90 despachos de consultas externas. La atenci\u00f3n de pacientes internacionales ha sido uno de los elementos que han caracterizado a este centro de IMED ubicado en la tur\u00edstica comarca de la Marina Baixa.<\/p> ","protected":false},"excerpt":{"rendered":"<p>Tambi\u00e9n a sus centros en Valencia y Elche<\/p>\n","protected":false},"author":0,"featured_media":778,"comment_status":"open","ping_status":"open","sticky":false,"template":"","format":"standard","meta":{"_acf_changed":false,"footnotes":""},"categories":[1],"tags":[],"class_list":["post-777","post","type-post","status-publish","format-standard","has-post-thumbnail","hentry","category-sin-categoria"],"acf":{"ser_id":"ND3QDDSDJJFWLATJB6FLRI5KGE","ser_url":"https:\/\/cadenaser.com\/comunitat-valenciana\/2023\/12\/19\/merco-reconoce-al-hospital-imed-levante-de-benidorm-entre-los-mas-reputados-de-espana-radio-benidorm\/"},"_links":{"self":[{"href":"https:\/\/serbenidorm.daliisolutions.com\/index.php\/wp-json\/wp\/v2\/posts\/777","targetHints":{"allow":["GET"]}}],"collection":[{"href":"https:\/\/serbenidorm.daliisolutions.com\/index.php\/wp-json\/wp\/v2\/posts"}],"about":[{"href":"https:\/\/serbenidorm.daliisolutions.com\/index.php\/wp-json\/wp\/v2\/types\/post"}],"replies":[{"embeddable":true,"href":"https:\/\/serbenidorm.daliisolutions.com\/index.php\/wp-json\/wp\/v2\/comments?post=777"}],"version-history":[{"count":0,"href":"https:\/\/serbenidorm.daliisolutions.com\/index.php\/wp-json\/wp\/v2\/posts\/777\/revisions"}],"wp:featuredmedia":[{"embeddable":true,"href":"https:\/\/serbenidorm.daliisolutions.com\/index.php\/wp-json\/wp\/v2\/media\/778"}],"wp:attachment":[{"href":"https:\/\/serbenidorm.daliisolutions.com\/index.php\/wp-json\/wp\/v2\/media?parent=777"}],"wp:term":[{"taxonomy":"category","embeddable":true,"href":"https:\/\/serbenidorm.daliisolutions.com\/index.php\/wp-json\/wp\/v2\/categories?post=777"},{"taxonomy":"post_tag","embeddable":true,"href":"https:\/\/serbenidorm.daliisolutions.com\/index.php\/wp-json\/wp\/v2\/tags?post=777"}],"curies":[{"name":"wp","href":"https:\/\/api.w.org\/{rel}","templated":true}]}}