{"id":7771,"date":"2024-08-22T15:05:15","date_gmt":"2024-08-22T13:05:15","guid":{"rendered":"https:\/\/serbenidorm.daliisolutions.com\/index.php\/2024\/08\/22\/benidorm-blinda-sus-zonas-verdes-ante-el-fuego-con-una-barrera-que-usara-agua-depurada\/"},"modified":"2024-08-22T15:05:15","modified_gmt":"2024-08-22T13:05:15","slug":"benidorm-blinda-sus-zonas-verdes-ante-el-fuego-con-una-barrera-que-usara-agua-depurada","status":"publish","type":"post","link":"https:\/\/serbenidorm.daliisolutions.com\/index.php\/2024\/08\/22\/benidorm-blinda-sus-zonas-verdes-ante-el-fuego-con-una-barrera-que-usara-agua-depurada\/","title":{"rendered":"Benidorm blinda sus zonas verdes ante el fuego con una barrera que usar\u00e1 agua depurada"},"content":{"rendered":"  <p>Benidorm<\/p>   <p>El municipio de Benidorm dispondr\u00e1 de una red municipal contraincendios forestales de agua depurada que permita actuar de forma mucho m\u00e1s eficiente en zonas especialmente sensibles y de importante masa forestal. Para ello, la Concejal\u00eda de Ciclo del Agua encargar\u00e1 a Hidraqua, concesionaria del servicio de agua potable y alcantarillado, la redacci\u00f3n del proyecto de ejecuci\u00f3n de la citada red municipal en el plazo m\u00e1ximo de tres meses.<\/p>   <p>La propuesta del concejal Jos\u00e9 Ram\u00f3n Gonz\u00e1lez de Z\u00e1rate ser\u00e1 abordada y dictaminada en la pr\u00f3xima comisi\u00f3n informativa de Urbanismo y aprobada en la Junta de Gobierno Local y el proyecto ser\u00e1 financiado con cargo a los recursos econ\u00f3micos que dispone el contrato de agua potable y alcantarillado.<\/p>   <p>Conviene recordar que el pasado 15 de julio la Junta de Gobierno acord\u00f3 solicitar a Hidraqua la redacci\u00f3n del Plan Director del Servicio Municipal de Reutilizaci\u00f3n de Agua Depurada de la ciudad cuyo objetivo es ampliar el consumo de agua en usos compatibles dentro del municipio. Uno de estos usos ser\u00e1 el de la utilizaci\u00f3n del agua depurada para el abastecimiento de la red de hidrantes contraincendios que se distribuir\u00e1 por la ciudad, \u201ccon especial importancia de aquellos que se utilizar\u00e1n para atender la posible demanda de zonas forestales como El Moralet, El Murtal, L\u2019Aig\u00fcera alta, el Parque de la S\u00e9quia Mare o entornos del PORN de Serra Gelada, etc. zonas forestales cercanas a la trama urbana y esenciales para Benidorm\u201d ha se\u00f1alado el alcalde Toni P\u00e9rez.<\/p>   <p>El primer edil tambi\u00e9n ha puesto de manifiesto que, muy pr\u00f3xima e incluso atravesando estas zonas, \u201cse encuentra la conducci\u00f3n de reutilizaci\u00f3n de agua depurada procedente de la EDAR, que cuenta con el suficiente caudal y presi\u00f3n como para prestar el servicio contraincendios que se requerir\u00eda de forma b\u00e1sica en caso de emergencia\u201d.<\/p>   <p>En ese sentido, Toni P\u00e9rez ha resaltado la \u201curgencia\u201d de acometer esta actuaci\u00f3n y ha argumentado que \u201cla \u00e9poca de sequ\u00eda en que nos encontramos otorga a dichas zonas verdes un alto potencial de riesgo de incendio\u201d. Es por ello que se pide a Hidraqua la redacci\u00f3n del proyecto, independientemente de que se contemple en el anteriormente citado Plan Director del Servicio Municipal de Reutilizaci\u00f3n de Agua Depurada \u201cpara que pueda ser llevado a cabo en el menor plazo posible\u201d.<\/p>   <p>     .c-w{         max-width:444px;         width:100%;         margin:16px auto;      background:#00755E;         border-radius:4px;         display:flex;         align-items:center;         justify-content:center;     }     .c-w a{         display:flex;         align-items:center;         justify-content:center;         padding:4px 24px;     }     .c-w img{         width:24px;         margin-right:12px;     }     .c-w p{         font:18px\/25px Poppins;         text-align:center;         color:#fff;         margin:0;     }     @media (max-width:444px){         .c-w a{             padding:4px 12px;         }         .c-w img{             width:24px;             margin-right:8px;         }         .c-w p{             font:14px\/25px Poppins;         }     }     @media (max-width:335px){         .c-w p{             font:13px\/25px Poppins;         }     }  <div class=\"c-w\">     <a href=\"https:\/\/www.whatsapp.com\/channel\/0029Va633PF9WtC4l7XUzh1e\" target=\"_blank\" rel=\"noopener\">         <img decoding=\"async\" src=\"https:\/\/cadenaser.com\/estaticos\/recursosgraficos\/responsive\/img\/ico-whatsapp.svg\" alt=\"Whatsapp\">         <p>\u00danete al <b>canal de WhatsApp<\/b> de la SER<\/p>     <\/a> <\/div><\/p>   <p>El proyecto que se le solicita a Hidraqua debe contemplar varias condiciones. As\u00ed, deber\u00e1 coordinarse y adecuarse a las indicaciones que se hagan desde los Cuerpos de Seguridad y Emergencias Locales (Bomberos, Protecci\u00f3n Civil, Polic\u00eda Local\u2026) y a las que se realicen desde la Comunidad de Regantes del Canal Bajo del Algar, que es el titular de la conducci\u00f3n de reutilizaci\u00f3n que abastecer\u00eda la red contraincendios proyectada.<\/p>   <p>Asimismo, el alcance del proyecto incluir\u00e1 todas las zonas verdes, parques, espacios forestales o sin urbanizar que pudieran atenderse en condiciones de seguridad, caudal y presi\u00f3n desde la conducci\u00f3n de reutilizaci\u00f3n de agua depurada. La futura red de distribuci\u00f3n, adem\u00e1s, tendr\u00e1 que instalarse preferentemente por los caminos existentes y evitando afectar a zonas forestales. En los casos que no fuera posible, los hidrantes se ubicar\u00e1n en las zonas m\u00e1s pr\u00f3ximas posibles (ca\u00f1ones o hidrantes especiales) con posibilidad de activarlos y dirigirlos convenientemente. Por \u00faltimo, la red deber\u00e1 contar con los sistemas de control y localizaci\u00f3n necesarios para este tipo de instalaciones.<\/p> ","protected":false},"excerpt":{"rendered":"<p>El Ayuntamiento ya ha encargado un proyecto que deber\u00e1 estar listo en tres meses<\/p>\n","protected":false},"author":0,"featured_media":7772,"comment_status":"open","ping_status":"open","sticky":false,"template":"","format":"standard","meta":{"_acf_changed":false,"footnotes":""},"categories":[1],"tags":[],"class_list":["post-7771","post","type-post","status-publish","format-standard","has-post-thumbnail","hentry","category-sin-categoria"],"acf":{"ser_id":"H7NTSGLULVAQJBNJ7KA6ESSVL4","ser_url":"https:\/\/cadenaser.com\/comunitat-valenciana\/2024\/08\/22\/benidorm-blinda-sus-zonas-verdes-ante-el-fuego-con-una-barrera-que-usara-agua-depurada-radio-benidorm\/"},"_links":{"self":[{"href":"https:\/\/serbenidorm.daliisolutions.com\/index.php\/wp-json\/wp\/v2\/posts\/7771","targetHints":{"allow":["GET"]}}],"collection":[{"href":"https:\/\/serbenidorm.daliisolutions.com\/index.php\/wp-json\/wp\/v2\/posts"}],"about":[{"href":"https:\/\/serbenidorm.daliisolutions.com\/index.php\/wp-json\/wp\/v2\/types\/post"}],"replies":[{"embeddable":true,"href":"https:\/\/serbenidorm.daliisolutions.com\/index.php\/wp-json\/wp\/v2\/comments?post=7771"}],"version-history":[{"count":0,"href":"https:\/\/serbenidorm.daliisolutions.com\/index.php\/wp-json\/wp\/v2\/posts\/7771\/revisions"}],"wp:featuredmedia":[{"embeddable":true,"href":"https:\/\/serbenidorm.daliisolutions.com\/index.php\/wp-json\/wp\/v2\/media\/7772"}],"wp:attachment":[{"href":"https:\/\/serbenidorm.daliisolutions.com\/index.php\/wp-json\/wp\/v2\/media?parent=7771"}],"wp:term":[{"taxonomy":"category","embeddable":true,"href":"https:\/\/serbenidorm.daliisolutions.com\/index.php\/wp-json\/wp\/v2\/categories?post=7771"},{"taxonomy":"post_tag","embeddable":true,"href":"https:\/\/serbenidorm.daliisolutions.com\/index.php\/wp-json\/wp\/v2\/tags?post=7771"}],"curies":[{"name":"wp","href":"https:\/\/api.w.org\/{rel}","templated":true}]}}