{"id":7777,"date":"2024-08-22T16:55:21","date_gmt":"2024-08-22T14:55:21","guid":{"rendered":"https:\/\/serbenidorm.daliisolutions.com\/index.php\/2024\/08\/22\/benidorm-recibe-septiembre-con-orgullo\/"},"modified":"2024-08-22T16:55:21","modified_gmt":"2024-08-22T14:55:21","slug":"benidorm-recibe-septiembre-con-orgullo","status":"publish","type":"post","link":"https:\/\/serbenidorm.daliisolutions.com\/index.php\/2024\/08\/22\/benidorm-recibe-septiembre-con-orgullo\/","title":{"rendered":"Benidorm recibe septiembre con orgullo"},"content":{"rendered":"  <p>Benidorm<\/p>   <p>Como cada mes de septiembre, el Benidorm Pride despedir\u00e1 la temporada alta tur\u00edstica o, si se prefiere, dar\u00e1 el pistoletazo de salida al oto\u00f1o de la principal industria de la ciudad. A Santos Torres, Secretario de la Asociaci\u00f3n Turismo LGBT de Benidorm, le parecen bien cualquiera de las dos opciones. En realidad, como uno de los organizadores de esa semana festiva y reivindicativa que este a\u00f1o ir\u00e1 del 2 al 8 de septiembre, le parece bien todo lo que signifique que la cita atraiga al mayor n\u00famero de personas posible porque, de hecho, ah\u00ed est\u00e1 el secreto del \u00e9xito: que el Pride sea un evento del que puedan disfrutar todos.<\/p>   <p>Torres ha pasado por los micr\u00f3fonos de Radio Benidorm-SER para avanzar la programaci\u00f3n de un Orgullo que volver\u00e1 a tener en ese multicolor y reivindicativo desfile de carrozas del s\u00e1bado el gran acto central, pero que llenar\u00e1 Benidorm de actividades durante toda la semana.<\/p>   <p>El programa del Benidorm Pride 2024<\/p>  <p><figure><img loading=\"lazy\" decoding=\"async\" src=\"https:\/\/cadenaser.com\/resizer\/v2\/UVNDBN564VBIVK2PEH75T5D5PI.jpeg?auth=8889733a39e4d4b601d1e93b24053931bd37165a05a39a2f16272625ece87432&amp;quality=70&amp;width=650&amp;height=780&amp;smart=true\" width=\"5\" height=\"6\" \/><\/figure><button class=\"bt-am\">Ampliar<\/button><\/p> ","protected":false},"excerpt":{"rendered":"<p>Santos Torres avanza en Hoy por Hoy Benidorm la programaci\u00f3n del Pride 2024<\/p>\n","protected":false},"author":0,"featured_media":7778,"comment_status":"open","ping_status":"open","sticky":false,"template":"","format":"standard","meta":{"_acf_changed":false,"footnotes":""},"categories":[1],"tags":[],"class_list":["post-7777","post","type-post","status-publish","format-standard","has-post-thumbnail","hentry","category-sin-categoria"],"acf":{"ser_id":"EWWUD3ONW5A43LHPJSBUDDSDBY","ser_url":"https:\/\/cadenaser.com\/comunitat-valenciana\/2024\/08\/22\/benidorm-recibe-septiembre-con-orgullo-radio-benidorm\/"},"_links":{"self":[{"href":"https:\/\/serbenidorm.daliisolutions.com\/index.php\/wp-json\/wp\/v2\/posts\/7777","targetHints":{"allow":["GET"]}}],"collection":[{"href":"https:\/\/serbenidorm.daliisolutions.com\/index.php\/wp-json\/wp\/v2\/posts"}],"about":[{"href":"https:\/\/serbenidorm.daliisolutions.com\/index.php\/wp-json\/wp\/v2\/types\/post"}],"replies":[{"embeddable":true,"href":"https:\/\/serbenidorm.daliisolutions.com\/index.php\/wp-json\/wp\/v2\/comments?post=7777"}],"version-history":[{"count":0,"href":"https:\/\/serbenidorm.daliisolutions.com\/index.php\/wp-json\/wp\/v2\/posts\/7777\/revisions"}],"wp:featuredmedia":[{"embeddable":true,"href":"https:\/\/serbenidorm.daliisolutions.com\/index.php\/wp-json\/wp\/v2\/media\/7778"}],"wp:attachment":[{"href":"https:\/\/serbenidorm.daliisolutions.com\/index.php\/wp-json\/wp\/v2\/media?parent=7777"}],"wp:term":[{"taxonomy":"category","embeddable":true,"href":"https:\/\/serbenidorm.daliisolutions.com\/index.php\/wp-json\/wp\/v2\/categories?post=7777"},{"taxonomy":"post_tag","embeddable":true,"href":"https:\/\/serbenidorm.daliisolutions.com\/index.php\/wp-json\/wp\/v2\/tags?post=7777"}],"curies":[{"name":"wp","href":"https:\/\/api.w.org\/{rel}","templated":true}]}}