{"id":7795,"date":"2024-08-23T20:25:01","date_gmt":"2024-08-23T18:25:01","guid":{"rendered":"https:\/\/serbenidorm.daliisolutions.com\/index.php\/2024\/08\/23\/polop-presenta-un-completo-y-ambicioso-tardor-cultural\/"},"modified":"2024-08-23T20:25:01","modified_gmt":"2024-08-23T18:25:01","slug":"polop-presenta-un-completo-y-ambicioso-tardor-cultural","status":"publish","type":"post","link":"https:\/\/serbenidorm.daliisolutions.com\/index.php\/2024\/08\/23\/polop-presenta-un-completo-y-ambicioso-tardor-cultural\/","title":{"rendered":"Polop presenta un completo y ambicioso \u2018Tardor Cultural\u2019"},"content":{"rendered":"  <p>Benidorm<\/p>   <p>Reci\u00e9n terminadas las Fiestas del Porrat y poco antes de que arranquen las de la pedan\u00eda de Xirles, Polop dar\u00e1 este fin de semana el pistoletazo de salida a su \u2018Tardor Cultural\u2019, un ambicioso y completo programa de actos que ha sido presentado por la concejala del \u00e1rea, \u00c1ngela Fuster; el alcalde de Polop, Jos\u00e9 Luis Susmozas y representantes de distintas asociaciones culturales del municipio en un programa especial de Hoy por Hoy Benidorm emitido desde la Pla\u00e7a del Xorros.<\/p>   <p>Bartolom\u00e9 Teuler, de la Colla El Ginjoler; Maribel P\u00e9rez, Club de Dan\u00e7es El Porxet y Miguel Santamar\u00eda, de la Polif\u00f3nica Antonio Berenguer han sido los encargados, junto a los dos representantes municipales, de ir desvelando una programaci\u00f3n que arrancar\u00e1 este mismo domingo con un recital de xirimita y tabalet a cargo de la Colla El Ginjoler y la Colla El Portixol, que se desplazar\u00e1 desde X\u00e0bia a Polop para este concierto.<\/p>   <p>Los actos, hasta completar un total de once, se prolongar\u00e1n durante todo el mes de septiembre y llegar\u00e1n hasta el 13 de octubre, cuando la Polif\u00f3nica Antonio Berenguer se encargue de poner el punto final a este oto\u00f1o cultural polopino en compa\u00f1\u00eda con el coro de la Asociaci\u00f3n Cultural Recreativa La Barqueta de Benidorm.<\/p>   <p><b>Programaci\u00f3n del &#8216;Tardor Cultural 2024&#8217;<\/b><\/p>  <p><figure><img loading=\"lazy\" decoding=\"async\" src=\"https:\/\/cadenaser.com\/resizer\/v2\/ECKLH76SABAOTB5DGQER7ETA24.jpg?auth=c8ff22a49de587fe3d5cce281d6faf67bf6c898af104175d929789c6c84b60cb&amp;quality=70&amp;width=650&amp;height=780&amp;smart=true\" width=\"5\" height=\"6\" \/><\/figure><button class=\"bt-am\">Ampliar<\/button><\/p> ","protected":false},"excerpt":{"rendered":"<p>La programaci\u00f3n cultural del oto\u00f1o polopino se ha presentado en un Hoy por Hoy emitido desde la Pla\u00e7a dels Xorros<\/p>\n","protected":false},"author":0,"featured_media":7796,"comment_status":"open","ping_status":"open","sticky":false,"template":"","format":"standard","meta":{"_acf_changed":false,"footnotes":""},"categories":[1],"tags":[],"class_list":["post-7795","post","type-post","status-publish","format-standard","has-post-thumbnail","hentry","category-sin-categoria"],"acf":{"ser_id":"OTAVPIQD5JEPXGVW6V7ABTEW64","ser_url":"https:\/\/cadenaser.com\/comunitat-valenciana\/2024\/08\/23\/polop-presenta-un-completo-y-ambicioso-tardor-cultural-radio-benidorm\/"},"_links":{"self":[{"href":"https:\/\/serbenidorm.daliisolutions.com\/index.php\/wp-json\/wp\/v2\/posts\/7795","targetHints":{"allow":["GET"]}}],"collection":[{"href":"https:\/\/serbenidorm.daliisolutions.com\/index.php\/wp-json\/wp\/v2\/posts"}],"about":[{"href":"https:\/\/serbenidorm.daliisolutions.com\/index.php\/wp-json\/wp\/v2\/types\/post"}],"replies":[{"embeddable":true,"href":"https:\/\/serbenidorm.daliisolutions.com\/index.php\/wp-json\/wp\/v2\/comments?post=7795"}],"version-history":[{"count":0,"href":"https:\/\/serbenidorm.daliisolutions.com\/index.php\/wp-json\/wp\/v2\/posts\/7795\/revisions"}],"wp:featuredmedia":[{"embeddable":true,"href":"https:\/\/serbenidorm.daliisolutions.com\/index.php\/wp-json\/wp\/v2\/media\/7796"}],"wp:attachment":[{"href":"https:\/\/serbenidorm.daliisolutions.com\/index.php\/wp-json\/wp\/v2\/media?parent=7795"}],"wp:term":[{"taxonomy":"category","embeddable":true,"href":"https:\/\/serbenidorm.daliisolutions.com\/index.php\/wp-json\/wp\/v2\/categories?post=7795"},{"taxonomy":"post_tag","embeddable":true,"href":"https:\/\/serbenidorm.daliisolutions.com\/index.php\/wp-json\/wp\/v2\/tags?post=7795"}],"curies":[{"name":"wp","href":"https:\/\/api.w.org\/{rel}","templated":true}]}}