{"id":7797,"date":"2024-08-23T20:25:03","date_gmt":"2024-08-23T18:25:03","guid":{"rendered":"https:\/\/serbenidorm.daliisolutions.com\/index.php\/2024\/08\/23\/aplazada-la-travesia-de-lilla-por-el-aviso-de-temporal-marino\/"},"modified":"2024-08-23T20:25:03","modified_gmt":"2024-08-23T18:25:03","slug":"aplazada-la-travesia-de-lilla-por-el-aviso-de-temporal-marino","status":"publish","type":"post","link":"https:\/\/serbenidorm.daliisolutions.com\/index.php\/2024\/08\/23\/aplazada-la-travesia-de-lilla-por-el-aviso-de-temporal-marino\/","title":{"rendered":"Aplazada la Traves\u00eda de l\u2019Illa por el aviso de temporal marino"},"content":{"rendered":"  <p>Benidorm<\/p>   <p>Aunque todo hace pensar que el fin de semana arrancar\u00e1 con buen tiempo en la Marina Baixa, las predicciones avanzan un giro radical de la situaci\u00f3n para el domingo, cuando se espera que se puedan producir tormentas que traer\u00e1n lluvias de distintas intensidad y un temporal mar\u00edtimo que ha llevado al ayuntamiento de Benidorm a tomar la determinaci\u00f3n de aplazar la 22\u00aa edici\u00f3n de la Traves\u00eda de l\u2019Illa prevista para ese d\u00eda.<\/p>   <p>Tal y como ha informado el concejal de Deportes de la capital tur\u00edstica de la Costa Blanca, Javier Jord\u00e1, \u201cla previsi\u00f3n para este domingo muestra un estado del mar incompatible con la realizaci\u00f3n de la traves\u00eda, con vientos de m\u00e1s de 20 nudos y olas de 80 cent\u00edmetros en torno a las 9:00 horas, pudiendo la situaci\u00f3n agravarse a lo largo de la ma\u00f1ana\u201d.<\/p>   <p>As\u00ed las cosas, los 300 nadadores que hab\u00edan formalizado su inscripci\u00f3n para esta prueba popular que une a nado la isla de Benidorm con la playa del Mal Pas se deber\u00e1 de disputar una semana m\u00e1s tarde, el domingo d\u00eda 1 de septiembre, siempre y cuando las condiciones climatol\u00f3gicas lo permitan en ese momento.<\/p>   <p>Javier Jord\u00e1 tambi\u00e9n ha explicado que esos 300 nadadores ya inscritos para este domingo mantendr\u00e1n su plaza para la nueva fecha sin tener que realizar ning\u00fan tr\u00e1mite a\u00f1adido.<\/p> ","protected":false},"excerpt":{"rendered":"<p>La prueba, prevista para este domingo, se celebrar\u00e1 una semana m\u00e1s tarde, el 1 de septiembre<\/p>\n","protected":false},"author":0,"featured_media":7798,"comment_status":"open","ping_status":"open","sticky":false,"template":"","format":"standard","meta":{"_acf_changed":false,"footnotes":""},"categories":[1],"tags":[],"class_list":["post-7797","post","type-post","status-publish","format-standard","has-post-thumbnail","hentry","category-sin-categoria"],"acf":{"ser_id":"2Y3HNCEQ4ZBM7FXX5M7YKCNMGE","ser_url":"https:\/\/cadenaser.com\/comunitat-valenciana\/2024\/08\/23\/aplazada-la-travesia-de-lilla-por-el-aviso-de-temporal-marino-radio-benidorm\/"},"_links":{"self":[{"href":"https:\/\/serbenidorm.daliisolutions.com\/index.php\/wp-json\/wp\/v2\/posts\/7797","targetHints":{"allow":["GET"]}}],"collection":[{"href":"https:\/\/serbenidorm.daliisolutions.com\/index.php\/wp-json\/wp\/v2\/posts"}],"about":[{"href":"https:\/\/serbenidorm.daliisolutions.com\/index.php\/wp-json\/wp\/v2\/types\/post"}],"replies":[{"embeddable":true,"href":"https:\/\/serbenidorm.daliisolutions.com\/index.php\/wp-json\/wp\/v2\/comments?post=7797"}],"version-history":[{"count":0,"href":"https:\/\/serbenidorm.daliisolutions.com\/index.php\/wp-json\/wp\/v2\/posts\/7797\/revisions"}],"wp:featuredmedia":[{"embeddable":true,"href":"https:\/\/serbenidorm.daliisolutions.com\/index.php\/wp-json\/wp\/v2\/media\/7798"}],"wp:attachment":[{"href":"https:\/\/serbenidorm.daliisolutions.com\/index.php\/wp-json\/wp\/v2\/media?parent=7797"}],"wp:term":[{"taxonomy":"category","embeddable":true,"href":"https:\/\/serbenidorm.daliisolutions.com\/index.php\/wp-json\/wp\/v2\/categories?post=7797"},{"taxonomy":"post_tag","embeddable":true,"href":"https:\/\/serbenidorm.daliisolutions.com\/index.php\/wp-json\/wp\/v2\/tags?post=7797"}],"curies":[{"name":"wp","href":"https:\/\/api.w.org\/{rel}","templated":true}]}}