{"id":782,"date":"2023-12-20T15:54:22","date_gmt":"2023-12-20T14:54:22","guid":{"rendered":"https:\/\/serbenidorm.daliisolutions.com\/index.php\/2023\/12\/20\/benidorm-en-2024-segunda-fase-de-la-avenida-mediterraneo-y-renovacion-completa-de-la-catenaria-de-levante\/"},"modified":"2023-12-20T15:54:22","modified_gmt":"2023-12-20T14:54:22","slug":"benidorm-en-2024-segunda-fase-de-la-avenida-mediterraneo-y-renovacion-completa-de-la-catenaria-de-levante","status":"publish","type":"post","link":"https:\/\/serbenidorm.daliisolutions.com\/index.php\/2023\/12\/20\/benidorm-en-2024-segunda-fase-de-la-avenida-mediterraneo-y-renovacion-completa-de-la-catenaria-de-levante\/","title":{"rendered":"Benidorm en 2024: segunda fase de la avenida Mediterr\u00e1neo y renovaci\u00f3n completa de la catenaria de Levante"},"content":{"rendered":"  <p>Benidorm<\/p>   <p>El alcalde de Benidorm, Toni P\u00e9rez, ha hecho un balance del 2023 muy centrado en la gesti\u00f3n econ\u00f3mica afirmando que el Ayuntamiento es \u201cmuy solvente\u201d y que<a href=\"https:\/\/cadenaser.com\/tag\/benidorm\/a\/\" target=\"_blank\" rel=\"noopener\"> la deuda municipal est\u00e1 en 33 millones de euros<\/a> y ha anunciado que 2024 ser\u00e1 el a\u00f1o de la segunda fase de la Avenida del Mediterr\u00e1neo, de la finalizaci\u00f3n de la catenaria del Paseo de Levante y del inicio de las obras del IES Pere Mar\u00eda Orts i Bosch.<\/p>   <p>En su encuentro con los medios de comunicaci\u00f3n P\u00e9rez ha hecho hincapi\u00e9 en la \u201ccalidad de la deuda municipal\u201d que cifra en 33 millones de euros y recuerda que la cifra es \u201cmenos de la mitad\u201d de la que se encontr\u00f3 su Gobierno cuando accedi\u00f3 al Ayuntamiento en 2015. <\/p>   <p><p>M\u00e1s informaci\u00f3n<\/p><figure><img decoding=\"async\" src=\"https:\/\/cadenaser.com\/resizer\/yj0nkQDb2ZY7QfRivZq__znGKRk=\/650x366\/filters:quality(70)\/cloudfront-eu-central-1.images.arcpublishing.com\/prisaradio\/NMKNO5YJDNCCJAFPWGRVHN6GEM.jpg\" loading=\"lazy\" width=\"828\" height=\"621\" \/><\/figure><ul><li><a href=\"https:\/\/cadenaser.com\/comunitat-valenciana\/2023\/12\/14\/328-millones-de-euros-y-15-anos-las-nuevas-condiciones-del-contrato-de-la-basura-de-benidorm-enfrentan-a-pp-y-psoe-radio-benidorm\/\">328 millones de euros y 15 a\u00f1os: las nuevas condiciones del contrato de la basura de Benidorm enfrentan a PP y PSOE<\/a><\/li><\/ul><\/p>   <p>Adem\u00e1s indica que el Consistorio a\u00fan tiene mucha capacidad para endeudarse \u201csin necesidad de pedir permiso\u201d gracias a haber cancelado de forma anticipada el Plan de Ajuste. \u201cUn Ayuntamiento puede endeudarse hasta el 75% de su presupuesto anual y nosotros no llegamos ahora ni al 33%\u201d, ha especificado.<\/p>   <p>Con respecto a los proyectos previstos para 2024 el primer edil ha anunciado que ser\u00e1 el a\u00f1o en el que se encargue la redacci\u00f3n del proyecto de ejecuci\u00f3n de una nueva fase de remodelaci\u00f3n de la Avenida del Mediterr\u00e1neo. Concretamente el tramo que enlaza la Avenida Europa Europa con la Avenida Filipinas. Restar\u00e1 una \u00faltima fase correspondiente al resto de la Avenida del Mediterr\u00e1neo hasta la Avenida Ametlla de Mar.<\/p>   <p>El  a\u00f1o que viene tambi\u00e9n ver\u00e1 la finalizaci\u00f3n de la obra de renovaci\u00f3n de  la catenaria del Paseo de Levante y las farolas ornamentales y el inicio de las obras del nuevo edificio del IES Pere Maria Orts i Bosch. \u201cEn este 2024 mantendremos nuestro esp\u00edritu y capacidad inversora finalizando la renovaci\u00f3n integral de la catenaria y se retomar\u00e1n las obras del IES Pere Mar\u00eda Orts i Bosch poniendo fin a una pesadilla que ha lacerado a la comunidad educativa en los \u00faltimos a\u00f1os\u201d, ha manifestado P\u00e9rez.<\/p>   <p>Otras claves<\/p>   <p>Igualmente, el primer edil ha avanzado que tambi\u00e9n durante 2024 se va a poner suelo a disposici\u00f3n de la Generalitat Valenciana para propiciar la construcci\u00f3n de 600 viviendas protegidas durante este mandato.<\/p>   <p>En materia de servicios, el alcalde ha anunciado la licitaci\u00f3n de importantes contratos municipales para el a\u00f1o que viene como el de la gesti\u00f3n de parques y jardines, limpieza de dependencias municipales, alumbrado p\u00fablico y gesti\u00f3n y regulaci\u00f3n del tr\u00e1fico.<\/p>   <p>En cuanto a inversiones supramunicipales el plazo para ejecutar la Estrategia de Desarrollo Urbano Sostenible e Integrado (EDUSI) expira el 31 de diciembre y Benidorm llegar\u00e1 la  fecha con proyectos pendientes. De los 21 millones con los que la ciudad valor\u00f3 los proyectos enmarcados en esta estrategia y de los que la mitad proced\u00edan de fondos europeos, Benidorm cerrar\u00e1 el a\u00f1o y el plazo final habiendo ejecutado obras por valor de 10 millones de euros de inversi\u00f3n.<\/p>   <p>Sin embargo que alcalde ha insistido en que, en estos proyectos, el  Ayuntamiento ha pagado su parte sin que haya recibido a\u00fan la aportaci\u00f3n que deb\u00eda hacer el Gobierno de Espa\u00f1a de fondos europeos. P\u00e9rez reivindica que el Estado es \u201cel principal  deudor\u201d del municipio y cifra en 5,3 millones el importe que el Gobierno adeudar\u00e1 por la EDUSI a 31 de diciembre.<\/p>   <p>El PSOE critica el \u00abolvido\u00bb de la renovaci\u00f3n de Emilio Ortu\u00f1o<\/p>   <p>Y tras todo ese encuentro del alcalde con los medios la oposici\u00f3n subraya un punto del que no se ha hablado: la remodelaci\u00f3n de la V\u00eda Emilio Ortu\u00f1o.<a href=\"https:\/\/cadenaser.com\/tag\/pspv_psoe_partido_socialista_pais_valencia\/a\/\" target=\"_blank\" rel=\"noopener\"> El PSOE denuncia que lleva \u00abun a\u00f1o olvidada en un caj\u00f3n\u00bb<\/a>.<\/p>   <p>El portavoz adjunto socialista, Sergi Castillo, ha criticado que no se sepa nada del proyecto desde que el Gobierno del PP decidiera no adjudicar la obra a la \u00fanica empresa que se present\u00f3 a la licitaci\u00f3n en octubre de 2022.<\/p>   <p>As\u00ed, Castillo ha se\u00f1alado que \u201ccreemos que el Gobierno est\u00e1 ocultando los motivos reales que han llevado a tener esta obra parada y sin noticias durante el \u00faltimo a\u00f1o\u201d. \u201cNos preocupa que siga pasando el tiempo y que no sepamos nada de c\u00f3mo avanza el proyecto, lo que nos hace plantearnos la posibilidad de que la concesionaria no quiera hacerse cargo ya de la obra y que el Ayuntamiento no pueda sufragarla por su complicada situaci\u00f3n econ\u00f3mica\u201d, ha afirmado.<\/p> ","protected":false},"excerpt":{"rendered":"<p>Dos de los anuncios que ha hecho el alcalde Toni P\u00e9rez en un encuentro navide\u00f1o con los medios de comunicaci\u00f3n<\/p>\n","protected":false},"author":0,"featured_media":783,"comment_status":"open","ping_status":"open","sticky":false,"template":"","format":"standard","meta":{"_acf_changed":false,"footnotes":""},"categories":[1],"tags":[],"class_list":["post-782","post","type-post","status-publish","format-standard","has-post-thumbnail","hentry","category-sin-categoria"],"acf":{"ser_id":"HTBGNTOAAFBVHALBMALDGY5ODI","ser_url":"https:\/\/cadenaser.com\/comunitat-valenciana\/2023\/12\/20\/benidorm-en-2024-segunda-fase-de-la-avenida-mediterraneo-y-renovacion-completa-de-la-catenaria-de-levante-radio-benidorm\/"},"_links":{"self":[{"href":"https:\/\/serbenidorm.daliisolutions.com\/index.php\/wp-json\/wp\/v2\/posts\/782","targetHints":{"allow":["GET"]}}],"collection":[{"href":"https:\/\/serbenidorm.daliisolutions.com\/index.php\/wp-json\/wp\/v2\/posts"}],"about":[{"href":"https:\/\/serbenidorm.daliisolutions.com\/index.php\/wp-json\/wp\/v2\/types\/post"}],"replies":[{"embeddable":true,"href":"https:\/\/serbenidorm.daliisolutions.com\/index.php\/wp-json\/wp\/v2\/comments?post=782"}],"version-history":[{"count":0,"href":"https:\/\/serbenidorm.daliisolutions.com\/index.php\/wp-json\/wp\/v2\/posts\/782\/revisions"}],"wp:featuredmedia":[{"embeddable":true,"href":"https:\/\/serbenidorm.daliisolutions.com\/index.php\/wp-json\/wp\/v2\/media\/783"}],"wp:attachment":[{"href":"https:\/\/serbenidorm.daliisolutions.com\/index.php\/wp-json\/wp\/v2\/media?parent=782"}],"wp:term":[{"taxonomy":"category","embeddable":true,"href":"https:\/\/serbenidorm.daliisolutions.com\/index.php\/wp-json\/wp\/v2\/categories?post=782"},{"taxonomy":"post_tag","embeddable":true,"href":"https:\/\/serbenidorm.daliisolutions.com\/index.php\/wp-json\/wp\/v2\/tags?post=782"}],"curies":[{"name":"wp","href":"https:\/\/api.w.org\/{rel}","templated":true}]}}