{"id":7838,"date":"2024-08-26T17:24:11","date_gmt":"2024-08-26T15:24:11","guid":{"rendered":"https:\/\/serbenidorm.daliisolutions.com\/index.php\/2024\/08\/26\/el-c-f-benidorm-no-renuncia-a-jugar-en-el-guillermo-amor-desde-el-arranque-liguero\/"},"modified":"2024-08-26T17:24:11","modified_gmt":"2024-08-26T15:24:11","slug":"el-c-f-benidorm-no-renuncia-a-jugar-en-el-guillermo-amor-desde-el-arranque-liguero","status":"publish","type":"post","link":"https:\/\/serbenidorm.daliisolutions.com\/index.php\/2024\/08\/26\/el-c-f-benidorm-no-renuncia-a-jugar-en-el-guillermo-amor-desde-el-arranque-liguero\/","title":{"rendered":"El C.F. Benidorm no renuncia a jugar en el Guillermo Amor desde el arranque liguero"},"content":{"rendered":"  <p>Benidorm<\/p>   <p>El C.F. Benidorm cuenta ya los d\u00edas para arrancar una nueva temporada en la que, adem\u00e1s, por primera vez en su historia militar\u00e1 en la Tercera RFEF <a href=\"https:\/\/cadenaser.com\/comunitat-valenciana\/2024\/04\/28\/campeones-radio-benidorm\/\" target=\"_blank\" rel=\"noopener\">tras el ascenso conseguido la pasada campa\u00f1a<\/a>.<\/p>   <p>Arranca, por lo tanto, un a\u00f1o con m\u00e1s interrogantes que certezas y en el que, al menos por el momento, es complicado poner un objetivo claro para el equipo que volver\u00e1 a dirigir Miguel \u00c1ngel Mart\u00ednez. As\u00ed, al menos, lo ha reconocido el director deportivo de la entidad, Agust\u00edn Alves, en <a href=\"https:\/\/cadenaser.com\/radio-benidorm\/hoy-por-hoy-benidorm\/\" target=\"_blank\" rel=\"noopener\">Hoy por Hoy Benidorm<\/a>, cuando ha afirmado que \u201cha sido muy dif\u00edcil para el <a href=\"https:\/\/cadenaser.com\/tag\/club_futbol_benidorm\/a\/\" target=\"_blank\" rel=\"noopener\">C.F. Benidorm<\/a> volver a estar en esta categor\u00eda, as\u00ed que m\u00e1s que pensar ahora en un ascenso a Segunda RFEF hay que pensar en mantenerse e intentar competir lo mejor posible para salvarnos y luego el tiempo dir\u00e1 d\u00f3nde podemos estar\u201d.<\/p>   <p>En cualquier caso, Alves se ha mostrado optimista ya que \u201cla pretemporada est\u00e1 siendo muy buena y nos est\u00e1 diciendo d\u00f3nde vamos a poder competir. Nos est\u00e1 dando buenas se\u00f1ales. Hay muy buenos equipos en la categor\u00eda y muchos factores como los campos, que tambi\u00e9n juegan su puntito. Esperemos que lo que nos est\u00e1 diciendo la pretemporada nos sirva teniendo en cuenta que tenemos un buen factor que es que hay mucha base de trabajo ya hecha y que la gente que se ha sumado lo ha hecho muy bien\u201d.<\/p>   <p><b>Regreso al Guillermo Amor<\/b><\/p>   <p>Despu\u00e9s de que los da\u00f1os ocasionados en el terreno de juego durante la celebraci\u00f3n del Low Festival impidieran la pasada temporada que el C.F. Benidorm jugara en su estadio hasta el mes de enero, desde el club se conf\u00eda en que este a\u00f1o el Guillermo Amor sea el feudo de sus partidos como local desde el primer momento.<\/p>   <p>Alves reconoce que \u201cse han tomado muchas precauciones que otros a\u00f1os no se tuvieron\u201d, aunque tambi\u00e9n ha explicado que \u201chan surgido imprevistos en el desmontaje que han afectado al riego del estadio y todav\u00eda no est\u00e1 solucionado por completo\u201d.<\/p>   <p>     .c-w{         max-width:444px;         width:100%;         margin:16px auto;      background:#00755E;         border-radius:4px;         display:flex;         align-items:center;         justify-content:center;     }     .c-w a{         display:flex;         align-items:center;         justify-content:center;         padding:4px 24px;     }     .c-w img{         width:24px;         margin-right:12px;     }     .c-w p{         font:18px\/25px Poppins;         text-align:center;         color:#fff;         margin:0;     }     @media (max-width:444px){         .c-w a{             padding:4px 12px;         }         .c-w img{             width:24px;             margin-right:8px;         }         .c-w p{             font:14px\/25px Poppins;         }     }     @media (max-width:335px){         .c-w p{             font:13px\/25px Poppins;         }     }  <div class=\"c-w\">     <a href=\"https:\/\/www.whatsapp.com\/channel\/0029Va633PF9WtC4l7XUzh1e\" target=\"_blank\" rel=\"noopener\">         <img decoding=\"async\" src=\"https:\/\/cadenaser.com\/estaticos\/recursosgraficos\/responsive\/img\/ico-whatsapp.svg\" alt=\"Whatsapp\">         <p>\u00danete al <b>canal de WhatsApp<\/b> de la SER<\/p>     <\/a> <\/div><\/p>   <p>Para ganar algo de tiempo, \u201cnosotros solicitamos jugar la primera jornada fuera\u201d, subray\u00f3 el director deportivo de la entidad, que dej\u00f3 claro que \u201cnosotros queremos jugar el primer partido en Benidorm y creo que todo el mundo tiene que hacer esfuerzos para que eso se produzca. Otros a\u00f1os quiz\u00e1s no tuvimos ese miedo a jugar en otro campo, pero el primer partido en Tercera RFEF del C.F. Benidorm lo tiene que jugar en Benidorm. Para eso, todo el mundo se tiene que alinear en trabajar mucho y darle mucha prioridad a que el campo est\u00e9 en condiciones\u201d.<\/p>   <p>Un objetivo que, ha afirmado Agust\u00edn Alves, se ha visto comprometido porque \u201chan venido muchos imprevistos y hay temas que se deben de solucionar desde la Concejal\u00eda\u201d, aunque tambi\u00e9n ha aplaudido que el edil del \u00e1rea de Deportes, Javier Jord\u00e1, \u201cest\u00e1 trabajando mucho, pero hace falta que todo el mundo le ayude. Hay diez meses de competici\u00f3n y el C.F. Benidorm quiere estar en su estadio\u201d.<\/p> ","protected":false},"excerpt":{"rendered":"<p>El equipo de Miguel \u00c1ngel Mart\u00ednez deber\u00eda debutar como local el d\u00eda 15 de septiembre frente al Vall d\u2019Ux\u00f3<\/p>\n","protected":false},"author":0,"featured_media":7839,"comment_status":"open","ping_status":"open","sticky":false,"template":"","format":"standard","meta":{"_acf_changed":false,"footnotes":""},"categories":[1],"tags":[],"class_list":["post-7838","post","type-post","status-publish","format-standard","has-post-thumbnail","hentry","category-sin-categoria"],"acf":{"ser_id":"LZT67YW3ERAZRFS44HS462A3OY","ser_url":"https:\/\/cadenaser.com\/comunitat-valenciana\/2024\/08\/26\/el-cf-benidorm-no-renuncia-a-jugar-en-el-guillermo-amor-desde-el-arranque-liguero-radio-benidorm\/"},"_links":{"self":[{"href":"https:\/\/serbenidorm.daliisolutions.com\/index.php\/wp-json\/wp\/v2\/posts\/7838","targetHints":{"allow":["GET"]}}],"collection":[{"href":"https:\/\/serbenidorm.daliisolutions.com\/index.php\/wp-json\/wp\/v2\/posts"}],"about":[{"href":"https:\/\/serbenidorm.daliisolutions.com\/index.php\/wp-json\/wp\/v2\/types\/post"}],"replies":[{"embeddable":true,"href":"https:\/\/serbenidorm.daliisolutions.com\/index.php\/wp-json\/wp\/v2\/comments?post=7838"}],"version-history":[{"count":0,"href":"https:\/\/serbenidorm.daliisolutions.com\/index.php\/wp-json\/wp\/v2\/posts\/7838\/revisions"}],"wp:featuredmedia":[{"embeddable":true,"href":"https:\/\/serbenidorm.daliisolutions.com\/index.php\/wp-json\/wp\/v2\/media\/7839"}],"wp:attachment":[{"href":"https:\/\/serbenidorm.daliisolutions.com\/index.php\/wp-json\/wp\/v2\/media?parent=7838"}],"wp:term":[{"taxonomy":"category","embeddable":true,"href":"https:\/\/serbenidorm.daliisolutions.com\/index.php\/wp-json\/wp\/v2\/categories?post=7838"},{"taxonomy":"post_tag","embeddable":true,"href":"https:\/\/serbenidorm.daliisolutions.com\/index.php\/wp-json\/wp\/v2\/tags?post=7838"}],"curies":[{"name":"wp","href":"https:\/\/api.w.org\/{rel}","templated":true}]}}