{"id":784,"date":"2023-12-20T15:54:22","date_gmt":"2023-12-20T14:54:22","guid":{"rendered":"https:\/\/serbenidorm.daliisolutions.com\/index.php\/2023\/12\/20\/la-vila-joiosa-consigue-un-sendero-azul-en-la-colada-de-la-costa\/"},"modified":"2023-12-20T15:54:22","modified_gmt":"2023-12-20T14:54:22","slug":"la-vila-joiosa-consigue-un-sendero-azul-en-la-colada-de-la-costa","status":"publish","type":"post","link":"https:\/\/serbenidorm.daliisolutions.com\/index.php\/2023\/12\/20\/la-vila-joiosa-consigue-un-sendero-azul-en-la-colada-de-la-costa\/","title":{"rendered":"La Vila Joiosa consigue un Sendero Azul en la Colada de la Costa"},"content":{"rendered":"  <p>La Vila Joiosa<\/p>   <p>El sendero de la Colada de Costa, que une la playa de El Torres y La Cala bordeando la costa vilera, ha recibido el galard\u00f3n Bandera Sendero Azul 2024. <a href=\"https:\/\/cadenaser.com\/tag\/vila_joiosa\/a\/\" target=\"_blank\" rel=\"noopener\">Es el primer reconocimiento a La Vila Joiosa en este sentido<\/a>.<\/p>   <p>La Asociaci\u00f3n de Educaci\u00f3n Ambiental y del Consumidor (ADEAC) concede este premio a espacios naturales y saludables con el fin de reconocer el compromiso de municipios y administraciones p\u00fablicas en la recuperaci\u00f3n y puesta en valor de senderos e itinerarios que promueven la educaci\u00f3n ambiental y el disfrute sostenible de nuestro entorno.<\/p>   <p>El concejal de Medio Ambiente, Carlos Soler, destaca que \u201ces la primera vez que este sendero forestal recibe este reconocimiento, por lo que me enorgullece que el trabajo de limpieza y protecci\u00f3n de los espacios naturales del municipio, como es este, d\u00e9 sus frutos, puesto que estos espacios nos protegen, adem\u00e1s de que el Sendero de la Costa se ha convertido en un reclamo de turismo activo por su proximidad con el mar, tambi\u00e9n\u201d.<\/p>   <p><p>M\u00e1s informaci\u00f3n<\/p><figure><img decoding=\"async\" src=\"https:\/\/cadenaser.com\/resizer\/0I4-KdtMljIxzhpHJe6LAvH2vFk=\/650x366\/filters:quality(70)\/cloudfront-eu-central-1.images.arcpublishing.com\/prisaradio\/2L6GZ2QGDZDGPDASJMXYYANDIE.jpeg\" loading=\"lazy\" width=\"828\" height=\"621\" \/><\/figure><ul><li><a href=\"https:\/\/cadenaser.com\/comunitat-valenciana\/2023\/12\/19\/la-vila-joiosa-en-2024-el-alcalde-promete-reactivar-la-casa-de-la-musica-y-crear-los-sindicos-de-barrio-radio-benidorm\/\">La Vila Joiosa en 2024: el alcalde promete reactivar la Casa de la M\u00fasica y crear los S\u00edndicos de Barrio<\/a><\/li><\/ul><\/p>   <p>El programa Senderos Azules premia y reconoce la conservaci\u00f3n y recuperaci\u00f3n de senderos e itinerarios, transformados en valiosos recursos para la interpretaci\u00f3n y la educaci\u00f3n ambiental, as\u00ed como para el disfrute de la naturaleza a trav\u00e9s de la realizaci\u00f3n de actividades recreativas, deportivas y tur\u00edsticas sostenibles.<\/p>   <p>Para obtener el galard\u00f3n Sendero Azul se deben cumplir un conjunto de criterios e indicadores, que se agrupan en cuatro categor\u00edas: caracter\u00edsticas de las sendas y trazados; informaci\u00f3n, se\u00f1al\u00e9tica e infraestructuras en los senderos; conservaci\u00f3n y gesti\u00f3n del patrimonio natural y cultural; y uso p\u00fablico de los senderos.<\/p>   <p>El n\u00famero de Senderos Azules galardonados en 2024 asciende a 128, con 30 nuevos senderos, entre los que se encuentra el de Villajoyosa, y una red que roza los 860 kil\u00f3metros. Los Senderos Azules est\u00e1n presentes en 115 municipios de 21 provincias.<\/p>   <p>Senderos Azules en nuestra provincia<\/p>   <p>En la de Alicante se localizan el Sendero Azul de la bah\u00eda en Altea, el Paseo Ecol\u00f3gico Litoral en Benissa, el Sendero Ecol\u00f3gico de Calaga a Bassetes en Calpe, el Sendero Azul Cam\u00ed Vell del Far en Alfaz del Pi y el Sendero Azul Cabo Roig: Cala Capit\u00e1n-La Caleta en Orihuela.<\/p> ","protected":false},"excerpt":{"rendered":"<p>Entre la playa del Torres y La Cala<\/p>\n","protected":false},"author":0,"featured_media":785,"comment_status":"open","ping_status":"open","sticky":false,"template":"","format":"standard","meta":{"_acf_changed":false,"footnotes":""},"categories":[1],"tags":[],"class_list":["post-784","post","type-post","status-publish","format-standard","has-post-thumbnail","hentry","category-sin-categoria"],"acf":{"ser_id":"FZBZQRUZMFHBFOADS65ZNF7XWM","ser_url":"https:\/\/cadenaser.com\/comunitat-valenciana\/2023\/12\/20\/la-vila-joiosa-consigue-un-sendero-azul-en-la-colada-de-la-costa-radio-benidorm\/"},"_links":{"self":[{"href":"https:\/\/serbenidorm.daliisolutions.com\/index.php\/wp-json\/wp\/v2\/posts\/784","targetHints":{"allow":["GET"]}}],"collection":[{"href":"https:\/\/serbenidorm.daliisolutions.com\/index.php\/wp-json\/wp\/v2\/posts"}],"about":[{"href":"https:\/\/serbenidorm.daliisolutions.com\/index.php\/wp-json\/wp\/v2\/types\/post"}],"replies":[{"embeddable":true,"href":"https:\/\/serbenidorm.daliisolutions.com\/index.php\/wp-json\/wp\/v2\/comments?post=784"}],"version-history":[{"count":0,"href":"https:\/\/serbenidorm.daliisolutions.com\/index.php\/wp-json\/wp\/v2\/posts\/784\/revisions"}],"wp:featuredmedia":[{"embeddable":true,"href":"https:\/\/serbenidorm.daliisolutions.com\/index.php\/wp-json\/wp\/v2\/media\/785"}],"wp:attachment":[{"href":"https:\/\/serbenidorm.daliisolutions.com\/index.php\/wp-json\/wp\/v2\/media?parent=784"}],"wp:term":[{"taxonomy":"category","embeddable":true,"href":"https:\/\/serbenidorm.daliisolutions.com\/index.php\/wp-json\/wp\/v2\/categories?post=784"},{"taxonomy":"post_tag","embeddable":true,"href":"https:\/\/serbenidorm.daliisolutions.com\/index.php\/wp-json\/wp\/v2\/tags?post=784"}],"curies":[{"name":"wp","href":"https:\/\/api.w.org\/{rel}","templated":true}]}}