{"id":7848,"date":"2024-08-27T12:39:48","date_gmt":"2024-08-27T10:39:48","guid":{"rendered":"https:\/\/serbenidorm.daliisolutions.com\/index.php\/2024\/08\/27\/fiestas-de-san-agustin-en-la-playa-centro-de-la-vila-joiosa-del-28-de-agosto-al-2-de-septiembre\/"},"modified":"2024-08-27T12:39:48","modified_gmt":"2024-08-27T10:39:48","slug":"fiestas-de-san-agustin-en-la-playa-centro-de-la-vila-joiosa-del-28-de-agosto-al-2-de-septiembre","status":"publish","type":"post","link":"https:\/\/serbenidorm.daliisolutions.com\/index.php\/2024\/08\/27\/fiestas-de-san-agustin-en-la-playa-centro-de-la-vila-joiosa-del-28-de-agosto-al-2-de-septiembre\/","title":{"rendered":"Fiestas de San Agust\u00edn en la Playa Centro de La Vila Joiosa del 28 de agosto al 2 de septiembre"},"content":{"rendered":"  <p>La Vila Joiosa<\/p>   <p>El barrio de la Playa Centro de La Vila Joiosa celebra sus fiestas en honor a San Agust\u00edn del 28 de agosto al 2 de septiembre con actos para todos los p\u00fablicos y una nueva edici\u00f3n de su concurso culinario de \u00abCruet de Peix\u00bb. <\/p>   <p>El edil de Fiestas, Jaime Santamar\u00eda, ha explicado en Hoy por Hoy Benidorm que se trata de unos festejos \u00aben los que conviven festeros y turistas\u00bb y que son \u00abuna de las citas m\u00e1s entra\u00f1ables del verano\u00bb.<\/p>  <p><figure><img loading=\"lazy\" decoding=\"async\" src=\"https:\/\/cadenaser.com\/resizer\/v2\/GNZ6WKQZIFCORI3BF6VSOSBCJE.jpg?auth=56e5b47f50e8e4a6ae305b826dd9f2bf7f14cbc10b7295f7a6fd61a0ce7f2a5a&amp;quality=70&amp;width=650&amp;height=487&amp;smart=true\" width=\"4\" height=\"3\" \/><\/figure><button class=\"bt-am\">Ampliar<\/button><\/p>   <p>El programa de actos arranca el mi\u00e9rcoles 28 de agosto, d\u00eda de San Agust\u00edn, con la bajada de la imagen del santo a la playa centro. La imagen de San Agust\u00edn saldr\u00e1 a las 19.00 horas de la calle Polop y ser\u00e1 trasladada por los miembros de la comisi\u00f3n organizadora hasta el templo Cristo Resucitado donde, a las 19.30 horas, se oficiar\u00e1 una misa en su honor. Tras la ceremonia religiosa, los vecinos continuar\u00e1n la bajada del santo a la playa por la Costera de la Mar, acompa\u00f1ados de una colla de dulzainas.<\/p>   <p>La noche del jueves tendr\u00e1 lugar el t\u00edpico \u201csopar de cabasset\u201d por parte de los vecinos de la playa, cuya velada estar\u00e1 animada por el showman Acuario. El viernes, se celebrar\u00e1 la procesi\u00f3n, en la que la imagen del San Agust\u00edn recorrer\u00e1 las calles del barrio y, a continuaci\u00f3n, tendr\u00e1 lugar el preg\u00f3n de las fiestas a cargo del pregonero 2024, Miguel Fern\u00e1ndez Morales. La fiesta continuar\u00e1 con la actuaci\u00f3n en directo del grupo de m\u00fasica pop-rock La Guarida.<\/p>   <p>El s\u00e1bado por la ma\u00f1ana, despu\u00e9s de la tradicional \u201cdespert\u00e0\u201d, se organizar\u00e1n juegos populares para los m\u00e1s peque\u00f1os en el paseo mar\u00edtimo y a mediod\u00eda se ofrecer\u00e1 un servicio de barras con pescado frito y tapas, en el que colaboran los miembros de las compa\u00f1\u00edas Negres y Destralers, que ostentar\u00e1n los reinados moro y cristiano en las fiestas de 2025. La fiesta continuar\u00e1 por la tarde con una sesi\u00f3n de tardeo amenizada con actuaciones de m\u00fasica en directo.<\/p>   <p>     .c-w{         max-width:444px;         width:100%;         margin:16px auto;      background:#00755E;         border-radius:4px;         display:flex;         align-items:center;         justify-content:center;     }     .c-w a{         display:flex;         align-items:center;         justify-content:center;         padding:4px 24px;     }     .c-w img{         width:24px;         margin-right:12px;     }     .c-w p{         font:18px\/25px Poppins;         text-align:center;         color:#fff;         margin:0;     }     @media (max-width:444px){         .c-w a{             padding:4px 12px;         }         .c-w img{             width:24px;             margin-right:8px;         }         .c-w p{             font:14px\/25px Poppins;         }     }     @media (max-width:335px){         .c-w p{             font:13px\/25px Poppins;         }     }  <div class=\"c-w\">     <a href=\"https:\/\/www.whatsapp.com\/channel\/0029Va633PF9WtC4l7XUzh1e\" target=\"_blank\" rel=\"noopener\">         <img decoding=\"async\" src=\"https:\/\/cadenaser.com\/estaticos\/recursosgraficos\/responsive\/img\/ico-whatsapp.svg\" alt=\"Whatsapp\">         <p>\u00danete al <b>canal de WhatsApp<\/b> de la SER<\/p>     <\/a> <\/div><\/p>   <p>Como novedad de este a\u00f1o, la vig\u00e9sima edici\u00f3n del popular concurso gastron\u00f3mico de \u201ccruet de peix\u201d se convocar\u00e1 a las 20.00 horas en el paseo Doctor Jos\u00e9 Mar\u00eda Esquerdo. Tras la entrega de premios de la competici\u00f3n gastron\u00f3mica en la que se cocina un tradicional guiso con pescado, continuar\u00e1 la fiesta con banda de m\u00fasica y dj. A medianoche, se disparar\u00e1 un castillo de fuegos artificiales y se repartir\u00e1 chocolate entre los asistentes.<\/p>   <p>El domingo por la ma\u00f1ana, despu\u00e9s de la \u201cdespert\u00e1\u201d, se organizar\u00e1 el tradicional juego \u201cel Basi\u201d en la fuente de la plaza Sant Pere, as\u00ed como m\u00e1s actividades refrescantes para los ni\u00f1os. A mediod\u00eda, la comisi\u00f3n de fiestas ofrecer\u00e1 el popular plato \u201colleta de blat\u201d y por la tarde los vecinos se refrescar\u00e1n con el baldeo de agua. Las fiestas finalizar\u00e1n el lunes por la tarde con la subida de la imagen del santo a la calle Polop.<\/p> ","protected":false},"excerpt":{"rendered":"<p>El Paseo del Doctor Jos\u00e9 Mar\u00eda Esquerdo acoger\u00e1 el concurso de \u00abCruet de Peix\u00bb el s\u00e1bado a las 20:00 horas<\/p>\n","protected":false},"author":0,"featured_media":7849,"comment_status":"open","ping_status":"open","sticky":false,"template":"","format":"standard","meta":{"_acf_changed":false,"footnotes":""},"categories":[1],"tags":[],"class_list":["post-7848","post","type-post","status-publish","format-standard","has-post-thumbnail","hentry","category-sin-categoria"],"acf":{"ser_id":"V5F5US55KREKDMETIIRURSXIX4","ser_url":"https:\/\/cadenaser.com\/comunitat-valenciana\/2024\/08\/27\/fiestas-de-san-agustin-en-la-playa-centro-de-la-vila-joiosa-del-28-de-agosto-al-2-de-septiembre-radio-benidorm\/"},"_links":{"self":[{"href":"https:\/\/serbenidorm.daliisolutions.com\/index.php\/wp-json\/wp\/v2\/posts\/7848","targetHints":{"allow":["GET"]}}],"collection":[{"href":"https:\/\/serbenidorm.daliisolutions.com\/index.php\/wp-json\/wp\/v2\/posts"}],"about":[{"href":"https:\/\/serbenidorm.daliisolutions.com\/index.php\/wp-json\/wp\/v2\/types\/post"}],"replies":[{"embeddable":true,"href":"https:\/\/serbenidorm.daliisolutions.com\/index.php\/wp-json\/wp\/v2\/comments?post=7848"}],"version-history":[{"count":0,"href":"https:\/\/serbenidorm.daliisolutions.com\/index.php\/wp-json\/wp\/v2\/posts\/7848\/revisions"}],"wp:featuredmedia":[{"embeddable":true,"href":"https:\/\/serbenidorm.daliisolutions.com\/index.php\/wp-json\/wp\/v2\/media\/7849"}],"wp:attachment":[{"href":"https:\/\/serbenidorm.daliisolutions.com\/index.php\/wp-json\/wp\/v2\/media?parent=7848"}],"wp:term":[{"taxonomy":"category","embeddable":true,"href":"https:\/\/serbenidorm.daliisolutions.com\/index.php\/wp-json\/wp\/v2\/categories?post=7848"},{"taxonomy":"post_tag","embeddable":true,"href":"https:\/\/serbenidorm.daliisolutions.com\/index.php\/wp-json\/wp\/v2\/tags?post=7848"}],"curies":[{"name":"wp","href":"https:\/\/api.w.org\/{rel}","templated":true}]}}