{"id":7852,"date":"2024-08-27T15:47:58","date_gmt":"2024-08-27T13:47:58","guid":{"rendered":"https:\/\/serbenidorm.daliisolutions.com\/index.php\/2024\/08\/27\/preocupacion-y-enfado-entre-los-hoteleros-ante-el-arranque-del-imserso\/"},"modified":"2024-08-27T15:47:58","modified_gmt":"2024-08-27T13:47:58","slug":"preocupacion-y-enfado-entre-los-hoteleros-ante-el-arranque-del-imserso","status":"publish","type":"post","link":"https:\/\/serbenidorm.daliisolutions.com\/index.php\/2024\/08\/27\/preocupacion-y-enfado-entre-los-hoteleros-ante-el-arranque-del-imserso\/","title":{"rendered":"\u201cPreocupaci\u00f3n y enfado\u201d entre los hoteleros ante el arranque del Imserso"},"content":{"rendered":"  <p>Benidorm<\/p>   <p>El programa de vacaciones sociales del Imserso, con algo m\u00e1s de 886.000 plazas disponibles para el pr\u00f3ximo invierno, comenzar\u00e1 a comercializarse el d\u00eda 23 de septiembre. El anuncio, que se ha realizado hoy, no ha contentado al sector hotelero valenciano, que lleva tiempo alertando sobre la inviabilidad del programa como consecuencia, aseguran, de las condiciones con las que el Ministerio de Derechos Sociales pone esas plazas a la venta. Unas condiciones que, como llevan criticando desde hace ya varios a\u00f1os, obliga a los establecimientos a trabajar a p\u00e9rdidas.<\/p>  <p><p class=\"tit\"><span>\u201cPreocupaci\u00f3n y enfado\u201d entre los hoteleros ante el arranque del Imserso<\/span><\/p> <p class=\"emb\"><iframe loading=\"lazy\" src=\"https:\/\/cadenaser.com\/embed\/audio\/460\/1724764253211\/\" width=\"100%\" height=\"360\" frameborder=\"0\" allowfullscreen><\/iframe><\/p><\/p>   <p>En declaraciones a <a href=\"https:\/\/cadenaser.com\/radio-benidorm\/\" target=\"_blank\" rel=\"noopener\">Radio Benidorm-SER<\/a>, la secretaria general de la patronal hotelera Hosbec, Mayte Garc\u00eda C\u00f3rcoles, ha manifestado la  \u201cpreocupaci\u00f3n y enfado\u201d de los empresarios hoteleros, \u201csobre todo en destinos como <a href=\"https:\/\/cadenaser.com\/tag\/benidorm\/a\/\" target=\"_blank\" rel=\"noopener\">Benidorm <\/a>con la disposici\u00f3n de este a\u00f1o de la pr\u00f3rroga del programa Imserso\u201d.<\/p>   <p>Y todo, porque esta pr\u00f3rroga \u201cno ha dispuesto ninguna mejora en las condiciones de contrataci\u00f3n y que, econ\u00f3micamente, hace inviable participar en el mismo\u201d. Algo que no deja m\u00e1s margen a la industria hotelera que \u201cel cierre de establecimientos o trabajar con otros mercados u otros grupos que pudieran, adem\u00e1s, mantener la actividad hotelera todo el invierno y, con ello, la totalidad de las plantillas\u201d.<\/p>  <p><p class=\"tit\"><span>Toni P\u00e9rez, pide una \u201cprofunda reflexi\u00f3n\u201d al Ministerio para hacer viable el Imserso<\/span><\/p> <p class=\"emb\"><iframe loading=\"lazy\" src=\"https:\/\/cadenaser.com\/embed\/audio\/460\/1724764327917\/\" width=\"100%\" height=\"360\" frameborder=\"0\" allowfullscreen><\/iframe><\/p><\/p>   <p>En la <a href=\"https:\/\/cadenaser.com\/comunitat-valenciana\/2024\/08\/22\/benidorm-recibe-septiembre-con-orgullo-radio-benidorm\/\" target=\"_blank\" rel=\"noopener\">capital tur\u00edstica de la Comunitat Valenciana<\/a>, su alcalde, Toni P\u00e9rez, tambi\u00e9n lleva a\u00f1os alien\u00e1ndose junto a los empresarios hoteleros y compartiendo sus cr\u00edticas, algo que no ha variado en esta ocasi\u00f3n. El tambi\u00e9n presidente de la Diputaci\u00f3n Provincial de Alicante ha afirmado a los micr\u00f3fonos de la <a href=\"https:\/\/cadenaser.com\/radio-benidorm\/\" target=\"_blank\" rel=\"noopener\">Cadena SER<\/a> que lo que ha pasado ahora es \u201calgo anunciado\u201d.<\/p>   <p>Y todo, seg\u00fan ha subrayado, porque \u201cno hay entendimiento y es una l\u00e1stima, porque Benidorm est\u00e1 muy vinculada al programa del Imserso\u201d. En ese sentido, P\u00e9rez ha roto una lanza por la planta hotelera de la ciudad afirmando que \u201clleva a\u00f1os trabajando a p\u00e9rdidas y apuesta por seguir trabajando con \u00e9l porque tenemos muy clara la consideraci\u00f3n social del mismo\u201d.<\/p>   <p>     .c-w{         max-width:444px;         width:100%;         margin:16px auto;      background:#00755E;         border-radius:4px;         display:flex;         align-items:center;         justify-content:center;     }     .c-w a{         display:flex;         align-items:center;         justify-content:center;         padding:4px 24px;     }     .c-w img{         width:24px;         margin-right:12px;     }     .c-w p{         font:18px\/25px Poppins;         text-align:center;         color:#fff;         margin:0;     }     @media (max-width:444px){         .c-w a{             padding:4px 12px;         }         .c-w img{             width:24px;             margin-right:8px;         }         .c-w p{             font:14px\/25px Poppins;         }     }     @media (max-width:335px){         .c-w p{             font:13px\/25px Poppins;         }     }  <div class=\"c-w\">     <a href=\"https:\/\/www.whatsapp.com\/channel\/0029Va633PF9WtC4l7XUzh1e\" target=\"_blank\" rel=\"noopener\">         <img decoding=\"async\" src=\"https:\/\/cadenaser.com\/estaticos\/recursosgraficos\/responsive\/img\/ico-whatsapp.svg\" alt=\"Whatsapp\">         <p>\u00danete al <b>canal de WhatsApp<\/b> de la SER<\/p>     <\/a> <\/div><\/p>   <p>En ese mismo sentido, Toni P\u00e9rez ha lamentado que \u201cel Ministerio ha estado desoyendo constantemente al sector\u201d recordando que \u201cllevamos m\u00e1s de un lustro sin que se est\u00e9 haciendo caso a quien est\u00e1 poniendo su patrimonio para atender y hacer felices a nuestros mayores\u201d.<\/p>   <p>Todo esto debe, en opini\u00f3n de Toni P\u00e9rez, \u201cllevar a una reflexi\u00f3n profunda por parte del Ministerio respecto a un programa que es bandera de la Marca Espa\u00f1a\u201d. En definitiva, ha concluido el alcalde de Benidorm, \u201cno se puede depositar un programa p\u00fablico sobre la espalda y el riesgo de unos establecimientos que est\u00e1n haciendo su trabajo, que tienen un incremento de costes que va elev\u00e1ndose semestre a semestre sin que haya ninguna muestra de mejora por parte de quien lanza el programa\u201d.<\/p> ","protected":false},"excerpt":{"rendered":"<p>El alcalde de Benidorm, Toni P\u00e9rez, pide una \u201cprofunda reflexi\u00f3n\u201d al Ministerio para hacer viable el programa<\/p>\n","protected":false},"author":0,"featured_media":7853,"comment_status":"open","ping_status":"open","sticky":false,"template":"","format":"standard","meta":{"_acf_changed":false,"footnotes":""},"categories":[1],"tags":[],"class_list":["post-7852","post","type-post","status-publish","format-standard","has-post-thumbnail","hentry","category-sin-categoria"],"acf":{"ser_id":"Y5LCNDODINCOBMRFJJ52FV3CGM","ser_url":"https:\/\/cadenaser.com\/comunitat-valenciana\/2024\/08\/27\/preocupacion-y-enfado-entre-los-hoteleros-ante-el-arranque-del-imserso-radio-benidorm\/"},"_links":{"self":[{"href":"https:\/\/serbenidorm.daliisolutions.com\/index.php\/wp-json\/wp\/v2\/posts\/7852","targetHints":{"allow":["GET"]}}],"collection":[{"href":"https:\/\/serbenidorm.daliisolutions.com\/index.php\/wp-json\/wp\/v2\/posts"}],"about":[{"href":"https:\/\/serbenidorm.daliisolutions.com\/index.php\/wp-json\/wp\/v2\/types\/post"}],"replies":[{"embeddable":true,"href":"https:\/\/serbenidorm.daliisolutions.com\/index.php\/wp-json\/wp\/v2\/comments?post=7852"}],"version-history":[{"count":0,"href":"https:\/\/serbenidorm.daliisolutions.com\/index.php\/wp-json\/wp\/v2\/posts\/7852\/revisions"}],"wp:featuredmedia":[{"embeddable":true,"href":"https:\/\/serbenidorm.daliisolutions.com\/index.php\/wp-json\/wp\/v2\/media\/7853"}],"wp:attachment":[{"href":"https:\/\/serbenidorm.daliisolutions.com\/index.php\/wp-json\/wp\/v2\/media?parent=7852"}],"wp:term":[{"taxonomy":"category","embeddable":true,"href":"https:\/\/serbenidorm.daliisolutions.com\/index.php\/wp-json\/wp\/v2\/categories?post=7852"},{"taxonomy":"post_tag","embeddable":true,"href":"https:\/\/serbenidorm.daliisolutions.com\/index.php\/wp-json\/wp\/v2\/tags?post=7852"}],"curies":[{"name":"wp","href":"https:\/\/api.w.org\/{rel}","templated":true}]}}