{"id":786,"date":"2023-12-20T15:54:22","date_gmt":"2023-12-20T14:54:22","guid":{"rendered":"https:\/\/serbenidorm.daliisolutions.com\/index.php\/2023\/12\/20\/low-festival-2024-en-benidorm-arde-bogota-o-sidonie-se-suman-al-cartel\/"},"modified":"2024-01-02T16:48:45","modified_gmt":"2024-01-02T15:48:45","slug":"low-festival-2024-en-benidorm-arde-bogota-o-sidonie-se-suman-al-cartel","status":"publish","type":"post","link":"https:\/\/serbenidorm.daliisolutions.com\/index.php\/2023\/12\/20\/low-festival-2024-en-benidorm-arde-bogota-o-sidonie-se-suman-al-cartel\/","title":{"rendered":"Low Festival 2024 en Benidorm: Arde Bogot\u00e1 o Sidonie se suman al cartel"},"content":{"rendered":"\n<p>Benidorm<\/p>\n\n\n\n<p>Las bandas Arte Bogot\u00e1, Sidonie, Veintiuno, Night Beats, Big Special y El Buen Hijo y la artista Maren son las nuevas incorporaciones al cartel del <a href=\"https:\/\/cadenaser.com\/tag\/benidorm\/a\/\" target=\"_blank\" rel=\"noopener\">Low Festival 2024<\/a>, que se celebrar\u00e1 los d\u00edas 26, 27 y 28 de julio pr\u00f3ximo en Benidorm, seg\u00fan han informado este martes fuentes de la organizaci\u00f3n.<\/p>\n\n\n\n<p>Estos grupos se unen a los ya anunciados Mikel Izal, Ginebras, Shinova, Hidrogenesse, Repion, Shego, Sienna y Vatocholo, y suponen \u00abla antesala de una edici\u00f3n que promete y que volver\u00e1 a unir en Benidorm a artistas nacionales e internacionales en tres d\u00edas de m\u00fasica en directo\u00bb, han se\u00f1alado las mismas fuentes en un comunicado, que han precisado que faltan a\u00fan por confirmar m\u00e1s bandas. <\/p>\n\n\n\n<p><div><div><blockquote class=\"twitter-tweet\"><p lang=\"es\" dir=\"ltr\">\ud83e\udddc\u200d\u2640\ufe0fLa Navidad ha llegado a Benidorm<br><br>Si eres de los que espera a \u00faltima hora, esto es una se\u00f1al \ud83e\udef5<br><br>\ud83c\udf9f\u00a1Solo 48 horas! Regala <a href=\"https:\/\/twitter.com\/hashtag\/Low2024?src=hash&#038;#amp;ref_src=twsrc%5Etfw\">#Low2024<\/a> esta Navidad. Este jueves sube el precio <a href=\"https:\/\/t.co\/4JXwqPRH8H\">https:\/\/t.co\/4JXwqPRH8H<\/a><a href=\"https:\/\/twitter.com\/ProdsBaltimore?ref_src=twsrc%5Etfw\">@prodsbaltimore<\/a> <a href=\"https:\/\/twitter.com\/radio3_rne?ref_src=twsrc%5Etfw\">@radio3_rne<\/a> <a href=\"https:\/\/twitter.com\/visitbenidorm?ref_src=twsrc%5Etfw\">@visitbenidorm<\/a> <a href=\"https:\/\/twitter.com\/c_valenciana?ref_src=twsrc%5Etfw\">@c_valenciana<\/a> <a href=\"https:\/\/twitter.com\/entradas?ref_src=twsrc%5Etfw\">@entradas<\/a> <a href=\"https:\/\/twitter.com\/HOSBEConline?ref_src=twsrc%5Etfw\">@HOSBEConline<\/a> <a href=\"https:\/\/t.co\/FbXWn7hsKc\">pic.twitter.com\/FbXWn7hsKc<\/a><\/p>\u2014 Low Festival (@LowFestival) <a href=\"https:\/\/twitter.com\/LowFestival\/status\/1737186554693476718?ref_src=twsrc%5Etfw\">December 19, 2023<\/a><\/blockquote>   <\/div><\/div><\/p>\n\n\n\n<p>Los abonos generales, VIP o VIP POOL est\u00e1n a la venta desde 59,99 euros solo hasta el pr\u00f3ximo jueves, cuando subir\u00e1 el precio, en <a href=\"http:\/\/www.lowfestival.es\" rel=\"nofollow noopener\" target=\"_blank\">www.lowfestival.es<\/a> y <a href=\"http:\/\/www.entradas.com\" rel=\"nofollow noopener\" target=\"_blank\">www.entradas.com<\/a> <\/p>\n\n\n\n<p>Low Festival 2023: M\u00fasica, compa\u00f1\u00eda y grandes historias<\/p>\n\n\n\n<p>Escucha aqu\u00ed un reportaje sonoro sobre la <a href=\"https:\/\/cadenaser.com\/tag\/low_cost_festival_benidorm\/a\/\" target=\"_blank\" rel=\"noopener\">anterior edici\u00f3n del Low<\/a> celebrada en la capital tur\u00edstica de la Comunitat Valenciana. <\/p>\n\n\n\n<p><p class=\"tit\"><span>Low Festival 2023: M\u00fasica, compa\u00f1\u00eda y grandes historias<\/span><\/p> <p class=\"emb\"><\/p><\/p>\n","protected":false},"excerpt":{"rendered":"<p>Tambi\u00e9n Veintiuno y Night Beats <\/p>\n","protected":false},"author":1,"featured_media":787,"comment_status":"open","ping_status":"open","sticky":false,"template":"","format":"standard","meta":{"_acf_changed":false,"footnotes":""},"categories":[1],"tags":[],"class_list":["post-786","post","type-post","status-publish","format-standard","has-post-thumbnail","hentry","category-sin-categoria"],"acf":{"ser_id":"A5NJLIEWPZBV7NHYBERMKQATSY","ser_url":"https:\/\/cadenaser.com\/comunitat-valenciana\/2023\/12\/20\/low-festival-2024-en-benidorm-arde-bogota-o-sidonie-se-suman-al-cartel-radio-benidorm\/"},"_links":{"self":[{"href":"https:\/\/serbenidorm.daliisolutions.com\/index.php\/wp-json\/wp\/v2\/posts\/786","targetHints":{"allow":["GET"]}}],"collection":[{"href":"https:\/\/serbenidorm.daliisolutions.com\/index.php\/wp-json\/wp\/v2\/posts"}],"about":[{"href":"https:\/\/serbenidorm.daliisolutions.com\/index.php\/wp-json\/wp\/v2\/types\/post"}],"author":[{"embeddable":true,"href":"https:\/\/serbenidorm.daliisolutions.com\/index.php\/wp-json\/wp\/v2\/users\/1"}],"replies":[{"embeddable":true,"href":"https:\/\/serbenidorm.daliisolutions.com\/index.php\/wp-json\/wp\/v2\/comments?post=786"}],"version-history":[{"count":2,"href":"https:\/\/serbenidorm.daliisolutions.com\/index.php\/wp-json\/wp\/v2\/posts\/786\/revisions"}],"predecessor-version":[{"id":1062,"href":"https:\/\/serbenidorm.daliisolutions.com\/index.php\/wp-json\/wp\/v2\/posts\/786\/revisions\/1062"}],"wp:featuredmedia":[{"embeddable":true,"href":"https:\/\/serbenidorm.daliisolutions.com\/index.php\/wp-json\/wp\/v2\/media\/787"}],"wp:attachment":[{"href":"https:\/\/serbenidorm.daliisolutions.com\/index.php\/wp-json\/wp\/v2\/media?parent=786"}],"wp:term":[{"taxonomy":"category","embeddable":true,"href":"https:\/\/serbenidorm.daliisolutions.com\/index.php\/wp-json\/wp\/v2\/categories?post=786"},{"taxonomy":"post_tag","embeddable":true,"href":"https:\/\/serbenidorm.daliisolutions.com\/index.php\/wp-json\/wp\/v2\/tags?post=786"}],"curies":[{"name":"wp","href":"https:\/\/api.w.org\/{rel}","templated":true}]}}