{"id":7873,"date":"2024-08-28T13:33:51","date_gmt":"2024-08-28T11:33:51","guid":{"rendered":"https:\/\/serbenidorm.daliisolutions.com\/index.php\/2024\/08\/28\/finestrat-lanza-bonos-consumo-de-hasta-300-euros-para-gastar-hasta-navidad\/"},"modified":"2024-08-28T13:33:51","modified_gmt":"2024-08-28T11:33:51","slug":"finestrat-lanza-bonos-consumo-de-hasta-300-euros-para-gastar-hasta-navidad","status":"publish","type":"post","link":"https:\/\/serbenidorm.daliisolutions.com\/index.php\/2024\/08\/28\/finestrat-lanza-bonos-consumo-de-hasta-300-euros-para-gastar-hasta-navidad\/","title":{"rendered":"Finestrat lanza bonos consumo de hasta 300 euros para gastar hasta Navidad"},"content":{"rendered":"  <p>Finestrat<\/p>   <p>El Ayuntamiento de Finestrat eleva a 300 euros por persona la cantidad m\u00e1xima para gastar dentro de la campa\u00f1a de <a href=\"https:\/\/cadenaser.com\/comunitat-valenciana\/2024\/06\/25\/confirmado-el-bono-consumo-volvera-a-benidorm-por-navidad-radio-benidorm\/\" target=\"_blank\" rel=\"noopener\">Bonos consumo<\/a> que lanzar\u00e1 a partir del lunes 2 de septiembre y estar\u00e1 activa hasta el 30 de diciembre, fecha que tambi\u00e9n ha sufrido una ampliaci\u00f3n para poder abarcar la campa\u00f1a navide\u00f1a.<\/p>   <p>Los usuarios deber\u00e1n ser mayores de 18 a\u00f1os y estar empadronados en Finestrat y podr\u00e1n comprar esos bonos a partir del lunes, bien a trav\u00e9s de la p\u00e1gina web <a href=\"https:\/\/finestrat.bonoconsumo.es\/es\" rel=\"nofollow\"><u>https:\/\/finestrat.bonoconsumo.es\/es<\/u><\/a> o bien de forma presencial en la segunda planta del Ayuntamiento en las dependencias de la Concejal\u00eda de Consumo y Comercio.<\/p>   <p>El Ayuntamiento ha aumentado la cuant\u00eda m\u00e1xima de bonos por persona de los 200 euros de la campa\u00f1a anterior a los 300 euros de esta cuarta edici\u00f3n. El usuario tendr\u00e1 que abonar la mitad de la cuant\u00eda para poder adquirir los bonos de 10, 20 o 50 euros hasta llegar a la cantidad m\u00e1xima (150 euros para poder gastar bonos por valor de 300 euros). La otra mitad corresponde a la subvenci\u00f3n directa del Ayuntamiento a trav\u00e9s de la Diputaci\u00f3n.<\/p>   <p>Tal y como ha explicado en <a href=\"\/\/radiobenidorm.es\" rel=\"nofollow noopener\" target=\"_blank\">Hoy por Hoy Benidorm<\/a> la edil de Comercio y Consumo,  Donna Rebecca Plummer, cada bono ha de utilizarse por su importe total en una sola vez aunque se podr\u00e1 utilizar m\u00e1s de un bono en una misma compra o gasto siempre que pertenezcan al mismo beneficiario.<\/p>   <p>Con respecto a la ampliaci\u00f3n de las fechas Plummer explica que \u201chemos querido ofrecer un plazo amplio para que las familias decidan si quieren gastar esos bonos para hacer frente a la \u201cvuelta al cole\u201d pero tambi\u00e9n en otros momentos como la campa\u00f1a del Black Friday o las compras de Navidad\u201d.<\/p>   <p>     .c-w{         max-width:444px;         width:100%;         margin:16px auto;      background:#00755E;         border-radius:4px;         display:flex;         align-items:center;         justify-content:center;     }     .c-w a{         display:flex;         align-items:center;         justify-content:center;         padding:4px 24px;     }     .c-w img{         width:24px;         margin-right:12px;     }     .c-w p{         font:18px\/25px Poppins;         text-align:center;         color:#fff;         margin:0;     }     @media (max-width:444px){         .c-w a{             padding:4px 12px;         }         .c-w img{             width:24px;             margin-right:8px;         }         .c-w p{             font:14px\/25px Poppins;         }     }     @media (max-width:335px){         .c-w p{             font:13px\/25px Poppins;         }     }  <div class=\"c-w\">     <a href=\"https:\/\/www.whatsapp.com\/channel\/0029Va633PF9WtC4l7XUzh1e\" target=\"_blank\" rel=\"noopener\">         <img decoding=\"async\" src=\"https:\/\/cadenaser.com\/estaticos\/recursosgraficos\/responsive\/img\/ico-whatsapp.svg\" alt=\"Whatsapp\">         <p>\u00danete al <b>canal de WhatsApp<\/b> de la SER<\/p>     <\/a> <\/div><\/p>   <p>Adem\u00e1s tambi\u00e9n se ha dejado margen para que los comercios puedan incorporarse a la campa\u00f1a hasta dos semanas antes de que expire el plazo. \u201cTenemos comercios de todo tipo, tanto papeler\u00edas o librer\u00edas, como tiendas de alimentaci\u00f3n para poder hacer la compra diaria, o talleres mec\u00e1nicos por si cualquier vecino tiene que llevar su veh\u00edculo a revisar o reparar, as\u00ed como \u00f3pticas, tiendas de moda, bienestar animal o establecimientos de restauraci\u00f3n y ocio\u201d, a\u00f1ade la edil. Por el momento ya son m\u00e1s de 40 los establecimientos adheridos.<\/p>   <p>La campa\u00f1a tiene como objetivo dinamizar el consumo local y que permite comprar y consumir a mitad de precio. La iniciativa cuenta con el apoyo de la Diputaci\u00f3n de Alicante que aporta a la campa\u00f1a, en el caso de Finestrat, una subvenci\u00f3n de 137.278 euros. <\/p> ","protected":false},"excerpt":{"rendered":"<p>La campa\u00f1a arranca el lunes 2 de septiembre y estar\u00e1 activa hasta el 30 de diciembre<\/p>\n","protected":false},"author":0,"featured_media":7874,"comment_status":"open","ping_status":"open","sticky":false,"template":"","format":"standard","meta":{"_acf_changed":false,"footnotes":""},"categories":[1],"tags":[],"class_list":["post-7873","post","type-post","status-publish","format-standard","has-post-thumbnail","hentry","category-sin-categoria"],"acf":{"ser_id":"BVLB6ZC2GJGRPLFUUQYX2QNK3E","ser_url":"https:\/\/cadenaser.com\/comunitat-valenciana\/2024\/08\/28\/finestrat-lanza-bonos-consumo-de-hasta-300-euros-para-gastar-hasta-navidad-radio-benidorm\/"},"_links":{"self":[{"href":"https:\/\/serbenidorm.daliisolutions.com\/index.php\/wp-json\/wp\/v2\/posts\/7873","targetHints":{"allow":["GET"]}}],"collection":[{"href":"https:\/\/serbenidorm.daliisolutions.com\/index.php\/wp-json\/wp\/v2\/posts"}],"about":[{"href":"https:\/\/serbenidorm.daliisolutions.com\/index.php\/wp-json\/wp\/v2\/types\/post"}],"replies":[{"embeddable":true,"href":"https:\/\/serbenidorm.daliisolutions.com\/index.php\/wp-json\/wp\/v2\/comments?post=7873"}],"version-history":[{"count":0,"href":"https:\/\/serbenidorm.daliisolutions.com\/index.php\/wp-json\/wp\/v2\/posts\/7873\/revisions"}],"wp:featuredmedia":[{"embeddable":true,"href":"https:\/\/serbenidorm.daliisolutions.com\/index.php\/wp-json\/wp\/v2\/media\/7874"}],"wp:attachment":[{"href":"https:\/\/serbenidorm.daliisolutions.com\/index.php\/wp-json\/wp\/v2\/media?parent=7873"}],"wp:term":[{"taxonomy":"category","embeddable":true,"href":"https:\/\/serbenidorm.daliisolutions.com\/index.php\/wp-json\/wp\/v2\/categories?post=7873"},{"taxonomy":"post_tag","embeddable":true,"href":"https:\/\/serbenidorm.daliisolutions.com\/index.php\/wp-json\/wp\/v2\/tags?post=7873"}],"curies":[{"name":"wp","href":"https:\/\/api.w.org\/{rel}","templated":true}]}}