{"id":7912,"date":"2024-08-30T10:52:47","date_gmt":"2024-08-30T08:52:47","guid":{"rendered":"https:\/\/serbenidorm.daliisolutions.com\/index.php\/2024\/08\/30\/un-fallecido-de-47-anos-en-benidorm-al-chocar-su-ciclomotor-contra-un-coche\/"},"modified":"2024-08-30T10:52:47","modified_gmt":"2024-08-30T08:52:47","slug":"un-fallecido-de-47-anos-en-benidorm-al-chocar-su-ciclomotor-contra-un-coche","status":"publish","type":"post","link":"https:\/\/serbenidorm.daliisolutions.com\/index.php\/2024\/08\/30\/un-fallecido-de-47-anos-en-benidorm-al-chocar-su-ciclomotor-contra-un-coche\/","title":{"rendered":"Un fallecido de 47 a\u00f1os en Benidorm al chocar su ciclomotor contra un coche"},"content":{"rendered":"  <p>Benidorm<\/p>   <p>Un hombre de 47 a\u00f1os, espa\u00f1ol, ha fallecido la pasada noche cuando el ciclomotor que conduc\u00eda colision\u00f3 con un turismo en la N-332 a su paso por la ciudad de Benidorm, seg\u00fan han confirmado a Radio Benidorm fuentes de los servicios de emergencia.<\/p>   <p>El accidente ocurri\u00f3 en torno a las 22.30 horas en el punto kilom\u00e9trico 145 cuando, al parecer, el coche choc\u00f3 por alcance al ciclomotor, lo que provoc\u00f3 el fallecimiento de su \u00fanico ocupante.<\/p>   <p>El conductor del veh\u00edculo, de 24 a\u00f1os y tambi\u00e9n espa\u00f1ol, result\u00f3 ileso aunque fue atendido por una crisis de ansiedad, seg\u00fan las fuentes consultadas.<\/p> ","protected":false},"excerpt":{"rendered":"<p>La colisi\u00f3n se produjo el jueves a las 22:30 horas en el KM 145 de la N-332<\/p>\n","protected":false},"author":0,"featured_media":7913,"comment_status":"open","ping_status":"open","sticky":false,"template":"","format":"standard","meta":{"_acf_changed":false,"footnotes":""},"categories":[1],"tags":[],"class_list":["post-7912","post","type-post","status-publish","format-standard","has-post-thumbnail","hentry","category-sin-categoria"],"acf":{"ser_id":"2ODIO4V27FGAHI34M2WJD2DGRU","ser_url":"https:\/\/cadenaser.com\/comunitat-valenciana\/2024\/08\/30\/un-fallecido-de-47-anos-en-benidorm-al-chocar-su-ciclomotor-contra-un-coche-radio-benidorm\/"},"_links":{"self":[{"href":"https:\/\/serbenidorm.daliisolutions.com\/index.php\/wp-json\/wp\/v2\/posts\/7912","targetHints":{"allow":["GET"]}}],"collection":[{"href":"https:\/\/serbenidorm.daliisolutions.com\/index.php\/wp-json\/wp\/v2\/posts"}],"about":[{"href":"https:\/\/serbenidorm.daliisolutions.com\/index.php\/wp-json\/wp\/v2\/types\/post"}],"replies":[{"embeddable":true,"href":"https:\/\/serbenidorm.daliisolutions.com\/index.php\/wp-json\/wp\/v2\/comments?post=7912"}],"version-history":[{"count":0,"href":"https:\/\/serbenidorm.daliisolutions.com\/index.php\/wp-json\/wp\/v2\/posts\/7912\/revisions"}],"wp:featuredmedia":[{"embeddable":true,"href":"https:\/\/serbenidorm.daliisolutions.com\/index.php\/wp-json\/wp\/v2\/media\/7913"}],"wp:attachment":[{"href":"https:\/\/serbenidorm.daliisolutions.com\/index.php\/wp-json\/wp\/v2\/media?parent=7912"}],"wp:term":[{"taxonomy":"category","embeddable":true,"href":"https:\/\/serbenidorm.daliisolutions.com\/index.php\/wp-json\/wp\/v2\/categories?post=7912"},{"taxonomy":"post_tag","embeddable":true,"href":"https:\/\/serbenidorm.daliisolutions.com\/index.php\/wp-json\/wp\/v2\/tags?post=7912"}],"curies":[{"name":"wp","href":"https:\/\/api.w.org\/{rel}","templated":true}]}}