{"id":7921,"date":"2024-08-30T15:55:46","date_gmt":"2024-08-30T13:55:46","guid":{"rendered":"https:\/\/serbenidorm.daliisolutions.com\/index.php\/2024\/08\/30\/yo-tambien-soy-turista-la-campana-que-aboga-por-la-convivencia-entre-turista-y-residente-se-presenta-en-benidorm\/"},"modified":"2024-08-30T15:55:46","modified_gmt":"2024-08-30T13:55:46","slug":"yo-tambien-soy-turista-la-campana-que-aboga-por-la-convivencia-entre-turista-y-residente-se-presenta-en-benidorm","status":"publish","type":"post","link":"https:\/\/serbenidorm.daliisolutions.com\/index.php\/2024\/08\/30\/yo-tambien-soy-turista-la-campana-que-aboga-por-la-convivencia-entre-turista-y-residente-se-presenta-en-benidorm\/","title":{"rendered":"\u201cYo tambi\u00e9n soy turista\u201d: La campa\u00f1a que aboga por la convivencia entre turista y residente se presenta en Benidorm"},"content":{"rendered":"  <p>Benidorm<\/p>   <p>Con el lema \u201cYo tambi\u00e9n soy turista\u201d ha presentado esta ma\u00f1ana en Benidorm su \u00faltima campa\u00f1a promocional <a href=\"https:\/\/cadenaser.com\/comunitat-valenciana\/2024\/08\/27\/preocupacion-y-enfado-entre-los-hoteleros-ante-el-arranque-del-imserso-radio-benidorm\/\" target=\"_blank\" rel=\"noopener\">la patronal hotelera Hosbec <\/a>de la mano de Turisme Comunitat Valenciana y el Patronato de Turismo de la Diputaci\u00f3n de Alicante.<\/p>   <p>Los spots promocionales ya pueden visualizarse a trav\u00e9s de distintas plataformas y muestran la convivencia entre residentes y visitantes de los diferentes destinos tur\u00edsticos de la Comunitat. \u201cEl mensaje es claro, queremos poner en valor la importancia del turismo porque todos, tambi\u00e9n los residentes, somos turistas en alg\u00fan momento de nuestra vida\u201d, ha afirmado la <a href=\"https:\/\/cadenaser.com\/comunitat-valenciana\/2023\/07\/21\/mayte-garcia-mano-derecha-de-nuria-montes-es-elegida-secretaria-general-de-hosbec-radio-benidorm\/\" target=\"_blank\" rel=\"noopener\">secretaria general de HOSBEC, Mayte Garc\u00eda,<\/a> quien ha explicado que el objetivo de la campa\u00f1a es apelar a la parte emocional y \u201ccrear ese v\u00ednculo entre residente y turista que ponga en valor la importancia del turismo responsable porque, adem\u00e1s, es un elemento vertebrador tanto socialmente como econ\u00f3micamente\u201d.<\/p>   <p>La campa\u00f1a \u201cYo tambi\u00e9n soy turista\u201d abarca todos los espacios de la Comunitat Valenciana y muestra situaciones cotidianas del d\u00eda a d\u00eda de los residentes que pasan a formar parte tambi\u00e9n de la actividad del turista y que pretende hacer que el visitante se sienta identificado con el vecino.<\/p>   <p>Una campa\u00f1a en positivo y \u201cpro-acogida\u201d como la ha definido el presidente de la Diputaci\u00f3n Provincial de Alicante y alcalde de Benidorm, Toni P\u00e9rez, y que viene a refrendar que \u201cla Comunitat Valenciana no tiene un problema de turismofobia\u201d como ha reiterado la <a href=\"https:\/\/cadenaser.com\/comunitat-valenciana\/2024\/07\/19\/las-viviendas-turisticas-de-la-comunitat-valenciana-tendran-hasta-el-31-de-diciembre-para-comunicar-su-referencia-catastral-radio-benidorm\/\" target=\"_blank\" rel=\"noopener\">consellera Innovacion, Industria, Comercio y Turismo, Nuria Montes.<\/a><\/p>   <p>As\u00ed lo han dado a conocer en una edici\u00f3n especial de Hoy por Hoy Benidorm los agentes implicados. El programa se ha trasladado al Centro Municipal El Torrej\u00f3 de Benidorm, sede de la Fundaci\u00f3n Visit Benidorm, y ha contado con la presencia de la Consellera de Turismo, Nuria Montes, el presidente de la Diputaci\u00f3n de Alicante, Toni P\u00e9rez, la secretaria general de Hosbec, Maite Garc\u00eda y la directora de la Fundaci\u00f3n Visit Benidorm, Leire Bilbao.<\/p>   <p>     .c-w{         max-width:444px;         width:100%;         margin:16px auto;      background:#00755E;         border-radius:4px;         display:flex;         align-items:center;         justify-content:center;     }     .c-w a{         display:flex;         align-items:center;         justify-content:center;         padding:4px 24px;     }     .c-w img{         width:24px;         margin-right:12px;     }     .c-w p{         font:18px\/25px Poppins;         text-align:center;         color:#fff;         margin:0;     }     @media (max-width:444px){         .c-w a{             padding:4px 12px;         }         .c-w img{             width:24px;             margin-right:8px;         }         .c-w p{             font:14px\/25px Poppins;         }     }     @media (max-width:335px){         .c-w p{             font:13px\/25px Poppins;         }     }  <div class=\"c-w\">     <a href=\"https:\/\/www.whatsapp.com\/channel\/0029Va633PF9WtC4l7XUzh1e\" target=\"_blank\" rel=\"noopener\">         <img decoding=\"async\" src=\"https:\/\/cadenaser.com\/estaticos\/recursosgraficos\/responsive\/img\/ico-whatsapp.svg\" alt=\"Whatsapp\">         <p>\u00danete al <b>canal de WhatsApp<\/b> de la SER<\/p>     <\/a> <\/div><\/p>  <p><figure><img loading=\"lazy\" decoding=\"async\" src=\"https:\/\/cadenaser.com\/resizer\/v2\/HZC4O4JON5CEJM46OHQSGTLT4M.JPG?auth=4bbfe9392466fa6860d27229dc7632e6a1e9f87f676b8287ab4045391a7ecd95&amp;quality=70&amp;width=650&amp;height=487&amp;smart=true\" width=\"4\" height=\"3\" \/><\/figure><button class=\"bt-am\">Ampliar<\/button><\/p>   <p>La <a href=\"https:\/\/cadenaser.com\/audio\/1722426119840\/\" target=\"_blank\" rel=\"noopener\">consellera ha recordado que \u201ctodos somos turistas en alg\u00fan momento<\/a> y, adem\u00e1s, estamos muy orgullosos de ser l\u00edderes mundiales en <a href=\"https:\/\/cadenaser.com\/comunitat-valenciana\/2024\/07\/25\/benidorm-quinto-destino-de-espana-con-mas-pernoctaciones-en-el-primer-semestre-del-ano-radio-benidorm\/\" target=\"_blank\" rel=\"noopener\">esta actividad que supone el 16 % del PIB\u201d <\/a>y ha atribuido el debate sobre la turismofobia a \u201cposiciones pol\u00edticas xen\u00f3fobas y clasistas\u201d.<\/p>   <p>Montes ha subrayado que el turismo \u201ces la gran conquista social de nuestra generaci\u00f3n, y es algo que nos une\u201d, al tiempo que ha se\u00f1alado que \u201ctodos aquellos que quieren culpabilizar y criminalizar al turismo de algunos de los problemas que tenemos como sociedad, solo quieren buscar el chivo expiatorio de sus propias deficiencias\u201d.<\/p>   <p>Ha abogado por un turismo sostenible que evolucione hacia una convivencia armioniosa entre residente y visitante y que consiga \u201climar las posibles incomodidades que pueda suponer esta actividad, como la supone la industria, la pesca, la agricultura o la miner\u00eda\u201d.<\/p>  <p><figure><img loading=\"lazy\" decoding=\"async\" src=\"https:\/\/cadenaser.com\/resizer\/v2\/M6JQKFGYVFDRDCZUUAN54TFTRQ.JPG?auth=63253925d1e4dee95c7a474e1fb786397a7ec3988dc2e880e4ba765b28837511&amp;quality=70&amp;width=650&amp;height=487&amp;smart=true\" width=\"4\" height=\"3\" \/><\/figure><button class=\"bt-am\">Ampliar<\/button><\/p>   <p>Por su parte <a href=\"https:\/\/cadenaser.com\/comunitat-valenciana\/2024\/06\/21\/toni-perez-benidorm-esta-en-un-momento-muy-dulce-a-nivel-reputacional-radio-benidorm\/\" target=\"_blank\" rel=\"noopener\">Toni P\u00e9rez <\/a>ha destacado el hecho de que sea esta ciudad la que acoja el lanzamiento de la campa\u00f1a promocional porque \u201cBenidorm vuelve a mojarse por el turismo como hacemos todos los d\u00edas\u201d y porque el destino ha conseguido que \u201clas miles y miles de personas que est\u00e1n disfrutando hoy de Benidorm est\u00e1n en casa, da igual si son turistas o residentes\u201d.<\/p>   <p>El alcalde de Benidorm ha apelado a la \u201chospitalidad y generosidad de un territorio\u201d como como eje vertebrador del turismo y ha definido la campa\u00f1a como una forma de \u201cabrir los brazos al mundo y decir que el turismo es la industria m\u00e1s maravillosa que puede existir porque es la industria de la felicidad que nos permite ser felices y hacer felices a los dem\u00e1s\u201d.<\/p> ","protected":false},"excerpt":{"rendered":"<p>Hosbec, Turisme Comunitat Valenciana y Diputaci\u00f3n apuestan por una campa\u00f1a promocional en positivo que apela a la conexi\u00f3n emocional entre visitantes y vecinos<\/p>\n","protected":false},"author":0,"featured_media":7922,"comment_status":"open","ping_status":"open","sticky":false,"template":"","format":"standard","meta":{"_acf_changed":false,"footnotes":""},"categories":[1],"tags":[],"class_list":["post-7921","post","type-post","status-publish","format-standard","has-post-thumbnail","hentry","category-sin-categoria"],"acf":{"ser_id":"2VUZONVONBAY7KCX3XDE472XLA","ser_url":"https:\/\/cadenaser.com\/comunitat-valenciana\/2024\/08\/30\/yo-tambien-soy-turista-la-campana-que-aboga-por-la-convivencia-entre-turista-y-residente-se-presenta-en-benidorm-radio-benidorm\/"},"_links":{"self":[{"href":"https:\/\/serbenidorm.daliisolutions.com\/index.php\/wp-json\/wp\/v2\/posts\/7921","targetHints":{"allow":["GET"]}}],"collection":[{"href":"https:\/\/serbenidorm.daliisolutions.com\/index.php\/wp-json\/wp\/v2\/posts"}],"about":[{"href":"https:\/\/serbenidorm.daliisolutions.com\/index.php\/wp-json\/wp\/v2\/types\/post"}],"replies":[{"embeddable":true,"href":"https:\/\/serbenidorm.daliisolutions.com\/index.php\/wp-json\/wp\/v2\/comments?post=7921"}],"version-history":[{"count":0,"href":"https:\/\/serbenidorm.daliisolutions.com\/index.php\/wp-json\/wp\/v2\/posts\/7921\/revisions"}],"wp:featuredmedia":[{"embeddable":true,"href":"https:\/\/serbenidorm.daliisolutions.com\/index.php\/wp-json\/wp\/v2\/media\/7922"}],"wp:attachment":[{"href":"https:\/\/serbenidorm.daliisolutions.com\/index.php\/wp-json\/wp\/v2\/media?parent=7921"}],"wp:term":[{"taxonomy":"category","embeddable":true,"href":"https:\/\/serbenidorm.daliisolutions.com\/index.php\/wp-json\/wp\/v2\/categories?post=7921"},{"taxonomy":"post_tag","embeddable":true,"href":"https:\/\/serbenidorm.daliisolutions.com\/index.php\/wp-json\/wp\/v2\/tags?post=7921"}],"curies":[{"name":"wp","href":"https:\/\/api.w.org\/{rel}","templated":true}]}}