{"id":7948,"date":"2024-09-02T19:02:18","date_gmt":"2024-09-02T17:02:18","guid":{"rendered":"https:\/\/serbenidorm.daliisolutions.com\/index.php\/2024\/09\/02\/todo-sobre-la-implantacion-de-la-zona-de-bajas-emisiones-en-benidorm-y-que-vehiculos-podran-acceder-a-ella\/"},"modified":"2024-09-02T19:02:18","modified_gmt":"2024-09-02T17:02:18","slug":"todo-sobre-la-implantacion-de-la-zona-de-bajas-emisiones-en-benidorm-y-que-vehiculos-podran-acceder-a-ella","status":"publish","type":"post","link":"https:\/\/serbenidorm.daliisolutions.com\/index.php\/2024\/09\/02\/todo-sobre-la-implantacion-de-la-zona-de-bajas-emisiones-en-benidorm-y-que-vehiculos-podran-acceder-a-ella\/","title":{"rendered":"Todo sobre la implantaci\u00f3n de la Zona de Bajas Emisiones en Benidorm y qu\u00e9 veh\u00edculos podr\u00e1n acceder a ella"},"content":{"rendered":"  <p>Benidorm<\/p>   <p>La Zona de Bajas Emisiones estar\u00e1 lista para ser implantada en Benidorm en enero de 2025 y el Ayuntamiento de la localidad estima que funcionar\u00e1 \u00aben modo de pruebas\u00bb durante los 6 primeros meses del a\u00f1o.<\/p>   <p>El edil de Movilidad, Francis Mu\u00f1oz, ha explicado en Hoy por Hoy Benidorm podr\u00e1n acceder a la<a href=\"https:\/\/cadenaser.com\/comunitat-valenciana\/2024\/03\/14\/benidorm-consigue-una-moratoria-para-retrasar-la-zona-de-bajas-emisiones-a-final-de-ano-radio-benidorm\/\" target=\"_blank\" rel=\"noopener\"> Zona de Bajas Emisiones<\/a> \u00abtodos aquellos veh\u00edculos que tengan un aparcamiento en destino\u00bb, es decir, que vayan a acceder a un aparcamiento p\u00fablico o privado en esa zona, incluida la zona azul. <\/p>   <p>Los trabajadores de establecimientos ubicados en ZBE podr\u00e1n acceder con sus veh\u00edculos a su zona de estacionamiento despu\u00e9s de haberse registrado en la aplicaci\u00f3n que se habilitar\u00e1 al efecto y a trav\u00e9s de la cual se conceder\u00e1 un permiso provisional para acceder, explica el edil en referencia a los veh\u00edculos \u00abclase B\u00bb que no consigan la etiqueta de veh\u00edculo no contaminante.<\/p>  <p><figure><img loading=\"lazy\" decoding=\"async\" src=\"https:\/\/cadenaser.com\/resizer\/v2\/6R5O3TDH7REXFJVXEUFVTRJBFE.jpeg?auth=ea5c825f0434f2e0fa1290422b11ce96ddf266bf0308089b71b745a58cb63f69&amp;quality=70&amp;width=650&amp;height=302&amp;smart=true\" width=\"650\" height=\"302\" \/><\/figure><button class=\"bt-am\">Ampliar<\/button><\/p>   <p>Adem\u00e1s podr\u00e1n circular por esa zona los veh\u00edculos el\u00e9ctricos y los considerados no contaminantes, el transporte p\u00fablico y los veh\u00edculos de carga y descarga que \u00abtendr\u00e1n reguladas sus zonas de una forma m\u00e1s optimizada\u00bb, a\u00f1ade <a href=\"https:\/\/cadenaser.com\/audio\/1698412943396\/\" target=\"_blank\" rel=\"noopener\">Mu\u00f1oz<\/a>. \u00abLa idea es eliminar de esa zona la carga de tr\u00e1fico que simplemente utilizaba estos viales como zona de paso con otro destino. Gracias a la aplicaci\u00f3n ver\u00e1n qu\u00e9 zonas de aparcamiento tienen disponibles y podr\u00e1n dirigirse directamente a ellas sin necesidad de dar vueltas por el centro o por zonas afectadas por la demarcaci\u00f3n\u00bb, indica.<\/p>   <p>En definitiva , el esp\u00edritu de la ZBE es <a href=\"https:\/\/cadenaser.com\/comunitat-valenciana\/2024\/07\/29\/benidorm-aprueba-su-plan-de-senalizacion-direccional-con-una-inversion-de-274000-euros-radio-benidorm\/\" target=\"_blank\" rel=\"noopener\">\u00abrecuperar m\u00e1s espacio para el peat\u00f3n y hacer una ciudad m\u00e1s amable\u00bb<\/a> sin que ello suponga \u00abning\u00fan trauma para el vecino\u00bb puesto que \u00abmuchas de las medidas, como la peatonalizaci\u00f3n de muchas calles del centro o de la primera l\u00ednea de playa o la creaci\u00f3n de carriles bici ya las hemos puesto en marcha en Benidorm con anterioridad\u00bb, aclara.<\/p>   <p>     .c-w{         max-width:444px;         width:100%;         margin:16px auto;      background:#00755E;         border-radius:4px;         display:flex;         align-items:center;         justify-content:center;     }     .c-w a{         display:flex;         align-items:center;         justify-content:center;         padding:4px 24px;     }     .c-w img{         width:24px;         margin-right:12px;     }     .c-w p{         font:18px\/25px Poppins;         text-align:center;         color:#fff;         margin:0;     }     @media (max-width:444px){         .c-w a{             padding:4px 12px;         }         .c-w img{             width:24px;             margin-right:8px;         }         .c-w p{             font:14px\/25px Poppins;         }     }     @media (max-width:335px){         .c-w p{             font:13px\/25px Poppins;         }     }  <div class=\"c-w\">     <a href=\"https:\/\/www.whatsapp.com\/channel\/0029Va633PF9WtC4l7XUzh1e\" target=\"_blank\" rel=\"noopener\">         <img decoding=\"async\" src=\"https:\/\/cadenaser.com\/estaticos\/recursosgraficos\/responsive\/img\/ico-whatsapp.svg\" alt=\"Whatsapp\">         <p>\u00danete al <b>canal de WhatsApp<\/b> de la SER<\/p>     <\/a> <\/div><\/p>   <p>Actualmente <a href=\"https:\/\/cadenaser.com\/comunitat-valenciana\/2023\/11\/21\/ultimos-preparativos-para-la-zona-de-bajas-emisiones-de-benidorm-como-se-podra-circular-radio-benidorm\/\" target=\"_blank\" rel=\"noopener\">la implantaci\u00f3n de la ZBE<\/a>, que deb\u00eda haberse realizado en enero de este a\u00f1o, est\u00e1 \u00absuspendida\u00bb por una moratoria que permite a los Ayuntamientos disponer de un plazo que expira el 31 de diciembre de 2024 para poder adquirir los elementos necesarios para su aplicaci\u00f3n efectiva.<\/p>   <p>La pasada semana el Ayuntamiento de Benidorm daba otro paso adelante en la implantaci\u00f3n de esta zona, a la que est\u00e1n obligados los municipios de m\u00e1s de 50.000 habitantes, con la modificaci\u00f3n en pleno de la Ordenanza de Movilidad.<\/p>   <p>Esta modificaci\u00f3n de la ordenanza municipal pretende actualizar la normativa para dar cabida a la ordenaci\u00f3n de la movilidad que se ha venido aplicando en el municipio en los \u00faltimos tiempos. \u201cPara la ciudad de Benidorm la movilidad es un elemento de vital importancia y con esta modificaci\u00f3n queremos favorecer al residente y sentar las bases que garanticen una buena convivencia entre vecinos, turistas y visitantes\u201d, ha argumentado el edil de Movilidad.<\/p>   <p>En Benidorm la Zona de Bajas Emisiones afectar\u00e1 tanto al centro como a las zonas de Levante y Poniente y abarcar\u00e1 una superficie de 75 hect\u00e1reas. En las zonas demarcadas como de bajas emisiones se favorecer\u00e1 el tr\u00e1nsito peatonal, se fomentar\u00e1 el uso del transporte p\u00fablico y veh\u00edculos no motorizados y se limitar\u00e1 el acceso de veh\u00edculos m\u00e1s contaminantes como recoge la Ley de Cambio Clim\u00e1tico y Transici\u00f3n Energ\u00e9tica. Alguna de estas medidas ya han sido puestas en pr\u00e1ctica por el Ayuntamiento en los \u00faltimos tiempos.<\/p>   <p>Adem\u00e1s, para potenciar el uso de veh\u00edculos no contaminantes como bicicletas o patinetes el\u00e9ctricos se contempla ampliar los carriles bici en el t\u00e9rmino y mejorar la movilidad peatonal para hacerla m\u00e1s sostenible y eficiente. Se modifican algunos art\u00edculos relacionados con los veh\u00edculos de movilidad personal (VMP) para adaptarlos al Manual de caracter\u00edsticas de la Direcci\u00f3n General de Tr\u00e1fico y para poder continuar con las pol\u00edticas de control de los mismos en relaci\u00f3n con el seguro y el casco.<\/p>   <p>Tambi\u00e9n se especifica qu\u00e9 tipo de veh\u00edculos son considerados \u201cmotos\u201d y se regula sus zonas de estacionamiento. Los veh\u00edculos el\u00e9ctricos tambi\u00e9n tendr\u00e1n claramente definidos los usos y zonas de estacionamiento: Benidorm cuenta actualmente con 36 dispositivos de recarga en el casco urbano, de los cuales 32 son de titularidad municipal.<\/p> ","protected":false},"excerpt":{"rendered":"<p>El edil de Movilidad asegura que la ZBE estar\u00e1 lista para enero de 2025 y funcionar\u00e1 \u00aba modo de pruebas\u00bb durante 6 meses<\/p>\n","protected":false},"author":0,"featured_media":7949,"comment_status":"open","ping_status":"open","sticky":false,"template":"","format":"standard","meta":{"_acf_changed":false,"footnotes":""},"categories":[1],"tags":[],"class_list":["post-7948","post","type-post","status-publish","format-standard","has-post-thumbnail","hentry","category-sin-categoria"],"acf":{"ser_id":"EVT2AAM5GFDR7MISN5NYLAH5UQ","ser_url":"https:\/\/cadenaser.com\/comunitat-valenciana\/2024\/09\/02\/todo-sobre-la-implantacion-de-la-zona-de-bajas-emisiones-en-benidorm-y-que-vehiculos-podran-acceder-a-ella-radio-benidorm\/"},"_links":{"self":[{"href":"https:\/\/serbenidorm.daliisolutions.com\/index.php\/wp-json\/wp\/v2\/posts\/7948","targetHints":{"allow":["GET"]}}],"collection":[{"href":"https:\/\/serbenidorm.daliisolutions.com\/index.php\/wp-json\/wp\/v2\/posts"}],"about":[{"href":"https:\/\/serbenidorm.daliisolutions.com\/index.php\/wp-json\/wp\/v2\/types\/post"}],"replies":[{"embeddable":true,"href":"https:\/\/serbenidorm.daliisolutions.com\/index.php\/wp-json\/wp\/v2\/comments?post=7948"}],"version-history":[{"count":0,"href":"https:\/\/serbenidorm.daliisolutions.com\/index.php\/wp-json\/wp\/v2\/posts\/7948\/revisions"}],"wp:featuredmedia":[{"embeddable":true,"href":"https:\/\/serbenidorm.daliisolutions.com\/index.php\/wp-json\/wp\/v2\/media\/7949"}],"wp:attachment":[{"href":"https:\/\/serbenidorm.daliisolutions.com\/index.php\/wp-json\/wp\/v2\/media?parent=7948"}],"wp:term":[{"taxonomy":"category","embeddable":true,"href":"https:\/\/serbenidorm.daliisolutions.com\/index.php\/wp-json\/wp\/v2\/categories?post=7948"},{"taxonomy":"post_tag","embeddable":true,"href":"https:\/\/serbenidorm.daliisolutions.com\/index.php\/wp-json\/wp\/v2\/tags?post=7948"}],"curies":[{"name":"wp","href":"https:\/\/api.w.org\/{rel}","templated":true}]}}