{"id":7974,"date":"2024-09-03T10:15:21","date_gmt":"2024-09-03T08:15:21","guid":{"rendered":"https:\/\/serbenidorm.daliisolutions.com\/index.php\/2024\/09\/03\/maria-jesus-y-su-acordeon-hospitalizada-tras-sufrir-un-accidente-de-trafico\/"},"modified":"2024-09-03T10:15:21","modified_gmt":"2024-09-03T08:15:21","slug":"maria-jesus-y-su-acordeon-hospitalizada-tras-sufrir-un-accidente-de-trafico","status":"publish","type":"post","link":"https:\/\/serbenidorm.daliisolutions.com\/index.php\/2024\/09\/03\/maria-jesus-y-su-acordeon-hospitalizada-tras-sufrir-un-accidente-de-trafico\/","title":{"rendered":"&#8216;Mar\u00eda Jes\u00fas y su acorde\u00f3n&#8217;, hospitalizada tras sufrir un accidente de tr\u00e1fico"},"content":{"rendered":"  <p>Benidorm<\/p>   <p>La artista Mar\u00eda Jes\u00fas Grados Ventura, m\u00e1s conocida como &#8216;Mar\u00eda Jes\u00fas y su acorde\u00f3n&#8217;, se encuentra hospitalizada, aunque fuera de peligro, despu\u00e9s de haber sufrido un <a href=\"https:\/\/cadenaser.com\/tag\/comarca_la_marina_baixa\/a\/\" target=\"_blank\" rel=\"noopener\">accidente de tr\u00e1fico el pasado s\u00e1bado mientras circulaba por la CV-763<\/a> que une las localidades alicantinas de La Nuc\u00eda y l\u2019Alf\u00e0s del Pi, ya en este \u00faltimo t\u00e9rmino municipal.<\/p>   <p>As\u00ed lo han confirmado este lunes fuentes del Ayuntamiento de La Nuc\u00eda, localidad en la que reside, as\u00ed como el propio representante de la artista. Las redes sociales de la cantante de \u00abEl baile de los pajaritos\u00bb tambi\u00e9n han publicado tanto la noticia del accidente como la actualizaci\u00f3n del estado de salud de Mar\u00eda Jes\u00fas.<\/p>   <p>Junto a la artista viajaba un hombre, que conduc\u00eda el veh\u00edculo, que tambi\u00e9n sufri\u00f3 heridas en este accidente. En su caso fue dado de alta despu\u00e9s de haber sido trasladado hasta un hospital de la ciudad de Benidorm.<\/p>   <p>La artista, evacuada a ese mismo centro hospitalario, permanece ingresada en planta para someterse a pruebas m\u00e1s exhaustivas, ya que sufr\u00eda de fuertes dolores, aunque, seg\u00fan un comunicado emitido en las redes sociales de la cantante, se encuentra fuera de gravedad.<\/p>   <p>A causa de este accidente, la circulaci\u00f3n de la CV-763 permaneci\u00f3 cortada durante varios minutos para permitir el trabajo de los equipos sanitarios, lo que gener\u00f3 algunas retenciones de consideraci\u00f3n en la zona.<\/p>   <p>     .c-w{         max-width:444px;         width:100%;         margin:16px auto;      background:#00755E;         border-radius:4px;         display:flex;         align-items:center;         justify-content:center;     }     .c-w a{         display:flex;         align-items:center;         justify-content:center;         padding:4px 24px;     }     .c-w img{         width:24px;         margin-right:12px;     }     .c-w p{         font:18px\/25px Poppins;         text-align:center;         color:#fff;         margin:0;     }     @media (max-width:444px){         .c-w a{             padding:4px 12px;         }         .c-w img{             width:24px;             margin-right:8px;         }         .c-w p{             font:14px\/25px Poppins;         }     }     @media (max-width:335px){         .c-w p{             font:13px\/25px Poppins;         }     }  <div class=\"c-w\">     <a href=\"https:\/\/www.whatsapp.com\/channel\/0029Va633PF9WtC4l7XUzh1e\" target=\"_blank\" rel=\"noopener\">         <img decoding=\"async\" src=\"https:\/\/cadenaser.com\/estaticos\/recursosgraficos\/responsive\/img\/ico-whatsapp.svg\" alt=\"Whatsapp\">         <p>\u00danete al <b>canal de WhatsApp<\/b> de la SER<\/p>     <\/a> <\/div><\/p> ","protected":false},"excerpt":{"rendered":"<p>La cantante de \u00abEl baile de los pajaritos\u00bb est\u00e1 fuera de peligro y permanece ingresada en planta para someterse a pruebas m\u00e1s exhaustivas porque sufr\u00eda de fuertes dolores<\/p>\n","protected":false},"author":0,"featured_media":7975,"comment_status":"open","ping_status":"open","sticky":false,"template":"","format":"standard","meta":{"_acf_changed":false,"footnotes":""},"categories":[1],"tags":[],"class_list":["post-7974","post","type-post","status-publish","format-standard","has-post-thumbnail","hentry","category-sin-categoria"],"acf":{"ser_id":"K5T3AF45JVCUZKRDWYWNYR745A","ser_url":"https:\/\/cadenaser.com\/comunitat-valenciana\/2024\/09\/02\/maria-jesus-y-su-acordeon-hospitalizada-tras-sufrir-un-accidente-de-trafico-radio-benidorm\/"},"_links":{"self":[{"href":"https:\/\/serbenidorm.daliisolutions.com\/index.php\/wp-json\/wp\/v2\/posts\/7974","targetHints":{"allow":["GET"]}}],"collection":[{"href":"https:\/\/serbenidorm.daliisolutions.com\/index.php\/wp-json\/wp\/v2\/posts"}],"about":[{"href":"https:\/\/serbenidorm.daliisolutions.com\/index.php\/wp-json\/wp\/v2\/types\/post"}],"replies":[{"embeddable":true,"href":"https:\/\/serbenidorm.daliisolutions.com\/index.php\/wp-json\/wp\/v2\/comments?post=7974"}],"version-history":[{"count":0,"href":"https:\/\/serbenidorm.daliisolutions.com\/index.php\/wp-json\/wp\/v2\/posts\/7974\/revisions"}],"wp:featuredmedia":[{"embeddable":true,"href":"https:\/\/serbenidorm.daliisolutions.com\/index.php\/wp-json\/wp\/v2\/media\/7975"}],"wp:attachment":[{"href":"https:\/\/serbenidorm.daliisolutions.com\/index.php\/wp-json\/wp\/v2\/media?parent=7974"}],"wp:term":[{"taxonomy":"category","embeddable":true,"href":"https:\/\/serbenidorm.daliisolutions.com\/index.php\/wp-json\/wp\/v2\/categories?post=7974"},{"taxonomy":"post_tag","embeddable":true,"href":"https:\/\/serbenidorm.daliisolutions.com\/index.php\/wp-json\/wp\/v2\/tags?post=7974"}],"curies":[{"name":"wp","href":"https:\/\/api.w.org\/{rel}","templated":true}]}}