{"id":7976,"date":"2024-09-03T10:15:22","date_gmt":"2024-09-03T08:15:22","guid":{"rendered":"https:\/\/serbenidorm.daliisolutions.com\/index.php\/2024\/09\/03\/cruz-roja-alerta-de-un-aumento-de-los-migrantes-heridos-que-han-llegado-este-verano-a-las-costas-de-alicante\/"},"modified":"2024-09-03T10:15:22","modified_gmt":"2024-09-03T08:15:22","slug":"cruz-roja-alerta-de-un-aumento-de-los-migrantes-heridos-que-han-llegado-este-verano-a-las-costas-de-alicante","status":"publish","type":"post","link":"https:\/\/serbenidorm.daliisolutions.com\/index.php\/2024\/09\/03\/cruz-roja-alerta-de-un-aumento-de-los-migrantes-heridos-que-han-llegado-este-verano-a-las-costas-de-alicante\/","title":{"rendered":"Cruz Roja alerta de un aumento de los migrantes heridos que han llegado este verano a las costas de Alicante"},"content":{"rendered":"  <p>Alicante<\/p>   <p>Cruz Roja advierte de un aumento de las atenciones sanitarias de personas heridas como consecuencia de las condiciones clim\u00e1ticas que padecen los migrantes durante la traves\u00eda desde el Norte de \u00c1frica hasta las costas del sur de la Comunitat Valenciana.<\/p>   <p>En lo que va de 2024, la organizaci\u00f3n humanitaria ha atendido a un total de 365 migrantes en 30 intervenciones. Del total, 33 han sido mujeres, alguna de ellas embarazada y 32 menores de edad. La gran mayor\u00eda de ellos procede de la zona del Magreb, aunque tambi\u00e9n han atendido a personas subsaharianas.<\/p>   <p><p>M\u00e1s informaci\u00f3n<\/p><ul><li><a href=\"https:\/\/cadenaser.com\/comunitat-valenciana\/2024\/08\/19\/un-bebe-dos-adolescentes-y-una-mujer-embarazada-en-tres-pateras-mas-llegadas-a-la-costa-de-alicante-radio-alicante\/\"><span>Un beb\u00e9, dos adolescentes y una mujer embarazada, en tres pateras m\u00e1s llegadas a la costa de Alicante<\/span><\/a><\/li><li><a href=\"https:\/\/cadenaser.com\/comunitat-valenciana\/2024\/06\/08\/cruz-roja-distingue-al-equipo-de-voluntarios-que-atienden-a-los-migrantes-llegados-en-patera-una-labor-que-solo-es-posible-desde-el-corazon-radio-alicante\/\"><span>Cruz Roja distingue al equipo de voluntarios que atienden a los migrantes llegados en patera: \u00abUna labor que solo es posible desde el coraz\u00f3n\u00bb<\/span><\/a><\/li><\/ul><\/p>   <p>Marta Mar\u00edn, responsable del proyecto de Ayuda Humanitaria a Inmigrantes en Costas de Cruz Roja en Alicante, explica que durante este mes de agosto han tenido cinco intervenciones m\u00e1s, en comparaci\u00f3n con 2023, aunque asegura que la \u00abtendencia es muy parecida\u00bb.<\/p>   <p>Adem\u00e1s del cambio de perfil del migrante, con la llegada de m\u00e1s mujeres y menores muy peque\u00f1os, Mar\u00edn a\u00f1ade que han atendido personas con diversidad funcional, incluso en silla de ruedas, y con m\u00e1s atenciones sanitarias por quemaduras de gasolina con el agua salada, hipotermias, personas con febr\u00edculas por la exposici\u00f3n al sol.<\/p>  <p><p class=\"tit\"><span>Marta Mar\u00edn, responsable del proyecto de Ayuda Humanitaria a Inmigrantes en Costas de Cruz Roja: \u00abHemos tenido m\u00e1s atenciones sanitarias de personas heridas\u00bb<\/span><\/p> <p class=\"emb\"><iframe loading=\"lazy\" src=\"https:\/\/cadenaser.com\/embed\/audio\/460\/1725189743563\/\" width=\"100%\" height=\"360\" frameborder=\"0\" allowfullscreen><\/iframe><\/p><\/p>   <p>Marta Mar\u00edn explica que la ruta hacia las costas del Mar Mediterr\u00e1neo tambi\u00e9n es peligrosa, aunque no al nivel de la traves\u00eda hacia las islas Canarias, y que puede variar en funci\u00f3n de las condiciones clim\u00e1ticas del mar.<\/p>   <p>     .c-w{         max-width:444px;         width:100%;         margin:16px auto;      background:#00755E;         border-radius:4px;         display:flex;         align-items:center;         justify-content:center;     }     .c-w a{         display:flex;         align-items:center;         justify-content:center;         padding:4px 24px;     }     .c-w img{         width:24px;         margin-right:12px;     }     .c-w p{         font:18px\/25px Poppins;         text-align:center;         color:#fff;         margin:0;     }     @media (max-width:444px){         .c-w a{             padding:4px 12px;         }         .c-w img{             width:24px;             margin-right:8px;         }         .c-w p{             font:14px\/25px Poppins;         }     }     @media (max-width:335px){         .c-w p{             font:13px\/25px Poppins;         }     }  <div class=\"c-w\">     <a href=\"https:\/\/www.whatsapp.com\/channel\/0029Va633PF9WtC4l7XUzh1e\" target=\"_blank\" rel=\"noopener\">         <img decoding=\"async\" src=\"https:\/\/cadenaser.com\/estaticos\/recursosgraficos\/responsive\/img\/ico-whatsapp.svg\" alt=\"Whatsapp\">         <p>\u00danete al <b>canal de WhatsApp<\/b> de la SER<\/p>     <\/a> <\/div><\/p>   <p>Normalmente, los migrantes se enfrentan a traves\u00edas de dos o tres d\u00edas, aunque si se desorientan pueden llegar a los cuatro o cinco d\u00edas. En este \u00faltimo caso, asegura, llegan con los v\u00edveres justos para sobrevivir.<\/p>   <p>Seg\u00fan las estimaciones de la ONU, en la ruta del mediterr\u00e1neo occidental han muerto 216 personas solo desde que empez\u00f3 el a\u00f1o, en 2023 fueron 500.<\/p>  <p><p class=\"tit\"><span>Marta Mar\u00edn, responsable del proyecto de Ayuda Humanitaria a Inmigrantes en Costas de Cruz Roja: \u00abLas traves\u00edas suelen ser de dos o tres d\u00edas aunque hay veces que pueden estar hasta cinco\u00bb<\/span><\/p> <p class=\"emb\"><iframe loading=\"lazy\" src=\"https:\/\/cadenaser.com\/embed\/audio\/460\/1725189822233\/\" width=\"100%\" height=\"360\" frameborder=\"0\" allowfullscreen><\/iframe><\/p><\/p>   <p>Mar\u00edn asegura que cuando los migrantes llegan al Puerto de Alicante y ven el chaleco de Cruz Roja se tranquilizan. Durante el poco tiempo que dura la emergencia y despu\u00e9s de ducharse y ponerse ropa seca, los migrante establecen un v\u00ednculo con los voluntarios. All\u00ed, les cuentan por qu\u00e9 se han subido a una patera o las dificultades que han pasado durante la traves\u00eda.<\/p>   <p>CCOO PV reclama canales seguros<\/p>   <p>Una vez llegan a territorio Espa\u00f1ol Cruz Roja les hace la primera atenci\u00f3n y, despu\u00e9s, comienza un largo proceso para ellos, ya que est\u00e1n en situaci\u00f3n irregular y no pueden, por ejemplo, trabajar. Comisiones Obreras alerta de que hay empresas que se aprovechan de su situaci\u00f3n para ofrecerles trabajos precarios, en muchas ocasiones sin darles de alta en la seguridad social. Y pide rutas migratorias seguras para que los migrantes no se jueguen la vida en el Mediterr\u00e1neo.<\/p>   <p>Isabel Barraj\u00f3n, secretaria de migraciones de Comisiones Obreras del Pa\u00eds Valenci\u00e0, afirma que el colectivo de personas migrantes est\u00e1 sobrerrepresentado en los trabajos m\u00e1s precarios de la econom\u00eda valenciana. Los datos demuestran que cobran menos, tienen que trabajar m\u00e1s horas y habitualmente lo hacen en los sectores m\u00e1s desregulados. El sindicato pide que se dignifique su trabajo.<\/p>  <p><p class=\"tit\"><span>Isabel Barraj\u00f3n (Comisiones Obreras del Pais Valenci\u00e0) pide que el trabajo de los migrantes se dignifique<\/span><\/p> <p class=\"emb\"><iframe loading=\"lazy\" src=\"https:\/\/cadenaser.com\/embed\/audio\/460\/1725189544949\/\" width=\"100%\" height=\"360\" frameborder=\"0\" allowfullscreen><\/iframe><\/p><\/p>   <p>Comisiones Obreras afirma que la llegada de migrantes a las costas valencianas y al resto de Espa\u00f1a no se debe a un efecto llamada, sino al ciclo econ\u00f3mico de nuestro pa\u00eds que hace que estas personas tengan oportunidades aqu\u00ed. Por eso, Barraj\u00f3n reclama canales seguros para que estas personas no tengan que jugarse la vida en el Mediterr\u00e1neo.<\/p>  <p><p class=\"tit\"><span>Isabel Barraj\u00f3n (Comisiones Obreras del Pais Valenci\u00e0) reclama canales seguros para que las personas migrantes no deban \u00abjugarse la vida\u00bb cuando cruzan el mar Mediterr\u00e1neo<\/span><\/p> <p class=\"emb\"><iframe loading=\"lazy\" src=\"https:\/\/cadenaser.com\/embed\/audio\/460\/1725189809558\/\" width=\"100%\" height=\"360\" frameborder=\"0\" allowfullscreen><\/iframe><\/p><\/p>   <p><i>Sigue toda la \u00faltima hora en el canal de Whatsapp de Radio Valencia: <\/i><a href=\"https:\/\/eur01.safelinks.protection.outlook.com\/?url=https%3A%2F%2Fwhatsapp.com%2Fchannel%2F0029VaHjyqSFHWq2Q3iHB33R&amp;data=05%7C02%7CASanchezSa%40prisaradio.com%7Cbcbba1a7cd834febfc0008dc718f345b%7Cc4fd49f3e15a44d882e2c909735d2e45%7C0%7C0%7C638510107081166370%7CUnknown%7CTWFpbGZsb3d8eyJWIjoiMC4wLjAwMDAiLCJQIjoiV2luMzIiLCJBTiI6Ik1haWwiLCJXVCI6Mn0%3D%7C0%7C%7C%7C&amp;sdata=WFs4%2BokiRyjbxmDJgRU9c1ksYZP%2F7O9hOQ0C1W8Esm0%3D&amp;reserved=0\" rel=\"nofollow noopener\" target=\"_blank\"><i>haz clic aqu\u00ed y suscr\u00edbete<\/i><\/a><i>\u00a0para recibir toda la informaci\u00f3n y la actualidad del d\u00eda en tu m\u00f3vil.<\/i><\/p> ","protected":false},"excerpt":{"rendered":"<p>Desde la ONG han atendido a mujeres embarazadas, personas con diversidad funcional, incluso en silla de ruedas, y con un incremento de atenciones sanitarias por quemaduras de gasolina con el agua salada, hipotermias o febr\u00edculas por la exposici\u00f3n al sol<\/p>\n","protected":false},"author":0,"featured_media":7977,"comment_status":"open","ping_status":"open","sticky":false,"template":"","format":"standard","meta":{"_acf_changed":false,"footnotes":""},"categories":[1],"tags":[],"class_list":["post-7976","post","type-post","status-publish","format-standard","has-post-thumbnail","hentry","category-sin-categoria"],"acf":{"ser_id":"VXQFCTQGEBDWHHBFS5NQTKTRKU","ser_url":"https:\/\/cadenaser.com\/comunitat-valenciana\/2024\/09\/01\/cruz-roja-alerta-de-un-aumento-de-los-migrantes-heridos-que-han-llegado-este-verano-a-las-costas-de-alicante-radio-alicante\/"},"_links":{"self":[{"href":"https:\/\/serbenidorm.daliisolutions.com\/index.php\/wp-json\/wp\/v2\/posts\/7976","targetHints":{"allow":["GET"]}}],"collection":[{"href":"https:\/\/serbenidorm.daliisolutions.com\/index.php\/wp-json\/wp\/v2\/posts"}],"about":[{"href":"https:\/\/serbenidorm.daliisolutions.com\/index.php\/wp-json\/wp\/v2\/types\/post"}],"replies":[{"embeddable":true,"href":"https:\/\/serbenidorm.daliisolutions.com\/index.php\/wp-json\/wp\/v2\/comments?post=7976"}],"version-history":[{"count":0,"href":"https:\/\/serbenidorm.daliisolutions.com\/index.php\/wp-json\/wp\/v2\/posts\/7976\/revisions"}],"wp:featuredmedia":[{"embeddable":true,"href":"https:\/\/serbenidorm.daliisolutions.com\/index.php\/wp-json\/wp\/v2\/media\/7977"}],"wp:attachment":[{"href":"https:\/\/serbenidorm.daliisolutions.com\/index.php\/wp-json\/wp\/v2\/media?parent=7976"}],"wp:term":[{"taxonomy":"category","embeddable":true,"href":"https:\/\/serbenidorm.daliisolutions.com\/index.php\/wp-json\/wp\/v2\/categories?post=7976"},{"taxonomy":"post_tag","embeddable":true,"href":"https:\/\/serbenidorm.daliisolutions.com\/index.php\/wp-json\/wp\/v2\/tags?post=7976"}],"curies":[{"name":"wp","href":"https:\/\/api.w.org\/{rel}","templated":true}]}}