{"id":7978,"date":"2024-09-03T10:15:23","date_gmt":"2024-09-03T08:15:23","guid":{"rendered":"https:\/\/serbenidorm.daliisolutions.com\/index.php\/2024\/09\/03\/detenido-un-hombre-en-villajoyosa-por-vender-coches-importados-con-matricula-falsa\/"},"modified":"2024-09-03T10:15:23","modified_gmt":"2024-09-03T08:15:23","slug":"detenido-un-hombre-en-villajoyosa-por-vender-coches-importados-con-matricula-falsa","status":"publish","type":"post","link":"https:\/\/serbenidorm.daliisolutions.com\/index.php\/2024\/09\/03\/detenido-un-hombre-en-villajoyosa-por-vender-coches-importados-con-matricula-falsa\/","title":{"rendered":"Detenido un hombre en Villajoyosa por vender coches importados con matr\u00edcula falsa"},"content":{"rendered":"  <p>Alicante<\/p>   <p>La Polic\u00eda Nacional ha detenido a un hombre de 51 a\u00f1os de edad en Villajoyosa (Alicante) por un delito de falsedad documental, al dedicarse supuestamente a la venta de veh\u00edculos de importaci\u00f3n en Espa\u00f1a sin tramitar la documentaci\u00f3n requerida y con matr\u00edculas falsas.<\/p>   <p>La Polic\u00eda tuvo conocimiento de esta actividad a trav\u00e9s de diversos canales y comprob\u00f3 que varios veh\u00edculos estacionaban habitualmente en los mismos aparcamientos.<\/p>   <p>A estos turismos se les cambiaban las matr\u00edculas con frecuencia, por lo que la Polic\u00eda Nacional localiz\u00f3 en Villajoyosa tres veh\u00edculos cuyas placas no se correspond\u00edan con los turismos que las portaban, seg\u00fan han informado este s\u00e1bado fuentes policiales.<\/p>   <p>Los agentes consiguieron identificar a la persona que realizaba los cambios de matr\u00edculas y la localizaron en la v\u00eda p\u00fablica en el momento en el que estaba mostrando uno de los autom\u00f3viles investigados con una placa de matr\u00edcula falsa.<\/p>   <p>El detenido, de origen lituano, importaba veh\u00edculos de pa\u00edses extranjeros sin tramitar la documentaci\u00f3n pertinente y montaba las citadas placas para darle una apariencia leg\u00edtima a la transacci\u00f3n comercial y as\u00ed venderlos en el mercado espa\u00f1ol.<\/p>   <p>     .c-w{         max-width:444px;         width:100%;         margin:16px auto;      background:#00755E;         border-radius:4px;         display:flex;         align-items:center;         justify-content:center;     }     .c-w a{         display:flex;         align-items:center;         justify-content:center;         padding:4px 24px;     }     .c-w img{         width:24px;         margin-right:12px;     }     .c-w p{         font:18px\/25px Poppins;         text-align:center;         color:#fff;         margin:0;     }     @media (max-width:444px){         .c-w a{             padding:4px 12px;         }         .c-w img{             width:24px;             margin-right:8px;         }         .c-w p{             font:14px\/25px Poppins;         }     }     @media (max-width:335px){         .c-w p{             font:13px\/25px Poppins;         }     }  <div class=\"c-w\">     <a href=\"https:\/\/www.whatsapp.com\/channel\/0029Va633PF9WtC4l7XUzh1e\" target=\"_blank\" rel=\"noopener\">         <img decoding=\"async\" src=\"https:\/\/cadenaser.com\/estaticos\/recursosgraficos\/responsive\/img\/ico-whatsapp.svg\" alt=\"Whatsapp\">         <p>\u00danete al <b>canal de WhatsApp<\/b> de la SER<\/p>     <\/a> <\/div><\/p>   <p>Todas las actuaciones han sido puestas a disposici\u00f3n de los Juzgados de Instrucci\u00f3n de Benidorm.<\/p> ","protected":false},"excerpt":{"rendered":"<p>La Polic\u00eda tuvo conocimiento de esta actividad a trav\u00e9s de diversos canales y comprob\u00f3 que varios veh\u00edculos estacionaban habitualmente en los mismos aparcamientos<\/p>\n","protected":false},"author":0,"featured_media":7979,"comment_status":"open","ping_status":"open","sticky":false,"template":"","format":"standard","meta":{"_acf_changed":false,"footnotes":""},"categories":[1],"tags":[],"class_list":["post-7978","post","type-post","status-publish","format-standard","has-post-thumbnail","hentry","category-sin-categoria"],"acf":{"ser_id":"4ZFMAEY445EGNEJF74YJWE3UWM","ser_url":"https:\/\/cadenaser.com\/comunitat-valenciana\/2024\/08\/31\/detenido-un-hombre-en-villajoyosa-por-vender-coches-importados-con-matricula-falsa-radio-alicante\/"},"_links":{"self":[{"href":"https:\/\/serbenidorm.daliisolutions.com\/index.php\/wp-json\/wp\/v2\/posts\/7978","targetHints":{"allow":["GET"]}}],"collection":[{"href":"https:\/\/serbenidorm.daliisolutions.com\/index.php\/wp-json\/wp\/v2\/posts"}],"about":[{"href":"https:\/\/serbenidorm.daliisolutions.com\/index.php\/wp-json\/wp\/v2\/types\/post"}],"replies":[{"embeddable":true,"href":"https:\/\/serbenidorm.daliisolutions.com\/index.php\/wp-json\/wp\/v2\/comments?post=7978"}],"version-history":[{"count":0,"href":"https:\/\/serbenidorm.daliisolutions.com\/index.php\/wp-json\/wp\/v2\/posts\/7978\/revisions"}],"wp:featuredmedia":[{"embeddable":true,"href":"https:\/\/serbenidorm.daliisolutions.com\/index.php\/wp-json\/wp\/v2\/media\/7979"}],"wp:attachment":[{"href":"https:\/\/serbenidorm.daliisolutions.com\/index.php\/wp-json\/wp\/v2\/media?parent=7978"}],"wp:term":[{"taxonomy":"category","embeddable":true,"href":"https:\/\/serbenidorm.daliisolutions.com\/index.php\/wp-json\/wp\/v2\/categories?post=7978"},{"taxonomy":"post_tag","embeddable":true,"href":"https:\/\/serbenidorm.daliisolutions.com\/index.php\/wp-json\/wp\/v2\/tags?post=7978"}],"curies":[{"name":"wp","href":"https:\/\/api.w.org\/{rel}","templated":true}]}}