{"id":7989,"date":"2024-09-03T15:24:44","date_gmt":"2024-09-03T13:24:44","guid":{"rendered":"https:\/\/serbenidorm.daliisolutions.com\/index.php\/2024\/09\/03\/visit-benidorm-prepara-el-calendario-promocional-de-otono-para-captar-turismo-senior-50-y-turismo-deportivo\/"},"modified":"2024-09-03T15:24:44","modified_gmt":"2024-09-03T13:24:44","slug":"visit-benidorm-prepara-el-calendario-promocional-de-otono-para-captar-turismo-senior-50-y-turismo-deportivo","status":"publish","type":"post","link":"https:\/\/serbenidorm.daliisolutions.com\/index.php\/2024\/09\/03\/visit-benidorm-prepara-el-calendario-promocional-de-otono-para-captar-turismo-senior-50-y-turismo-deportivo\/","title":{"rendered":"Visit Benidorm prepara el calendario promocional de oto\u00f1o para captar turismo senior +50 y turismo deportivo"},"content":{"rendered":"  <p>Benidorm<\/p>   <p>Cuando termina agosto, el mes de vacaciones por excelencia, y llega septiembre, la vuelta al cole y la rutina es, precisamente, cuando Visit Benidorm empieza a pensar en vacaciones: las que tendremos el a\u00f1o que viene o las que planeamos como escapadas para oto\u00f1o.<\/p>   <p>L<a href=\"https:\/\/cadenaser.com\/comunitat-valenciana\/2023\/04\/12\/leire-bibao-desde-visit-benidorm-elegimos-como-queremos-que-vean-benidorm-radio-benidorm\/\" target=\"_blank\" rel=\"noopener\">a directora de Visit Benidorm, Leire Bilbao,<\/a> ha explicado en Hoy por Hoy Benidorm, que es en septiembre cuando \u201cpr\u00e1cticamente<a href=\"https:\/\/cadenaser.com\/comunitat-valenciana\/2024\/08\/30\/yo-tambien-soy-turista-la-campana-que-aboga-por-la-convivencia-entre-turista-y-residente-se-presenta-en-benidorm-radio-benidorm\/\" target=\"_blank\" rel=\"noopener\"> empezamos el a\u00f1o tur\u00edstico\u201d <\/a>y cuando comienzan el grueso de acciones promocionales tanto con touroperadores, agencias como con publico final con el objetivo de asegurar la ocupaci\u00f3n y rentabilidad en la pr\u00f3xima temporada alta pero tambi\u00e9n conseguir consolidar la desestacionalizaci\u00f3n en temporada baja. \u201cEn Benidorm, desde hace a\u00f1os, tenemos un muy buen mes de septiembre y los meses de octubre y noviembre tienen muy buenas ocupaciones, sobre todo durante los fines de semana y los puentes porque tenemos muchas cosas que hacer, los parques tem\u00e1ticos est\u00e1n abiertos, tenemos buen clima y eventos como el Pride, Halloween o las Fiestas Mayores Patronales que sirven como atractivo\u201d, indica Bilbao.<\/p>   <p>La clave de las acciones promocionales que prepara Visit Benidorm es la segmentaci\u00f3n para llegar a un p\u00fablico final muy espec\u00edfico. Especialmente de cara al oto\u00f1o se desarrollar\u00e1 acciones que buscan el turismo senior de m\u00e1s de 50 a\u00f1os, especialmente de pa\u00edses fr\u00edos del norte de Europa \u201cporque tiene un mayor poder adquisitivo y una mayor capacidad para viajar fuera de fechas veraniegas ya que no tiene ni\u00f1os peque\u00f1os a su cargo y porque es un turista muy activo que busca actividades deportivas, gastron\u00f3micas, culturales o senderistas\u201d explica. Tambi\u00e9n se realizar\u00e1 acciones para potenciar Benidorm como destino deportivo \u201cpara realizar entrenamientos, porque tenemos las infraestructuras y un clima suave para entrenar al aire libre en invierno\u201d y como destino de turismo MICE o de congresos.<\/p>   <p>De hecho, Bilbao ha explicado que ya en el mes de agosto Visit Benidorm ha realizado acciones en Reino Unido para potenciar el PRIDE como \u201cla \u00faltima fiesta del Orgullo del verano en Europa\u201d con atractivos tan singulares como \u201cuna Parade en primera l\u00ednea de playa\u201d. Septiembre comienza con acciones en Escocia, Pa\u00edses Bajos, Noruega, Reino Unido, Polonia, Alemania y Portugal. Tambi\u00e9n se realizar\u00e1 campa\u00f1a promocionales en el mercado nacional como la asistencia al festival Sea Otter de Girona o a la feria Alicante Gastron\u00f3mica.<\/p>   <p>Cerca de una treintena de acciones hasta final de a\u00f1o que pretenden fidelizar al turista brit\u00e1nico \u201cque ha hemos recuperado totalmente\u201d y potenciar el destino en mercados emergentes como el Polaco para consolidar la desestacionalizaci\u00f3n.<\/p>   <p>     .c-w{         max-width:444px;         width:100%;         margin:16px auto;      background:#00755E;         border-radius:4px;         display:flex;         align-items:center;         justify-content:center;     }     .c-w a{         display:flex;         align-items:center;         justify-content:center;         padding:4px 24px;     }     .c-w img{         width:24px;         margin-right:12px;     }     .c-w p{         font:18px\/25px Poppins;         text-align:center;         color:#fff;         margin:0;     }     @media (max-width:444px){         .c-w a{             padding:4px 12px;         }         .c-w img{             width:24px;             margin-right:8px;         }         .c-w p{             font:14px\/25px Poppins;         }     }     @media (max-width:335px){         .c-w p{             font:13px\/25px Poppins;         }     }  <div class=\"c-w\">     <a href=\"https:\/\/www.whatsapp.com\/channel\/0029Va633PF9WtC4l7XUzh1e\" target=\"_blank\" rel=\"noopener\">         <img decoding=\"async\" src=\"https:\/\/cadenaser.com\/estaticos\/recursosgraficos\/responsive\/img\/ico-whatsapp.svg\" alt=\"Whatsapp\">         <p>\u00danete al <b>canal de WhatsApp<\/b> de la SER<\/p>     <\/a> <\/div><\/p>   <p>Las previsiones para este oto\u00f1o son \u201cbuenas\u201d, en palabras de Leire Bilbao, quien augura que \u201ctendremos cifras mejores que las del a\u00f1o pasado\u201d.<\/p>   <p>En lo que respecta al trabajo realizado desde que ha comenzado el a\u00f1o hasta ahora, Visit Benidorm ha impulsado un centenar de acciones promocionales en 23 pa\u00edses, ha estado presente en 33 ferias nacionales e internacionales, ha llevado a cabo 13 viajes de familiarizaci\u00f3n o \u2018famtrips\u2019, 14 viajes de prensa e \u2018influencers\u2019, 14 presentaciones y 24 \u2018workshops\u2019 con profesionales.<\/p>   <p>Seg\u00fan datos aportados por la propia fundaci\u00f3n, la promoci\u00f3n del destino Benidormen redes sociales ha alcanzado a 16,9 millones de usuarios mientras que el Benidorm Fest, con 337 apariciones en televisi\u00f3n y m\u00e1s de 1.700 publicaciones en prensa, o el Mundial de Ciclocross, con cerca de un centenar, destacan por su impacto en medios.<\/p>   <p>La actividad de Visit Benidorm ha tenido alcance de m\u00e1s de 16,9 millones de usuarios y m\u00e1s de 15,4 millones de impresiones; m\u00e1s de medio mill\u00f3n de \u2018me gusta\u2019, casi 42.000 publicaciones compartidas y 20.385 comentarios.<\/p> ","protected":false},"excerpt":{"rendered":"<p>Leire Bilbao augura un \u00abbuen oto\u00f1o\u00bb para el destino Benidorm durante septiembre, puentes y fines de semana<\/p>\n","protected":false},"author":0,"featured_media":7990,"comment_status":"open","ping_status":"open","sticky":false,"template":"","format":"standard","meta":{"_acf_changed":false,"footnotes":""},"categories":[1],"tags":[],"class_list":["post-7989","post","type-post","status-publish","format-standard","has-post-thumbnail","hentry","category-sin-categoria"],"acf":{"ser_id":"PP77ZQJQH5FZNH7HZM4JKFC3ZE","ser_url":"https:\/\/cadenaser.com\/comunitat-valenciana\/2024\/09\/03\/visit-benidorm-prepara-el-calendario-promocional-de-otono-para-captar-turismo-senior-50-y-turismo-deportivo-radio-benidorm\/"},"_links":{"self":[{"href":"https:\/\/serbenidorm.daliisolutions.com\/index.php\/wp-json\/wp\/v2\/posts\/7989","targetHints":{"allow":["GET"]}}],"collection":[{"href":"https:\/\/serbenidorm.daliisolutions.com\/index.php\/wp-json\/wp\/v2\/posts"}],"about":[{"href":"https:\/\/serbenidorm.daliisolutions.com\/index.php\/wp-json\/wp\/v2\/types\/post"}],"replies":[{"embeddable":true,"href":"https:\/\/serbenidorm.daliisolutions.com\/index.php\/wp-json\/wp\/v2\/comments?post=7989"}],"version-history":[{"count":0,"href":"https:\/\/serbenidorm.daliisolutions.com\/index.php\/wp-json\/wp\/v2\/posts\/7989\/revisions"}],"wp:featuredmedia":[{"embeddable":true,"href":"https:\/\/serbenidorm.daliisolutions.com\/index.php\/wp-json\/wp\/v2\/media\/7990"}],"wp:attachment":[{"href":"https:\/\/serbenidorm.daliisolutions.com\/index.php\/wp-json\/wp\/v2\/media?parent=7989"}],"wp:term":[{"taxonomy":"category","embeddable":true,"href":"https:\/\/serbenidorm.daliisolutions.com\/index.php\/wp-json\/wp\/v2\/categories?post=7989"},{"taxonomy":"post_tag","embeddable":true,"href":"https:\/\/serbenidorm.daliisolutions.com\/index.php\/wp-json\/wp\/v2\/tags?post=7989"}],"curies":[{"name":"wp","href":"https:\/\/api.w.org\/{rel}","templated":true}]}}