{"id":7999,"date":"2024-09-03T18:48:41","date_gmt":"2024-09-03T16:48:41","guid":{"rendered":"https:\/\/serbenidorm.daliisolutions.com\/index.php\/2024\/09\/03\/colo-vainstein-tenemos-que-hacer-que-la-aficion-disfrute\/"},"modified":"2024-09-03T18:48:41","modified_gmt":"2024-09-03T16:48:41","slug":"colo-vainstein-tenemos-que-hacer-que-la-aficion-disfrute","status":"publish","type":"post","link":"https:\/\/serbenidorm.daliisolutions.com\/index.php\/2024\/09\/03\/colo-vainstein-tenemos-que-hacer-que-la-aficion-disfrute\/","title":{"rendered":"\u2018Colo\u2019 Vainstein: \u201cTenemos que hacer que la afici\u00f3n disfrute\u201d"},"content":{"rendered":"  <p>Benidorm<\/p>   <p>El <a href=\"https:\/\/cadenaser.com\/tag\/club_balonmano_benidorm\/a\/\">Servigroup Balonmano Benidorm<\/a> afronta ma\u00f1ana mi\u00e9rcoles su \u00faltimo partido de pretemporada antes de debutar el domingo d\u00eda 15 de septiembre (17:30 horas) en la Liga Asobal ante <a href=\"https:\/\/cadenaser.com\/comunitat-valenciana\/2024\/08\/08\/todos-los-partidos-horarios-y-resultados-del-balonmano-servigroup-benidorm-radio-benidorm\/\">el reci\u00e9n ascendido Guadalajara en un choque que se disputar\u00e1 en el Palau d\u2019Esports l\u2019Illa antes de actuar frente al Granollers y Cuenca como visitantes<\/a>. En este \u00faltimo choque, adem\u00e1s, se medir\u00e1n a un exbenidormense como <a href=\"https:\/\/cadenaser.com\/comunitat-valenciana\/2024\/05\/02\/santi-barcelo-dira-adios-a-su-etapa-en-el-tm-benidorm-radio-benidorm\/\">Santi Barcel\u00f3, que este a\u00f1o ha cambiado el Palau d\u2019Esports por El Sargal<\/a>.<\/p>   <p>Ibiza, Houten, Puerto de Sagunto, Agustinos de Alicante, Ciudad Real y E\u00f3n de Alicante (por partida doble) habr\u00e1n sido, en ese momento, los rivales a los que se habr\u00e1 medido el equipo de Sergio Carballeira en una pretemporada en la que el preparador gallego, como ya sucediera hace doce meses, se ha visto muy condicionado por las ausencias debido a las molestias y lesiones que se han cebado con la plantilla.<\/p>   <p>En cualquier caso, los choques de pretemporada (con un balance de dos victorias y cuatro derrotas) no deben de medirse en t\u00e9rminos de resultados, sino de las conclusiones y sensaciones que hayan podido sacar tanto los jugadores como el propio cuerpo t\u00e9cnico.<\/p>   <p>Con algo menos de dos semanas por delante, el capit\u00e1n del equipo, Pablo \u2018Colo\u2019 Vainstein, ha sido el protagonista de la primera \u2018Barra Libre\u2019 de la actual temporada de <a href=\"https:\/\/cadenaser.com\/radio-benidorm\/ser-deportivos-benidorm\/\">SER Deportivos Marina Baixa<\/a> en una charla en la que el jugador argentino no s\u00f3lo ha hablado sobre esa und\u00e9cima campa\u00f1a consecutiva del equipo en la <a href=\"https:\/\/cadenaser.com\/tag\/liga_asobal\/a\/\">Liga Asobal<\/a>, sino tambi\u00e9n de su tercera experiencia ol\u00edmpica en los todav\u00eda recientes Juegos de Par\u00eds.<\/p>   <p>El Colo ha asegurado que, al menos por el momento, no se dedica a elucubrar sobre d\u00f3nde podr\u00e1 estar el Servigroup Benidorm este a\u00f1o en una competici\u00f3n en la que el Bar\u00e7a vuelve a aparecer como gran y \u00fanico favorito al t\u00edtulo. \u201cEs algo que pasa desde hace muchos a\u00f1os y, sencillamente, es as\u00ed\u201d, afirma.<\/p>   <p>     .c-w{         max-width:444px;         width:100%;         margin:16px auto;      background:#00755E;         border-radius:4px;         display:flex;         align-items:center;         justify-content:center;     }     .c-w a{         display:flex;         align-items:center;         justify-content:center;         padding:4px 24px;     }     .c-w img{         width:24px;         margin-right:12px;     }     .c-w p{         font:18px\/25px Poppins;         text-align:center;         color:#fff;         margin:0;     }     @media (max-width:444px){         .c-w a{             padding:4px 12px;         }         .c-w img{             width:24px;             margin-right:8px;         }         .c-w p{             font:14px\/25px Poppins;         }     }     @media (max-width:335px){         .c-w p{             font:13px\/25px Poppins;         }     }  <div class=\"c-w\">     <a href=\"https:\/\/www.whatsapp.com\/channel\/0029Va633PF9WtC4l7XUzh1e\" target=\"_blank\" rel=\"noopener\">         <img decoding=\"async\" src=\"https:\/\/cadenaser.com\/estaticos\/recursosgraficos\/responsive\/img\/ico-whatsapp.svg\" alt=\"Whatsapp\">         <p>\u00danete al <b>canal de WhatsApp<\/b> de la SER<\/p>     <\/a> <\/div><\/p>  <p><p>M\u00e1s informaci\u00f3n<\/p><figure><img loading=\"lazy\" decoding=\"async\" src=\"https:\/\/cadenaser.com\/resizer\/v2\/T6OHECP5R5CAHDTEVPRTXWQXGM.jpg?auth=f4e4ce8ab64569aa9d7a5037da432b9c8149c091208bc892402e65fa4608e99b&amp;quality=70&amp;width=360&amp;height=202&amp;smart=true\" width=\"820\" height=\"621\" \/><\/figure><ul><li><a href=\"https:\/\/cadenaser.com\/comunitat-valenciana\/2024\/08\/08\/todos-los-partidos-horarios-y-resultados-del-balonmano-servigroup-benidorm-radio-benidorm\/\"><span>Todos los partidos, horarios y resultados del Balonmano Servigroup Benidorm<\/span><\/a><\/li><\/ul><\/p>   <p>En relaci\u00f3n a esa querencia de aficionados y prensa de tratar de adivinar cu\u00e1l ser\u00e1 el sitio del equipo en la Liga Asobal, Vainstein afirma que \u00e9l \u201cantes s\u00ed lo hac\u00eda, pero hay algo que aprend\u00ed con todos estos a\u00f1os: uno no puede ponerse ver, antes de empezar la competici\u00f3n, qui\u00e9n va a estar arriba o abajo. Eso se decidir\u00e1 con el paso de las jornadas y los partidos. Con el d\u00eda a d\u00eda\u201d.<\/p>   <p>Despu\u00e9s de un verano, el de 2023, en el que el Club Balonmano Benidorm vivi\u00f3 una refundaci\u00f3n casi completa tanto a nivel directivo como deportivo, el capit\u00e1n del primer equipo reconoce que el de 2024 ha sido, al menos en ese sentido, m\u00e1s tranquilo. \u201cAhora hay una base. El a\u00f1o pasado fue un a\u00f1o de transici\u00f3n, donde se estaba generando un proyecto y ya, despu\u00e9s de un a\u00f1o de trabajo del equipo, tenemos una base ya formada en la que se han producido apenas tres o cuatro cambios\u201d.<\/p>   <p><b>La importancia de la afici\u00f3n<\/b><\/p>   <p>Uno de los grandes valores del Servigroup Balonmano Benidorm es su gran simbiosis con esa afici\u00f3n que, encabezada por los Panda Azul, creci\u00f3 sensiblemente el pasado a\u00f1o y parece seguir sumando adeptos en la campa\u00f1a de abonos que sigue manteniendo en marcha.<\/p>   <p>El Colo, que afirma sentir ese calor y cari\u00f1o por parte de la grada, asegura que \u201ctenemos que buscar las herramientas para que la gente disfrute, para que la afici\u00f3n realmente venga a los partidos. Esa cercan\u00eda que se gener\u00f3 durante los \u00faltimos a\u00f1os con la afici\u00f3n, con los m\u00e1s chicos, es algo de lo que muchas veces no somos realmente conscientes. Uno no toma la dimensi\u00f3n de lo bien que le hace a los nenes que nosotros tengamos el gesto de ir con ellos a hablar despu\u00e9s del partido, a saludarlos, a sacarnos una foto, a darnos un abrazo&#8230; Son cosas que hay que seguir haciendo y mejorando\u201d.<\/p>  <p><p>M\u00e1s informaci\u00f3n<\/p><figure><img loading=\"lazy\" decoding=\"async\" src=\"https:\/\/cadenaser.com\/resizer\/v2\/BM74FJWKTFDCXBH77RJBF6LRMM.JPG?auth=52c6a27e1e5a6cfeccbb58480a761b2fa115eb35e646e7019360103ab240a0f5&amp;quality=70&amp;width=360&amp;height=202&amp;smart=true\" width=\"820\" height=\"621\" \/><\/figure><ul><li><a href=\"https:\/\/cadenaser.com\/tag\/club_balonmano_benidorm\/a\/\"><span>Todas las noticias del Club Balonmano Benidorm<\/span><\/a><\/li><\/ul><\/p>   <p>Pese a que el capit\u00e1n del equipo ya ha dicho que no quiere pensar en futuribles, s\u00ed que ha reconocido que el objetivo del equipo pasa \u201cobviamente, por pasar la primera etapa de la Copa del Rey, eso est\u00e1 claro. M\u00e1s all\u00e1 de eso, debemos conseguir ser un equipo competitivo y estar entre los ocho primeros ser\u00eda un buen paso y ser\u00eda arrancar bien. Luego, uno puede ser m\u00e1s ambicioso, pero creo que lo primordial ahora es terminar la pretemporada de una buena manera, poder preparar el primer partido y llegar de buena manera al arranque porque la liga va a estar muy apretada. Hay que tratar de no ser tan irregulares encontrar una continuidad durante el a\u00f1o\u201d.<\/p> ","protected":false},"excerpt":{"rendered":"<p>El capit\u00e1n del Servigroup Balonmano Benidorm, protagonista de la primera Barra Libre de la temporada<\/p>\n","protected":false},"author":0,"featured_media":8000,"comment_status":"open","ping_status":"open","sticky":false,"template":"","format":"standard","meta":{"_acf_changed":false,"footnotes":""},"categories":[16],"tags":[],"class_list":["post-7999","post","type-post","status-publish","format-standard","has-post-thumbnail","hentry","category-deportes"],"acf":{"ser_id":"R7C5OB6REZA2RGPS3OJCR7KY44","ser_url":"https:\/\/cadenaser.com\/comunitat-valenciana\/2024\/09\/03\/colo-vainstein-tenemos-que-hacer-que-la-aficion-disfrute-radio-benidorm\/"},"_links":{"self":[{"href":"https:\/\/serbenidorm.daliisolutions.com\/index.php\/wp-json\/wp\/v2\/posts\/7999","targetHints":{"allow":["GET"]}}],"collection":[{"href":"https:\/\/serbenidorm.daliisolutions.com\/index.php\/wp-json\/wp\/v2\/posts"}],"about":[{"href":"https:\/\/serbenidorm.daliisolutions.com\/index.php\/wp-json\/wp\/v2\/types\/post"}],"replies":[{"embeddable":true,"href":"https:\/\/serbenidorm.daliisolutions.com\/index.php\/wp-json\/wp\/v2\/comments?post=7999"}],"version-history":[{"count":0,"href":"https:\/\/serbenidorm.daliisolutions.com\/index.php\/wp-json\/wp\/v2\/posts\/7999\/revisions"}],"wp:featuredmedia":[{"embeddable":true,"href":"https:\/\/serbenidorm.daliisolutions.com\/index.php\/wp-json\/wp\/v2\/media\/8000"}],"wp:attachment":[{"href":"https:\/\/serbenidorm.daliisolutions.com\/index.php\/wp-json\/wp\/v2\/media?parent=7999"}],"wp:term":[{"taxonomy":"category","embeddable":true,"href":"https:\/\/serbenidorm.daliisolutions.com\/index.php\/wp-json\/wp\/v2\/categories?post=7999"},{"taxonomy":"post_tag","embeddable":true,"href":"https:\/\/serbenidorm.daliisolutions.com\/index.php\/wp-json\/wp\/v2\/tags?post=7999"}],"curies":[{"name":"wp","href":"https:\/\/api.w.org\/{rel}","templated":true}]}}