{"id":8001,"date":"2024-09-03T18:48:42","date_gmt":"2024-09-03T16:48:42","guid":{"rendered":"https:\/\/serbenidorm.daliisolutions.com\/index.php\/2024\/09\/03\/berna-ballester-habla-claro-si-estoy-aqui-es-para-tratar-de-subir-al-c-f-la-nucia\/"},"modified":"2024-09-03T18:48:42","modified_gmt":"2024-09-03T16:48:42","slug":"berna-ballester-habla-claro-si-estoy-aqui-es-para-tratar-de-subir-al-c-f-la-nucia","status":"publish","type":"post","link":"https:\/\/serbenidorm.daliisolutions.com\/index.php\/2024\/09\/03\/berna-ballester-habla-claro-si-estoy-aqui-es-para-tratar-de-subir-al-c-f-la-nucia\/","title":{"rendered":"Berna Ballester habla claro: \u201csi estoy aqu\u00ed es para tratar de subir al C.F. La Nuc\u00eda\u201d"},"content":{"rendered":"  <p>Benidorm<\/p>   <p>El <a href=\"https:\/\/cadenaser.com\/tag\/club_futbol_la_nucia\/a\/\">C.F. La Nuc\u00eda<\/a> toc\u00f3 el cielo con el ascenso a Primera RFEF tras una temporada de ensue\u00f1o y con un Estadi Ol\u00edmpic lleno hasta la bandera. Aquella tarde de paella gigante, banda de m\u00fasica y fiesta por todo lo alto deriv\u00f3, qui\u00e9n lo iba a decir, en una profunda crisis que a punto estuvo de llevarse a la entidad por delante.<\/p>   <p>Dos descensos consecutivos siempre es algo complicado de digerir; pero si a una crisis deportiva se le une otra no menos grave a nivel institucional, con \u2018espant\u00e0\u2019 del grupo inversor y una directiva descabezada y desnortada tomando decisiones desde las tripas y no desde la cabeza; la receta para el desastre parece servida.<\/p>   <p>La salvaci\u00f3n lleg\u00f3 hace pocos meses y a \u00faltima hora desde Alcoy. <a href=\"https:\/\/cadenaser.com\/comunitat-valenciana\/2024\/05\/21\/exclusiva-juan-carlos-ramirez-concede-su-primera-entrevista-tras-su-llegada-al-cf-la-nucia-radio-benidorm\/\">Juan Carlos Ram\u00edrez se hizo cargo del club<\/a> y contrarreloj arm\u00f3 un primer equipo al frente del que ha situado a Berna Ballester. Ahora ya no valen las excusas de otros a\u00f1os y el C.F. La Nuc\u00eda debe de iniciar el camino de regreso a las tardes de gloria.<\/p>  <p><p>M\u00e1s informaci\u00f3n<\/p><figure><img loading=\"lazy\" decoding=\"async\" src=\"https:\/\/cadenaser.com\/resizer\/v2\/IUOTQRHUY5FRFATZRZ5XI6R2YE.jpg?auth=6f036fc384d1755545418429ff786d8804d6b0e8abc36f6683615d99b0f06201&amp;quality=70&amp;width=360&amp;height=202&amp;smart=true\" width=\"820\" height=\"621\" \/><\/figure><ul><li><a href=\"https:\/\/cadenaser.com\/comunitat-valenciana\/2024\/09\/02\/todos-los-partidos-horarios-y-resultados-del-cf-benidorm-y-cf-la-nucia-radio-benidorm\/\"><span>Todos los partidos, horarios y resultados del C.F. Benidorm y C.F. La Nuc\u00eda<\/span><\/a><\/li><\/ul><\/p>   <p>Este lunes, 2 de septiembre, el elegido para capitanear desde el banquillo esta nueva etapa en la historia de la entidad del Camilo Cano, Berna Ballester, se ha convertido en el protagonista del arranque de una nueva temporada de SER Deportivos Marina Baixa con una larga charla en la que, como no pod\u00eda ser de otra manera, el preparador setabense, ha tenido que contestar a la gran pregunta: \u00bfcu\u00e1l ser\u00e1 el objetivo de este C.F. La Nuc\u00eda en el que no queda ni rastro de las pasadas temporadas?<\/p>   <p>\u201cEntiendo que a la hora de empezar un proyecto y de querer limpiar una din\u00e1mica, que se ha ido viciando poco a poco, es muy dif\u00edcil parar y establecer d\u00f3nde puede estar el l\u00edmite entre lo que hay que mantener y lo que no\u201d, ha subrayado Ballester a preguntas de Nico Van Looy reconociendo, as\u00ed mismo, que \u201csomos pr\u00e1cticamente todos nuevos, tanto la gente de arriba como nosotros, el cuerpo t\u00e9cnico y los jugadores. Eso es un proceso que vamos a ir pasando. La pretemporada est\u00e1 para eso, pero incluso en las primeras jornadas de Liga se ver\u00e1 que se necesita un tiempo de adaptaci\u00f3n\u201d.<\/p>   <p>     .c-w{         max-width:444px;         width:100%;         margin:16px auto;      background:#00755E;         border-radius:4px;         display:flex;         align-items:center;         justify-content:center;     }     .c-w a{         display:flex;         align-items:center;         justify-content:center;         padding:4px 24px;     }     .c-w img{         width:24px;         margin-right:12px;     }     .c-w p{         font:18px\/25px Poppins;         text-align:center;         color:#fff;         margin:0;     }     @media (max-width:444px){         .c-w a{             padding:4px 12px;         }         .c-w img{             width:24px;             margin-right:8px;         }         .c-w p{             font:14px\/25px Poppins;         }     }     @media (max-width:335px){         .c-w p{             font:13px\/25px Poppins;         }     }  <div class=\"c-w\">     <a href=\"https:\/\/www.whatsapp.com\/channel\/0029Va633PF9WtC4l7XUzh1e\" target=\"_blank\" rel=\"noopener\">         <img decoding=\"async\" src=\"https:\/\/cadenaser.com\/estaticos\/recursosgraficos\/responsive\/img\/ico-whatsapp.svg\" alt=\"Whatsapp\">         <p>\u00danete al <b>canal de WhatsApp<\/b> de la SER<\/p>     <\/a> <\/div><\/p>   <p>Para Berna Ballester haber optado por el C.F. La Nuc\u00eda podr\u00eda parecer casi un salto de fe y es que, como \u00e9l mismo ha reconocido \u201ces cierto que yo ven\u00eda de estar dos a\u00f1os en un proyecto muy estable, en el que a nivel econ\u00f3mico estaba bien respaldado, en el que dispon\u00eda de buenas plantillas y dem\u00e1s. Pero los que estamos dentro del mundo del f\u00fatbol hemos visto que La Nuc\u00eda, en los \u00faltimos a\u00f1os, ha estado haciendo un papel muy bueno\u201d.<\/p>   <p>Ante eso, \u201ccuando recibo la llamada y veo c\u00f3mo va a ser el nuevo proyecto, pienso que es una oportunidad para m\u00ed por venir de donde vengo, por saber que es una ciudad que apuesta por el deporte, que mima mucho a los deportistas. Y en este caso a m\u00ed como entrenador, las facilidades que me daban y el proyecto que se me pon\u00eda delante, es un proyecto con ganas de hacer las cosas bien y de volver a estabilizar el club\u201d.<\/p>  <p><p>M\u00e1s informaci\u00f3n<\/p><figure><img loading=\"lazy\" decoding=\"async\" src=\"https:\/\/cadenaser.com\/resizer\/v2\/LKNJMT4SO5C55FHRPPBJ2CGJMA.jpg?auth=851d4fb0f497af19427614bb58e8b42ad1619c3f77a379930cdb35a057d48020&amp;quality=70&amp;width=360&amp;height=202&amp;smart=true\" width=\"820\" height=\"621\" \/><\/figure><ul><li><a href=\"https:\/\/cadenaser.com\/tag\/club_futbol_la_nucia\/a\/\"><span>Todas las noticias del C.F. La Nuc\u00eda<\/span><\/a><\/li><\/ul><\/p>   <p>La gran pregunta a estas alturas, claro est\u00e1, es cu\u00e1l ser\u00e1 el objetivo del equipo en esta campa\u00f1a de refundaci\u00f3n casi total. En ese sentido, Berna Ballester no se ha querido esconder y ha sido clar\u00edsimo: \u201csi estoy aqu\u00ed es para intentar ascender de categor\u00eda. Evidentemente, sabemos lo complicado que es. Para conseguir el ascenso directo hay que hacer las cosas muy bien; pero creo que hay que luchar por los puestos de arriba y que en las \u00faltimas jornadas se decidir\u00e1 d\u00f3nde vamos a estar\u201d.<\/p>   <p>Para lograrlo, claro est\u00e1, tambi\u00e9n deber\u00e1 de reenganchar a la afici\u00f3n con el proyecto. Preguntado por los motivos por los que esos aficionados deben volver a las gradas del Camilo Cano, Ballester explica que \u201csuena t\u00f3pico, pero por nuestra parte vamos a querer enganchar a la gente con un f\u00fatbol con el que se sientan identificados, con no dar un bal\u00f3n por perdido, por siempre dar la cara hasta el final, independientemente del resultado que sea. Esas van a ser nuestras se\u00f1as de identidad y lo que vamos a intentar transmitir a la gente para que se sienta c\u00f3moda e identificada con el equipo. En definitiva, las ideas que te he comentado antes: humildad, trabajo y un equipo que no d\u00e9 un bal\u00f3n por perdido y que vaya hasta el final con todo siempre\u201d.<\/p> ","protected":false},"excerpt":{"rendered":"<p>El entrenador del renovad\u00edsimo C.F. La Nuc\u00eda, primer protagonista de la temporada de SER Deportivos Marina Baixa <\/p>\n","protected":false},"author":0,"featured_media":8002,"comment_status":"open","ping_status":"open","sticky":false,"template":"","format":"standard","meta":{"_acf_changed":false,"footnotes":""},"categories":[16],"tags":[],"class_list":["post-8001","post","type-post","status-publish","format-standard","has-post-thumbnail","hentry","category-deportes"],"acf":{"ser_id":"53WKTKLUMVFJ5NDBNHJFUJ6TL4","ser_url":"https:\/\/cadenaser.com\/comunitat-valenciana\/2024\/09\/02\/berna-ballester-habla-claro-si-estoy-aqui-es-para-tratar-de-subir-al-cf-la-nucia-radio-benidorm\/"},"_links":{"self":[{"href":"https:\/\/serbenidorm.daliisolutions.com\/index.php\/wp-json\/wp\/v2\/posts\/8001","targetHints":{"allow":["GET"]}}],"collection":[{"href":"https:\/\/serbenidorm.daliisolutions.com\/index.php\/wp-json\/wp\/v2\/posts"}],"about":[{"href":"https:\/\/serbenidorm.daliisolutions.com\/index.php\/wp-json\/wp\/v2\/types\/post"}],"replies":[{"embeddable":true,"href":"https:\/\/serbenidorm.daliisolutions.com\/index.php\/wp-json\/wp\/v2\/comments?post=8001"}],"version-history":[{"count":0,"href":"https:\/\/serbenidorm.daliisolutions.com\/index.php\/wp-json\/wp\/v2\/posts\/8001\/revisions"}],"wp:featuredmedia":[{"embeddable":true,"href":"https:\/\/serbenidorm.daliisolutions.com\/index.php\/wp-json\/wp\/v2\/media\/8002"}],"wp:attachment":[{"href":"https:\/\/serbenidorm.daliisolutions.com\/index.php\/wp-json\/wp\/v2\/media?parent=8001"}],"wp:term":[{"taxonomy":"category","embeddable":true,"href":"https:\/\/serbenidorm.daliisolutions.com\/index.php\/wp-json\/wp\/v2\/categories?post=8001"},{"taxonomy":"post_tag","embeddable":true,"href":"https:\/\/serbenidorm.daliisolutions.com\/index.php\/wp-json\/wp\/v2\/tags?post=8001"}],"curies":[{"name":"wp","href":"https:\/\/api.w.org\/{rel}","templated":true}]}}