{"id":8003,"date":"2024-09-03T18:48:43","date_gmt":"2024-09-03T16:48:43","guid":{"rendered":"https:\/\/serbenidorm.daliisolutions.com\/index.php\/2024\/09\/03\/lalfas-del-pi-lanza-su-programacion-deportiva-para-el-curso-2024-2025\/"},"modified":"2024-09-03T18:48:43","modified_gmt":"2024-09-03T16:48:43","slug":"lalfas-del-pi-lanza-su-programacion-deportiva-para-el-curso-2024-2025","status":"publish","type":"post","link":"https:\/\/serbenidorm.daliisolutions.com\/index.php\/2024\/09\/03\/lalfas-del-pi-lanza-su-programacion-deportiva-para-el-curso-2024-2025\/","title":{"rendered":"L\u2019Alf\u00e0s del Pi lanza su programaci\u00f3n deportiva para el curso 2024-2025"},"content":{"rendered":"  <p>Benidorm<\/p>   <p>A falta de una semana para el arranque del curso escolar, la concejal\u00eda de Deportes de l\u2019Alf\u00e0s del Pi ha lanzado su programaci\u00f3n de actividades para ese mismo periodo, un cat\u00e1logo en el que se recogen hasta 40 modalidades distintas con opciones tanto para ni\u00f1os de todas las edades como para adultos.<\/p>   <p>Como ya es tradici\u00f3n, l\u2019Alf\u00e0s del Pi ha reunido toda esa oferta en un libro que <a href=\"https:\/\/www.lalfas.es\/wp-content\/uploads\/2024\/09\/LIBRO-AD-.pdf\" rel=\"nofollow\">puede descargarse en formato digital<\/a> y que tambi\u00e9n se ha puesto a disposici\u00f3n de los vecinos en formato f\u00edsico. En \u00e9l, se recogen toda la oferta con los detalles de horarios de entrenamiento y precios.<\/p>   <p>Adem\u00e1s, en ese mismo ejemplar se especifican los precios de alquiler de las instalaciones deportivas municipales para el uso de cualquier persona o equipo que desee practicar en ellas su deporte favorito.<\/p>   <p>El concejal de deportes, Jos\u00e9 Plaza, ha destacado que se ha reorganizado toda la informaci\u00f3n del nuevo libro de actividades deportivas estableciendo un orden alfab\u00e9tico para encontrar con mayor facilidad la informaci\u00f3n sobre el deporte o actividad que cada cual busque para saber cu\u00e1ndo, c\u00f3mo y d\u00f3nde se puede encontrar y practicar.<\/p>   <p>En cada cap\u00edtulo o secci\u00f3n tambi\u00e9n se distingue las actividades que se realizan en el \u00e1mbito de las escuelas municipales deportivas, las actividades deportivas que se amparan bajo la actividad de alg\u00fan club deportivo as\u00ed como las novedades que los usuarios van a encontrar incluyendo los cambios de ubicaci\u00f3n para la pr\u00e1ctica de algunos deportes.<\/p>   <p>     .c-w{         max-width:444px;         width:100%;         margin:16px auto;      background:#00755E;         border-radius:4px;         display:flex;         align-items:center;         justify-content:center;     }     .c-w a{         display:flex;         align-items:center;         justify-content:center;         padding:4px 24px;     }     .c-w img{         width:24px;         margin-right:12px;     }     .c-w p{         font:18px\/25px Poppins;         text-align:center;         color:#fff;         margin:0;     }     @media (max-width:444px){         .c-w a{             padding:4px 12px;         }         .c-w img{             width:24px;             margin-right:8px;         }         .c-w p{             font:14px\/25px Poppins;         }     }     @media (max-width:335px){         .c-w p{             font:13px\/25px Poppins;         }     }  <div class=\"c-w\">     <a href=\"https:\/\/www.whatsapp.com\/channel\/0029Va633PF9WtC4l7XUzh1e\" target=\"_blank\" rel=\"noopener\">         <img decoding=\"async\" src=\"https:\/\/cadenaser.com\/estaticos\/recursosgraficos\/responsive\/img\/ico-whatsapp.svg\" alt=\"Whatsapp\">         <p>\u00danete al <b>canal de WhatsApp<\/b> de la SER<\/p>     <\/a> <\/div><\/p> ","protected":false},"excerpt":{"rendered":"<p>Escuelas Municipales y Clubes Deportivos presentan hasta 40 actividades distintas<\/p>\n","protected":false},"author":0,"featured_media":8004,"comment_status":"open","ping_status":"open","sticky":false,"template":"","format":"standard","meta":{"_acf_changed":false,"footnotes":""},"categories":[16],"tags":[],"class_list":["post-8003","post","type-post","status-publish","format-standard","has-post-thumbnail","hentry","category-deportes"],"acf":{"ser_id":"XRNHVRZT7NB3HM7MQ3OG6XOHHQ","ser_url":"https:\/\/cadenaser.com\/comunitat-valenciana\/2024\/09\/03\/lalfas-del-pi-lanza-su-programacion-deportiva-para-el-curso-2024-2025-radio-benidorm\/"},"_links":{"self":[{"href":"https:\/\/serbenidorm.daliisolutions.com\/index.php\/wp-json\/wp\/v2\/posts\/8003","targetHints":{"allow":["GET"]}}],"collection":[{"href":"https:\/\/serbenidorm.daliisolutions.com\/index.php\/wp-json\/wp\/v2\/posts"}],"about":[{"href":"https:\/\/serbenidorm.daliisolutions.com\/index.php\/wp-json\/wp\/v2\/types\/post"}],"replies":[{"embeddable":true,"href":"https:\/\/serbenidorm.daliisolutions.com\/index.php\/wp-json\/wp\/v2\/comments?post=8003"}],"version-history":[{"count":0,"href":"https:\/\/serbenidorm.daliisolutions.com\/index.php\/wp-json\/wp\/v2\/posts\/8003\/revisions"}],"wp:featuredmedia":[{"embeddable":true,"href":"https:\/\/serbenidorm.daliisolutions.com\/index.php\/wp-json\/wp\/v2\/media\/8004"}],"wp:attachment":[{"href":"https:\/\/serbenidorm.daliisolutions.com\/index.php\/wp-json\/wp\/v2\/media?parent=8003"}],"wp:term":[{"taxonomy":"category","embeddable":true,"href":"https:\/\/serbenidorm.daliisolutions.com\/index.php\/wp-json\/wp\/v2\/categories?post=8003"},{"taxonomy":"post_tag","embeddable":true,"href":"https:\/\/serbenidorm.daliisolutions.com\/index.php\/wp-json\/wp\/v2\/tags?post=8003"}],"curies":[{"name":"wp","href":"https:\/\/api.w.org\/{rel}","templated":true}]}}