{"id":8005,"date":"2024-09-03T18:48:44","date_gmt":"2024-09-03T16:48:44","guid":{"rendered":"https:\/\/serbenidorm.daliisolutions.com\/index.php\/2024\/09\/03\/benidorm-correra-contra-el-cancer-infantil-y-por-segunda-vez-en-primera-linea\/"},"modified":"2024-09-03T18:48:44","modified_gmt":"2024-09-03T16:48:44","slug":"benidorm-correra-contra-el-cancer-infantil-y-por-segunda-vez-en-primera-linea","status":"publish","type":"post","link":"https:\/\/serbenidorm.daliisolutions.com\/index.php\/2024\/09\/03\/benidorm-correra-contra-el-cancer-infantil-y-por-segunda-vez-en-primera-linea\/","title":{"rendered":"Benidorm correr\u00e1 contra el c\u00e1ncer infantil y por segunda vez \u2018En primera l\u00ednea\u2019"},"content":{"rendered":"  <p>Benidorm<\/p>   <p>El pr\u00f3ximo d\u00eda 22 de septiembre Benidorm volver\u00e1 a calzarse las zapatillas para correr, en la segunda edici\u00f3n de la prueba solidaria \u2018En primera l\u00ednea\u2019, contra el c\u00e1ncer infantil. La prueba, impulsada por la Agrupaci\u00f3n Socio-Cultural de la Polic\u00eda Local, mantendr\u00e1 en esta segunda edici\u00f3n de la misma sus dos principales se\u00f1as de identidad: su car\u00e1cter solidario de la mano de Aspanion, dedicada a trabajar en el \u00e1mbito del c\u00e1ncer infantil, y, como su propio nombre indica, el recorrido por los paseos de las dos principales playas de la capital tur\u00edstica.<\/p>   <p>Este lunes los organizadores de la carrera han presentado un v\u00eddeo promocional con el que, como han explicado, se \u201cpretende animar a todo el mundo a participar en la misma y a ayudar a Aspanion en la lucha contra el c\u00e1ncer infantil\u201d.<\/p>   <p><div class=\"oembed youtube\"><iframe loading=\"lazy\" width=\"560\" height=\"315\" src=\"https:\/\/www.youtube.com\/embed\/be1JQ1ziQoM?feature=oembed\" frameborder=\"0\" allow=\"accelerometer; autoplay; clipboard-write; encrypted-media; gyroscope; picture-in-picture; web-share\" allowfullscreen><\/iframe><\/div><\/p>   <p>El v\u00eddeo ejemplifica, en apenas dos minutos, el motivo de la carrera, seg\u00fan ha detallado Mar\u00eda Jos\u00e9 Guti\u00e9rrez, de la Junta Local de Aspanion. En ese breve espacio de tiempo, la pieza \u201cnarra la relaci\u00f3n que tienen una ni\u00f1a con c\u00e1ncer y un corredor desde la ventana de su casa en la que est\u00e1 pasando su enfermedad hasta que la supera y se encuentran en la calle durante un entrenamiento del corredor\u201d, ha dicho Jos\u00e9 Carrillo, de Blau Comunicaci\u00f3n. El cortometraje est\u00e1 interpretado por Natalia Fern\u00e1ndez y Chema Fern\u00e1ndez.<\/p>   <p>A falta de tres semanas para la celebraci\u00f3n del evento, el mismo ya cuenta con 228 participantes inscritos, muchos m\u00e1s que el a\u00f1o pasado a estas alturas, lo que permite a los organizadores ser muy optimistas respecto a ese objetivo de superar los 1.200 corredores que tomaron parte en la primera edici\u00f3n en las diferentes modalidades que se celebran.<\/p>   <p>La carrera se desarrollar\u00e1 por las playas de Benidorm en sus distintas opciones de participaci\u00f3n, con el objetivo de poder abarcar al mayor n\u00famero de p\u00fablico posible. En concreto, habr\u00e1 una prueba con un recorrido de 10 kil\u00f3metros, otra de 5 kil\u00f3metros, una marcha popular por el recorrido del 5K y carreras infantiles por el parque de l\u2019Aig\u00fcera.<\/p>   <p>     .c-w{         max-width:444px;         width:100%;         margin:16px auto;      background:#00755E;         border-radius:4px;         display:flex;         align-items:center;         justify-content:center;     }     .c-w a{         display:flex;         align-items:center;         justify-content:center;         padding:4px 24px;     }     .c-w img{         width:24px;         margin-right:12px;     }     .c-w p{         font:18px\/25px Poppins;         text-align:center;         color:#fff;         margin:0;     }     @media (max-width:444px){         .c-w a{             padding:4px 12px;         }         .c-w img{             width:24px;             margin-right:8px;         }         .c-w p{             font:14px\/25px Poppins;         }     }     @media (max-width:335px){         .c-w p{             font:13px\/25px Poppins;         }     }  <div class=\"c-w\">     <a href=\"https:\/\/www.whatsapp.com\/channel\/0029Va633PF9WtC4l7XUzh1e\" target=\"_blank\" rel=\"noopener\">         <img decoding=\"async\" src=\"https:\/\/cadenaser.com\/estaticos\/recursosgraficos\/responsive\/img\/ico-whatsapp.svg\" alt=\"Whatsapp\">         <p>\u00danete al <b>canal de WhatsApp<\/b> de la SER<\/p>     <\/a> <\/div><\/p>   <p>Por lo que se refiere a las pruebas deportivas, las mismas discurrir\u00e1n en sentido inverso a las del a\u00f1o pasado, recorriendo en primer lugar la playa de Levante y, en el caso del 10K, llegando tambi\u00e9n a Poniente.<\/p>   <p>La pasada edici\u00f3n de la carrera \u2018En Primera L\u00ednea\u2019 logr\u00f3 recaudar m\u00e1s de 22.000 euros y de cara a este a\u00f1o, todos los asistentes a la presentaci\u00f3n han expresado su deseo y confianza en que \u201cel \u00e9xito sea a\u00fan mayor porque el trabajo que se hace merece la pena\u201d.<\/p>   <p>As\u00ed, la concejala de Bienestar Social, \u00c1ngela Zaragoz\u00ed, ha mostrado \u201cel apoyo del Ayuntamiento para todo lo que necesite Aspanion y para realizar la carrera\u201d. Tambi\u00e9n el concejal de Seguridad Ciudadana, Jes\u00fas Carrobles, ha agradecido \u201ca todos los que hacen posible esta iniciativa\u201d y ha resaltado que estos eventos \u201ccontribuyen a acercar la Polic\u00eda Local a los ciudadanos y que nos vean de otra manera\u201d. Igualmente, Javier Jord\u00e1, concejal de Deportes, ha puesto el acento en que \u201cel deporte da visibilidad a causas como esta, por lo que tenemos que superarnos y mejorar. Cuantos m\u00e1s seamos en la carrera mayor visibilidad tendr\u00e1\u201d.<\/p>   <p>El per\u00edodo de inscripci\u00f3n a las carreras sigue abierto y puede realizarse a trav\u00e9s de la web <a href=\"http:\/\/www.carrerasolidariabenidorm.es\" rel=\"nofollow noopener\" target=\"_blank\">www.carrerasolidariabenidorm.es<\/a> y <a href=\"http:\/\/www.grupobrotons.com\" rel=\"nofollow noopener\" target=\"_blank\">www.grupobrotons.com<\/a>. Adem\u00e1s, los participantes recibir\u00e1n una camiseta conmemorativa del evento.<\/p> ","protected":false},"excerpt":{"rendered":"<p>Los organizadores de la prueba, que tendr\u00e1 lugar el 22 de septiembre, han lanzado hoy su v\u00eddeo promocional<\/p>\n","protected":false},"author":0,"featured_media":8006,"comment_status":"open","ping_status":"open","sticky":false,"template":"","format":"standard","meta":{"_acf_changed":false,"footnotes":""},"categories":[16],"tags":[],"class_list":["post-8005","post","type-post","status-publish","format-standard","has-post-thumbnail","hentry","category-deportes"],"acf":{"ser_id":"BHCMKA3J7JHLJI42MNDQ4JJBSA","ser_url":"https:\/\/cadenaser.com\/comunitat-valenciana\/2024\/09\/02\/benidorm-correra-contra-el-cancer-infantil-y-por-segunda-vez-en-primera-linea-radio-benidorm\/"},"_links":{"self":[{"href":"https:\/\/serbenidorm.daliisolutions.com\/index.php\/wp-json\/wp\/v2\/posts\/8005","targetHints":{"allow":["GET"]}}],"collection":[{"href":"https:\/\/serbenidorm.daliisolutions.com\/index.php\/wp-json\/wp\/v2\/posts"}],"about":[{"href":"https:\/\/serbenidorm.daliisolutions.com\/index.php\/wp-json\/wp\/v2\/types\/post"}],"replies":[{"embeddable":true,"href":"https:\/\/serbenidorm.daliisolutions.com\/index.php\/wp-json\/wp\/v2\/comments?post=8005"}],"version-history":[{"count":0,"href":"https:\/\/serbenidorm.daliisolutions.com\/index.php\/wp-json\/wp\/v2\/posts\/8005\/revisions"}],"wp:featuredmedia":[{"embeddable":true,"href":"https:\/\/serbenidorm.daliisolutions.com\/index.php\/wp-json\/wp\/v2\/media\/8006"}],"wp:attachment":[{"href":"https:\/\/serbenidorm.daliisolutions.com\/index.php\/wp-json\/wp\/v2\/media?parent=8005"}],"wp:term":[{"taxonomy":"category","embeddable":true,"href":"https:\/\/serbenidorm.daliisolutions.com\/index.php\/wp-json\/wp\/v2\/categories?post=8005"},{"taxonomy":"post_tag","embeddable":true,"href":"https:\/\/serbenidorm.daliisolutions.com\/index.php\/wp-json\/wp\/v2\/tags?post=8005"}],"curies":[{"name":"wp","href":"https:\/\/api.w.org\/{rel}","templated":true}]}}