{"id":8009,"date":"2024-09-03T18:48:46","date_gmt":"2024-09-03T16:48:46","guid":{"rendered":"https:\/\/serbenidorm.daliisolutions.com\/index.php\/2024\/09\/03\/todos-los-partidos-horarios-y-resultados-del-c-f-benidorm-y-c-f-la-nucia\/"},"modified":"2024-09-03T18:48:46","modified_gmt":"2024-09-03T16:48:46","slug":"todos-los-partidos-horarios-y-resultados-del-c-f-benidorm-y-c-f-la-nucia","status":"publish","type":"post","link":"https:\/\/serbenidorm.daliisolutions.com\/index.php\/2024\/09\/03\/todos-los-partidos-horarios-y-resultados-del-c-f-benidorm-y-c-f-la-nucia\/","title":{"rendered":"Todos los partidos, horarios y resultados del C.F. Benidorm y C.F. La Nuc\u00eda"},"content":{"rendered":"  <p>Benidorm<\/p>   <p>Tras el hist\u00f3rico ascenso conseguido por el <a href=\"https:\/\/cadenaser.com\/tag\/club_futbol_benidorm\/a\/\" target=\"_blank\" rel=\"noopener\">C.F. Benidorm<\/a> y el descenso del <a href=\"https:\/\/cadenaser.com\/tag\/club_futbol_la_nucia\/a\/\" target=\"_blank\" rel=\"noopener\">C.F. La Nuc\u00eda<\/a>, los dos principales equipos del balompi\u00e9 de la Marina Baixa compartir\u00e1n grupo en la Tercera RFEF durante la temporada 2024-2025.<\/p>   <p>Los del Guillermo Amor y los del Camilo Cano parten como dos de las escuadras se\u00f1aladas, al menos, como aspirantes a pelear por el ascenso, y todo ello, con el morbo a\u00f1adido de que el calendario ha guardado la \u00faltima jornada de competici\u00f3n como fecha para el derby entre ambos.<\/p>   <p><b>Tercera RFEF \u2013 Grupo 6<\/b><\/p>   <p><b>Jornada 1 \u2013 8\/09\/24<\/b><\/p>   <p>Patacona \u2013 C.F. Benidorm<\/p>   <p>C.F. La Nuc\u00eda \u2013 Atl\u00e9tico Levante<\/p>   <p>     .c-w{         max-width:444px;         width:100%;         margin:16px auto;      background:#00755E;         border-radius:4px;         display:flex;         align-items:center;         justify-content:center;     }     .c-w a{         display:flex;         align-items:center;         justify-content:center;         padding:4px 24px;     }     .c-w img{         width:24px;         margin-right:12px;     }     .c-w p{         font:18px\/25px Poppins;         text-align:center;         color:#fff;         margin:0;     }     @media (max-width:444px){         .c-w a{             padding:4px 12px;         }         .c-w img{             width:24px;             margin-right:8px;         }         .c-w p{             font:14px\/25px Poppins;         }     }     @media (max-width:335px){         .c-w p{             font:13px\/25px Poppins;         }     }  <div class=\"c-w\">     <a href=\"https:\/\/www.whatsapp.com\/channel\/0029Va633PF9WtC4l7XUzh1e\" target=\"_blank\" rel=\"noopener\">         <img decoding=\"async\" src=\"https:\/\/cadenaser.com\/estaticos\/recursosgraficos\/responsive\/img\/ico-whatsapp.svg\" alt=\"Whatsapp\">         <p>\u00danete al <b>canal de WhatsApp<\/b> de la SER<\/p>     <\/a> <\/div><\/p>   <p><b>Jornada 2 \u2013 15\/09\/24<\/b><\/p>   <p>C.F. Benidorm \u2013 Vall d\u2019Ux\u00f3<\/p>   <p>Ontinyent 1931 \u2013 C.F. La Nuc\u00eda<\/p>   <p><b>Jornada 3 \u2013 22\/09\/24<\/b><\/p>   <p>Castellonense \u2013 C.F. Benidorm<\/p>   <p>C.F. La Nuc\u00eda \u2013 Crevillent Deportivo<\/p>   <p><b>Jornada 4 \u2013 29\/09\/24<\/b><\/p>   <p>C.F. Benidorm \u2013 Jove Espa\u00f1ol San Vicente<\/p>   <p>Atl\u00e9tico Saguntino \u2013 C.F. La Nuc\u00eda<\/p>   <p><b>Jornada 5 \u2013 6\/10\/24<\/b><\/p>   <p>Atzeneta \u2013 C.F. Benidorm<\/p>   <p>C.F. La Nuc\u00eda \u2013 Athletic Torrellano<\/p>   <p><b>Jornada 6 \u2013 13\/10\/24<\/b><\/p>   <p>C.F. Benidorm \u2013 Villarreal C<\/p>   <p>Castell\u00f3n B \u2013 C.F. La Nuc\u00eda<\/p>   <p><b>Jornada 7 \u2013 20\/10\/24<\/b><\/p>   <p>Roda \u2013 C.F. Benidorm<\/p>   <p>C.F. La Nuc\u00eda \u2013 Soneja<\/p>   <p><b>Jornada 8 \u2013 27\/10\/24<\/b><\/p>   <p>C.F. Benidorm \u2013 Utiel<\/p>   <p>Rayo Ibense \u2013 C.F. La Nuc\u00eda<\/p>   <p><b>Jornada 9 \u2013 3\/11\/24<\/b><\/p>   <p>C.F. Benidorm \u2013 Atl\u00e9tico Levante<\/p>   <p>Utiel \u2013 C.F. La Nuc\u00eda<\/p>   <p><b>Jornada 10 \u2013 10\/11\/24<\/b><\/p>   <p>Ontinyent 1931 \u2013 C.F. Benidorm<\/p>   <p>C.F. La Nuc\u00eda \u2013 Patacona<\/p>   <p><b>Jornada 11 \u2013 17\/11\/24<\/b><\/p>   <p>C.F. Benidorm \u2013 Crevillente Deportivo<\/p>   <p>Vall d\u2019Ux\u00f3 \u2013 C.F. La Nuc\u00eda<\/p>   <p><b>Jornada 12 \u2013 24\/11\/24<\/b><\/p>   <p>Atl\u00e9tico Saguntino \u2013 C.F. Benidorm<\/p>   <p>C.F. La Nuc\u00eda \u2013 Castellonense<\/p>   <p><b>Jornada 13 \u2013 1\/12\/24<\/b><\/p>   <p>C.F. Benidorm \u2013 Athletic Club Torrellano<\/p>   <p>Jove Espa\u00f1ol San Vicente \u2013 C.F. La Nuc\u00eda<\/p>   <p><b>Jornada 14 \u2013 8\/12\/24<\/b><\/p>   <p>Castell\u00f3n B \u2013 C.F. Benidorm<\/p>   <p>C.F. La Nuc\u00eda \u2013 Atzeneta<\/p>   <p><b>Jornada 15 \u2013 15\/12\/24<\/b><\/p>   <p>C.F. Benidorm \u2013 Soneja<\/p>   <p>Villarreal C \u2013 C.F. La Nuc\u00eda<\/p>   <p><b>Jornada 16 \u2013 22\/12\/24<\/b><\/p>   <p>Rayo Ibense \u2013 C.F. Benidorm<\/p>   <p>C.F. La Nuc\u00eda \u2013 Roda<\/p>   <p><b>Jornada 17 \u2013 12\/01\/25<\/b><\/p>   <p>C.F. Benidorm \u2013 C.F. La Nuc\u00eda<\/p>   <p><b>Jornada 18 \u2013 19\/01\/25<\/b><\/p>   <p>C.F. Benidorm \u2013 Patacona<\/p>   <p>Atl\u00e9tico Levante \u2013 C.F. La Nuc\u00eda<\/p>   <p><b>Jornada 19 \u2013 26\/01\/25<\/b><\/p>   <p>Vall d\u2019Ux\u00f3 \u2013 C.F. Benidorm<\/p>   <p>C.F. La Nuc\u00eda \u2013 Ontinyent 1931<\/p>   <p><b>Jornada 20 \u2013 2\/2\/25<\/b><\/p>   <p>C.F. Benidorm \u2013 Castellonense<\/p>   <p>Crevillente Deportivo \u2013 C.F. La Nuc\u00eda<\/p>   <p><b>Jornada 21 \u2013 9\/2\/25<\/b><\/p>   <p>Jove Espa\u00f1ol San Vicente \u2013 C.F. Benidorm<\/p>   <p>C.F. La Nuc\u00eda \u2013 Atl\u00e9tico Saguntino<\/p>   <p><b>Jornada 22 \u2013 16\/2\/25<\/b><\/p>   <p>C.F. Benidorm \u2013 Atzeneta<\/p>   <p>Athletic Club Torrellano \u2013 C.F. La Nuc\u00eda<\/p>   <p><b>Jornada 23 \u2013 23\/2\/25<\/b><\/p>   <p>Villarreal C \u2013 C.F. Benidorm<\/p>   <p>C.F. La Nuc\u00eda \u2013 Castell\u00f3n B<\/p>   <p><b>Jornada 24 \u2013 2\/3\/25<\/b><\/p>   <p>C.F. Benidorm \u2013 Roda<\/p>   <p>Soneja \u2013 C.F. La Nuc\u00eda<\/p>   <p><b>Jornada 25 \u2013 9\/3\/25<\/b><\/p>   <p>Utiel \u2013 C.F. Benidorm<\/p>   <p>C.F. La Nuc\u00eda \u2013 Rayo Ibense<\/p>   <p><b>Jornada 26 \u2013 16\/3\/25<\/b><\/p>   <p>Atl\u00e9tico Levante \u2013 C.F. Benidorm<\/p>   <p>C.F. La Nuc\u00eda \u2013 Utiel<\/p>   <p><b>Jornada 27 \u2013 23\/3\/25<\/b><\/p>   <p>C.F. Benidorm \u2013 Ontinyent 1931<\/p>   <p>Patacona \u2013 C.F. La Nuc\u00eda<\/p>   <p><b>Jornada 28 \u2013 30\/3\/25<\/b><\/p>   <p>Crevillente Deportivo \u2013 C.F. Benidorm<\/p>   <p>C.F. La Nuc\u00eda \u2013 Vall d\u2019Ux\u00f3<\/p>   <p><b>Jornada 29 \u2013 6\/4\/25<\/b><\/p>   <p>C.F. Benidorm \u2013 Atl\u00e9tico Saguntino<\/p>   <p>Castellonense \u2013 C.F. La Nuc\u00eda<\/p>   <p><b>Jornada 30 \u2013 13\/4\/25<\/b><\/p>   <p>Atl\u00e9tico Torrellano \u2013 C.F. Benidorm<\/p>   <p>C.F. La Nuc\u00eda \u2013 Jove Espa\u00f1ol San Vicente<\/p>   <p><b>Jornada 31 \u2013 20\/4\/25<\/b><\/p>   <p>C.F. Benidorm \u2013 Castell\u00f3n B<\/p>   <p>Atzeneta \u2013 C.F. La Nuc\u00eda<\/p>   <p><b>Jornada 32 \u2013 27\/4\/25<\/b><\/p>   <p>Soneja \u2013 C.F. Benidorm<\/p>   <p>C.F. La Nuc\u00eda \u2013 Villarreal C<\/p>   <p><b>Jornada 33 \u2013 4\/5\/25<\/b><\/p>   <p>C.F. Benidorm \u2013 Rayo Ibense<\/p>   <p>Roda \u2013 C.F. La Nuc\u00eda<\/p>   <p><b>Jornada 34 \u2013 11\/5\/25<\/b><\/p>   <p>C.F. La Nuc\u00eda \u2013 C.F. Benidorm<\/p> ","protected":false},"excerpt":{"rendered":"<p>Los dos equipos de la Marina Baixa compartir\u00e1n grupo en la Tercera RFEF<\/p>\n","protected":false},"author":0,"featured_media":8010,"comment_status":"open","ping_status":"open","sticky":false,"template":"","format":"standard","meta":{"_acf_changed":false,"footnotes":""},"categories":[16],"tags":[],"class_list":["post-8009","post","type-post","status-publish","format-standard","has-post-thumbnail","hentry","category-deportes"],"acf":{"ser_id":"7LBUQIDX45BXTLH66DPDBQHFIM","ser_url":"https:\/\/cadenaser.com\/comunitat-valenciana\/2024\/09\/02\/todos-los-partidos-horarios-y-resultados-del-cf-benidorm-y-cf-la-nucia-radio-benidorm\/"},"_links":{"self":[{"href":"https:\/\/serbenidorm.daliisolutions.com\/index.php\/wp-json\/wp\/v2\/posts\/8009","targetHints":{"allow":["GET"]}}],"collection":[{"href":"https:\/\/serbenidorm.daliisolutions.com\/index.php\/wp-json\/wp\/v2\/posts"}],"about":[{"href":"https:\/\/serbenidorm.daliisolutions.com\/index.php\/wp-json\/wp\/v2\/types\/post"}],"replies":[{"embeddable":true,"href":"https:\/\/serbenidorm.daliisolutions.com\/index.php\/wp-json\/wp\/v2\/comments?post=8009"}],"version-history":[{"count":0,"href":"https:\/\/serbenidorm.daliisolutions.com\/index.php\/wp-json\/wp\/v2\/posts\/8009\/revisions"}],"wp:featuredmedia":[{"embeddable":true,"href":"https:\/\/serbenidorm.daliisolutions.com\/index.php\/wp-json\/wp\/v2\/media\/8010"}],"wp:attachment":[{"href":"https:\/\/serbenidorm.daliisolutions.com\/index.php\/wp-json\/wp\/v2\/media?parent=8009"}],"wp:term":[{"taxonomy":"category","embeddable":true,"href":"https:\/\/serbenidorm.daliisolutions.com\/index.php\/wp-json\/wp\/v2\/categories?post=8009"},{"taxonomy":"post_tag","embeddable":true,"href":"https:\/\/serbenidorm.daliisolutions.com\/index.php\/wp-json\/wp\/v2\/tags?post=8009"}],"curies":[{"name":"wp","href":"https:\/\/api.w.org\/{rel}","templated":true}]}}