{"id":8015,"date":"2024-09-03T20:31:13","date_gmt":"2024-09-03T18:31:13","guid":{"rendered":"https:\/\/serbenidorm.daliisolutions.com\/index.php\/2024\/09\/03\/la-policia-local-de-villajoyosa-sigue-buscando-a-los-autores-de-la-agresion-homofoba-en-el-parque-de-la-creueta\/"},"modified":"2024-09-03T20:31:13","modified_gmt":"2024-09-03T18:31:13","slug":"la-policia-local-de-villajoyosa-sigue-buscando-a-los-autores-de-la-agresion-homofoba-en-el-parque-de-la-creueta","status":"publish","type":"post","link":"https:\/\/serbenidorm.daliisolutions.com\/index.php\/2024\/09\/03\/la-policia-local-de-villajoyosa-sigue-buscando-a-los-autores-de-la-agresion-homofoba-en-el-parque-de-la-creueta\/","title":{"rendered":"La Polic\u00eda Local de Villajoyosa sigue buscando a los autores de la agresi\u00f3n hom\u00f3foba en el parque de la Creueta"},"content":{"rendered":"  <p>La Vila Joiosa<\/p>   <p>Parque de la Creueta de Villajoyosa. Madrugada del \u00faltimo s\u00e1bado de agosto. Un grupo de j\u00f3venes insultan a una pareja de chicos al grito de \u00abmaricones, os vamos a apu\u00f1alar\u00bb. Los vecinos de la zona, avisados por el esc\u00e1ndalo que llegaba de la calle, telefonean a la polic\u00eda y hacen algunas fotograf\u00edas y videos del momento.<\/p>   <p>La Polic\u00eda Local de La Vila sigue buscando este martes a los autores de una agresi\u00f3n hom\u00f3foba que ha producido una condena un\u00e1nime en la localidad. El Ayuntamiento se ha sumado a la condena de los hechos y su concejal de Seguridad, Jaime Santamar\u00eda, ha hablado en <a href=\"https:\/\/cadenaser.com\/tag\/benidorm\/a\/\" target=\"_blank\" rel=\"noopener\">Hoy por Hoy Benidorm<\/a> de caso aislado: \u00abLa polic\u00eda acudi\u00f3 y nos los encontraron, est\u00e1n trabajando para identificar a estas personas porque no queremos que se vuelva a producir algo as\u00ed\u00bb.<\/p>   <p>\u00abNo tenemos una tasa alta en este tipo de incidentes y en La Vila pude pasear quien quiera, como quiera, con quien quiera, donde quiera y a la hora que haga falta sin tener que ser reprochado por nadie\u00bb, ha subrayado el edil.<\/p>  <p><p>M\u00e1s informaci\u00f3n<\/p><figure><img loading=\"lazy\" decoding=\"async\" src=\"https:\/\/cadenaser.com\/resizer\/v2\/UVEBD3PZCJFCHB32R22YEVCGO4.jpg?auth=2ec1ea7a966c7a00f976fbfd4a4959e132eeda068876cf648744dca7de872226&amp;quality=70&amp;width=360&amp;height=202&amp;smart=true\" width=\"820\" height=\"621\" \/><\/figure><ul><li><a href=\"https:\/\/cadenaser.com\/comunitat-valenciana\/2024\/08\/22\/benidorm-recibe-septiembre-con-orgullo-radio-benidorm\/\"><span>Benidorm recibe septiembre con orgullo<\/span><\/a><\/li><\/ul><\/p>   <p>Para el colectivo &#8216;Vila Diversitat&#8217; y la asociaci\u00f3n provincial &#8216;Arco\u00edris Entiende&#8217; estos insultos, aunque sin violencia f\u00edsica, constituyen un delito de odio y deben de ser perseguidos como tal.<\/p>   <p>Sus responsables, Paco Llorca y Jos\u00e9 Ram\u00f3n Samper respectivamente, han lamentado en <a href=\"https:\/\/cadenaser.com\/tag\/comarca_la_marina_baixa\/a\/\" target=\"_blank\" rel=\"noopener\">La Ventana de la Marina Baixa<\/a> que est\u00e1n percibiendo un repunte de este tipo de ataques por parte de adolescentes e insisten en que de debe reforzar la concienciaci\u00f3n desde los centros educativos.<\/p>   <p>     .c-w{         max-width:444px;         width:100%;         margin:16px auto;      background:#00755E;         border-radius:4px;         display:flex;         align-items:center;         justify-content:center;     }     .c-w a{         display:flex;         align-items:center;         justify-content:center;         padding:4px 24px;     }     .c-w img{         width:24px;         margin-right:12px;     }     .c-w p{         font:18px\/25px Poppins;         text-align:center;         color:#fff;         margin:0;     }     @media (max-width:444px){         .c-w a{             padding:4px 12px;         }         .c-w img{             width:24px;             margin-right:8px;         }         .c-w p{             font:14px\/25px Poppins;         }     }     @media (max-width:335px){         .c-w p{             font:13px\/25px Poppins;         }     }  <div class=\"c-w\">     <a href=\"https:\/\/www.whatsapp.com\/channel\/0029Va633PF9WtC4l7XUzh1e\" target=\"_blank\" rel=\"noopener\">         <img decoding=\"async\" src=\"https:\/\/cadenaser.com\/estaticos\/recursosgraficos\/responsive\/img\/ico-whatsapp.svg\" alt=\"Whatsapp\">         <p>\u00danete al <b>canal de WhatsApp<\/b> de la SER<\/p>     <\/a> <\/div><\/p>   <p>\u00abLo preocupante es que lo estamos detectando en las generaciones m\u00e1s j\u00f3venes. Parece que los adultos estamos un poco m\u00e1s concienciados, pero que los j\u00f3venes se encuentran con la impunidad de insultar\u00bb, ha asegurado Samper. Un retroceso que corrobora Llorca: \u00abTen\u00edamos una pancarta dentro del campo de f\u00fatbol, cuando fuimos a recogerla con el campo cerrado nos la encontramos rajada. Era para condenar la LGTBIfobia en el deporte\u00bb.<\/p>   <p>\u00abHace a\u00f1os los condones volaban y ahora la gente no los coge\u00bb<\/p>   <p>Tambi\u00e9n reclaman m\u00e1s charlas en institutos porque acusan otra falta de sensibilizaci\u00f3n es aspectos de salud sexual que se est\u00e1n traduciendo en un incremento de enfermedades como el VIH: \u00abLa protecci\u00f3n es otra asignatura pendiente. En los puntos de salud sexual llevamos siempre una cesta con condones, hace a\u00f1os eran lo primero que desaparec\u00eda a los cinco minutos, ahora recogemos el punto y nos los llevamos todos\u00bb.<\/p>   <p>La asociaci\u00f3n, mientras, seguir\u00e1 extendiendo su red de &#8216;puntos arco\u00edris&#8217; por la mayor\u00eda de fiestas y eventos de la provincia para fomentar esa concienciaci\u00f3n y prevenir las agresiones al modo que los &#8216;puntos violeta&#8217; lo hacen con la violencia machista.<\/p>   <p>Entre sus pr\u00f3ximas acciones, estar presentes en las fiestas de Moros y Cristianos de Altea e implantar &#8216;puntos rosas&#8217; para visibilizar a las mujeres lesbianas. Por su parte, &#8216;Vila Diversitat&#8217; realiza todos los mi\u00e9rcoles de 17h. a 19h. un punto de encuentro LGTB en la Casa de la Juventud.<\/p> ","protected":false},"excerpt":{"rendered":"<p>Los colectivos LGTBI alertan sobre el repunte de los delitos de odio cometidos por j\u00f3venes<\/p>\n","protected":false},"author":0,"featured_media":8016,"comment_status":"open","ping_status":"open","sticky":false,"template":"","format":"standard","meta":{"_acf_changed":false,"footnotes":""},"categories":[1],"tags":[],"class_list":["post-8015","post","type-post","status-publish","format-standard","has-post-thumbnail","hentry","category-sin-categoria"],"acf":{"ser_id":"FEO7WEWLZBB6HPBVAPJFQJBDY4","ser_url":"https:\/\/cadenaser.com\/comunitat-valenciana\/2024\/09\/03\/la-policia-local-de-villajoyosa-sigue-buscando-a-los-autores-de-la-agresion-homofoba-en-el-parque-de-la-creueta-radio-benidorm\/"},"_links":{"self":[{"href":"https:\/\/serbenidorm.daliisolutions.com\/index.php\/wp-json\/wp\/v2\/posts\/8015","targetHints":{"allow":["GET"]}}],"collection":[{"href":"https:\/\/serbenidorm.daliisolutions.com\/index.php\/wp-json\/wp\/v2\/posts"}],"about":[{"href":"https:\/\/serbenidorm.daliisolutions.com\/index.php\/wp-json\/wp\/v2\/types\/post"}],"replies":[{"embeddable":true,"href":"https:\/\/serbenidorm.daliisolutions.com\/index.php\/wp-json\/wp\/v2\/comments?post=8015"}],"version-history":[{"count":0,"href":"https:\/\/serbenidorm.daliisolutions.com\/index.php\/wp-json\/wp\/v2\/posts\/8015\/revisions"}],"wp:featuredmedia":[{"embeddable":true,"href":"https:\/\/serbenidorm.daliisolutions.com\/index.php\/wp-json\/wp\/v2\/media\/8016"}],"wp:attachment":[{"href":"https:\/\/serbenidorm.daliisolutions.com\/index.php\/wp-json\/wp\/v2\/media?parent=8015"}],"wp:term":[{"taxonomy":"category","embeddable":true,"href":"https:\/\/serbenidorm.daliisolutions.com\/index.php\/wp-json\/wp\/v2\/categories?post=8015"},{"taxonomy":"post_tag","embeddable":true,"href":"https:\/\/serbenidorm.daliisolutions.com\/index.php\/wp-json\/wp\/v2\/tags?post=8015"}],"curies":[{"name":"wp","href":"https:\/\/api.w.org\/{rel}","templated":true}]}}