{"id":8040,"date":"2024-09-04T16:46:12","date_gmt":"2024-09-04T14:46:12","guid":{"rendered":"https:\/\/serbenidorm.daliisolutions.com\/index.php\/2024\/09\/04\/el-verano-sigue-en-benidorm-hoteles-y-comercios-refuerzan-sus-previsiones-para-septiembre\/"},"modified":"2024-09-04T16:46:12","modified_gmt":"2024-09-04T14:46:12","slug":"el-verano-sigue-en-benidorm-hoteles-y-comercios-refuerzan-sus-previsiones-para-septiembre","status":"publish","type":"post","link":"https:\/\/serbenidorm.daliisolutions.com\/index.php\/2024\/09\/04\/el-verano-sigue-en-benidorm-hoteles-y-comercios-refuerzan-sus-previsiones-para-septiembre\/","title":{"rendered":"El verano sigue en Benidorm: hoteles y comercios refuerzan sus previsiones para septiembre"},"content":{"rendered":"  <p>Benidorm<\/p>   <p>Aunque septiembre ha empezado en la capital tur\u00edstica de la Costa Blanca algo m\u00e1s nublado de lo habitual en estas fechas e incluso con alguna gota de una lluvia m\u00e1s que necesaria en la cuenca mediterr\u00e1nea, las previsiones econ\u00f3micas brillan con luz propia pisando los talones de los datos de julio y agosto e incluso super\u00e1ndolos en algunos t\u00e9rminos.<\/p>   <p>Es el caso del comercio, que percibe en el turista de este mes de arranque de curso un mayor gasto medio que en el de los meses centrales del verano: <a href=\"https:\/\/cadenaser.com\/tag\/benidorm\/a\/\" target=\"_blank\" rel=\"noopener\">\u00abVienen los espa\u00f1oles y siguen viniendo los brit\u00e1nicos que son el mejor cliente que podemos tener en Benidorm, funciona casi mejor que julio y agosto con algo menos de gente pero que sabe lo que quiere y compra much\u00edsimo\u00bb<\/a>, celebra Neus, propietaria de una tienda de deportes en pleno centro.<\/p>  <p><p>M\u00e1s informaci\u00f3n<\/p><figure><img loading=\"lazy\" decoding=\"async\" src=\"https:\/\/cadenaser.com\/resizer\/v2\/53LF3OW5N36XUIQ4IDPTYS33M4.jpg?auth=623c5187e910deebf39e21a833fb605ac382607374b62dcb54e7b071d8603860&amp;quality=70&amp;width=360&amp;height=202&amp;smart=true\" width=\"820\" height=\"621\" \/><\/figure><ul><li><a href=\"https:\/\/cadenaser.com\/comunitat-valenciana\/2024\/09\/03\/benidorm-y-la-marina-baixa-registran-4826-nuevos-contratos-durante-agosto-radio-benidorm\/\"><span>Benidorm y la Marina Baixa registran 4.826 nuevos contratos durante agosto<\/span><\/a><\/li><\/ul><\/p>   <p>Los hoteles cuentan con una perspectiva similar y las reservas para la primera quincena del mes ya est\u00e1n por encima del 88 %: \u00abDos puntos por encima de los datos de 2023, y confirmando la ampliaci\u00f3n de las semanas m\u00e1s importantes del verano al mes de septiembre\u00bb, ha afirmado la secretaria general de la patronal Hosbec Maite Garc\u00eda.<\/p>   <p>Un agosto algo por debajo del a\u00f1o pasado<\/p>   <p>Los alojamientos de la ciudad, que un verano m\u00e1s est\u00e1n a la cabeza de toda la Comunitat Valenciana, tambi\u00e9n superaron ligeramente durante la segunda quincena de agosto las cifras de 2023, concretamente en cuatro d\u00e9cimas, con lo que anotaron finalmente un 92,8 % de ocupaci\u00f3n.<\/p>  <p><p class=\"tit\"><span>Hora 14 Benidorm (04\/09\/2024)<\/span><\/p> <p class=\"emb\"><iframe loading=\"lazy\" src=\"https:\/\/cadenaser.com\/embed\/audio\/460\/cadenaser_benidorm_hora14benidorm_20240904_141700_143000\/\" width=\"100%\" height=\"360\" frameborder=\"0\" allowfullscreen><\/iframe><\/p><\/p>   <p>El mes completo se ha quedado en un 91,3 %, muy cerca del a\u00f1o pasado. El turista internacional ha tenido una mayor presencia en el destino anotando un 58,4 % sobre el total, con el mercado brit\u00e1nico a la cabeza y una importante presencia de visitantes portugueses.<\/p>   <p>     .c-w{         max-width:444px;         width:100%;         margin:16px auto;      background:#00755E;         border-radius:4px;         display:flex;         align-items:center;         justify-content:center;     }     .c-w a{         display:flex;         align-items:center;         justify-content:center;         padding:4px 24px;     }     .c-w img{         width:24px;         margin-right:12px;     }     .c-w p{         font:18px\/25px Poppins;         text-align:center;         color:#fff;         margin:0;     }     @media (max-width:444px){         .c-w a{             padding:4px 12px;         }         .c-w img{             width:24px;             margin-right:8px;         }         .c-w p{             font:14px\/25px Poppins;         }     }     @media (max-width:335px){         .c-w p{             font:13px\/25px Poppins;         }     }  <div class=\"c-w\">     <a href=\"https:\/\/www.whatsapp.com\/channel\/0029Va633PF9WtC4l7XUzh1e\" target=\"_blank\" rel=\"noopener\">         <img decoding=\"async\" src=\"https:\/\/cadenaser.com\/estaticos\/recursosgraficos\/responsive\/img\/ico-whatsapp.svg\" alt=\"Whatsapp\">         <p>\u00danete al <b>canal de WhatsApp<\/b> de la SER<\/p>     <\/a> <\/div><\/p> ","protected":false},"excerpt":{"rendered":"<p>Las reservas en los alojamientos hoteleros rozan ya el 89 %<\/p>\n","protected":false},"author":0,"featured_media":8041,"comment_status":"open","ping_status":"open","sticky":false,"template":"","format":"standard","meta":{"_acf_changed":false,"footnotes":""},"categories":[1],"tags":[],"class_list":["post-8040","post","type-post","status-publish","format-standard","has-post-thumbnail","hentry","category-sin-categoria"],"acf":{"ser_id":"AWT6IL66FBC4VHMGH4ID5GUZEE","ser_url":"https:\/\/cadenaser.com\/comunitat-valenciana\/2024\/09\/04\/el-verano-sigue-en-benidorm-hoteles-y-comercios-refuerzan-sus-previsiones-para-septiembre-radio-benidorm\/"},"_links":{"self":[{"href":"https:\/\/serbenidorm.daliisolutions.com\/index.php\/wp-json\/wp\/v2\/posts\/8040","targetHints":{"allow":["GET"]}}],"collection":[{"href":"https:\/\/serbenidorm.daliisolutions.com\/index.php\/wp-json\/wp\/v2\/posts"}],"about":[{"href":"https:\/\/serbenidorm.daliisolutions.com\/index.php\/wp-json\/wp\/v2\/types\/post"}],"replies":[{"embeddable":true,"href":"https:\/\/serbenidorm.daliisolutions.com\/index.php\/wp-json\/wp\/v2\/comments?post=8040"}],"version-history":[{"count":0,"href":"https:\/\/serbenidorm.daliisolutions.com\/index.php\/wp-json\/wp\/v2\/posts\/8040\/revisions"}],"wp:featuredmedia":[{"embeddable":true,"href":"https:\/\/serbenidorm.daliisolutions.com\/index.php\/wp-json\/wp\/v2\/media\/8041"}],"wp:attachment":[{"href":"https:\/\/serbenidorm.daliisolutions.com\/index.php\/wp-json\/wp\/v2\/media?parent=8040"}],"wp:term":[{"taxonomy":"category","embeddable":true,"href":"https:\/\/serbenidorm.daliisolutions.com\/index.php\/wp-json\/wp\/v2\/categories?post=8040"},{"taxonomy":"post_tag","embeddable":true,"href":"https:\/\/serbenidorm.daliisolutions.com\/index.php\/wp-json\/wp\/v2\/tags?post=8040"}],"curies":[{"name":"wp","href":"https:\/\/api.w.org\/{rel}","templated":true}]}}