{"id":8042,"date":"2024-09-04T16:46:16","date_gmt":"2024-09-04T14:46:16","guid":{"rendered":"https:\/\/serbenidorm.daliisolutions.com\/index.php\/2024\/09\/04\/que-hay-de-la-segunda-fase-de-la-avenida-mediterraneo-de-benidorm-el-psoe-pide-al-gobierno-que-licite-el-proyecto\/"},"modified":"2024-09-04T16:46:16","modified_gmt":"2024-09-04T14:46:16","slug":"que-hay-de-la-segunda-fase-de-la-avenida-mediterraneo-de-benidorm-el-psoe-pide-al-gobierno-que-licite-el-proyecto","status":"publish","type":"post","link":"https:\/\/serbenidorm.daliisolutions.com\/index.php\/2024\/09\/04\/que-hay-de-la-segunda-fase-de-la-avenida-mediterraneo-de-benidorm-el-psoe-pide-al-gobierno-que-licite-el-proyecto\/","title":{"rendered":"\u00bfQu\u00e9 hay de la segunda fase de la avenida Mediterr\u00e1neo de Benidorm? El PSOE pide al gobierno que licite el proyecto"},"content":{"rendered":"  <p>Benidorm<\/p>   <p>La oposici\u00f3n del PSOE en el Ayuntamiento de Benidorm ha criticado que el gobierno de Toni P\u00e9rez no ha licitado todav\u00eda la redacci\u00f3n del proyecto de remodelaci\u00f3n de la segunda fase de la avenida del Mediterr\u00e1neo de Benidorm.<\/p>   <p>Su portavoz adjunto, Sergi Castillo, ha destacado que \u00abeste fue uno de los proyectos estrella que el alcalde cacare\u00f3 durante el final de la pasada legislatura, en plena campa\u00f1a electoral y que volvi\u00f3 a recuperar para anunciarlo a bombo y platillo en diciembre durante el tradicional encuentro navide\u00f1o con los medios de comunicaci\u00f3n\u00bb.<\/p>  <p><p>M\u00e1s informaci\u00f3n<\/p><figure><img loading=\"lazy\" decoding=\"async\" src=\"https:\/\/cadenaser.com\/resizer\/v2\/G7V4OV5WSFH7ZA7VT3N2QK4QLA.jpeg?auth=98dc3a2db670fc5976b20377f7405b67366785dc4bf95133fdec94316aea99b4&amp;quality=70&amp;width=360&amp;height=202&amp;smart=true\" width=\"820\" height=\"621\" \/><\/figure><ul><li><a href=\"https:\/\/cadenaser.com\/comunitat-valenciana\/2024\/09\/03\/la-policia-local-de-villajoyosa-sigue-buscando-a-los-autores-de-la-agresion-homofoba-en-el-parque-de-la-creueta-radio-benidorm\/\"><span>La Polic\u00eda Local de Villajoyosa sigue buscando a los autores de la agresi\u00f3n hom\u00f3foba en el parque de la Creueta<\/span><\/a><\/li><\/ul><\/p>   <p>\u00abEstamos ya en la fase final del a\u00f1o y siguen sin hacer nada a pesar que desde hace m\u00e1s de dos meses cuentan con la consignaci\u00f3n presupuestaria necesaria para poder licitar el contrato\u00bb, ha lamentado.<\/p>   <p>Castillo ha explicado que, seg\u00fan lo avanzado en diversas ocasiones, la pretensi\u00f3n del gobierno local es la de actualizar y redactar el proyecto de ejecuci\u00f3n de la obra para el siguiente tramo, que comprender\u00eda desde la avenida de Europa hasta la intersecci\u00f3n con Filipinas.<\/p>  <p><p class=\"tit\"><span>Hora 14 Benidorm (04\/09\/2024)<\/span><\/p> <p class=\"emb\"><iframe loading=\"lazy\" src=\"https:\/\/cadenaser.com\/embed\/audio\/460\/cadenaser_benidorm_hora14benidorm_20240904_141700_143000\/\" width=\"100%\" height=\"360\" frameborder=\"0\" allowfullscreen><\/iframe><\/p><\/p>   <p>Sin embargo, los socialistas recuerdan que el planteamiento inicial para remodelar Mediterr\u00e1neo contaba con un anteproyecto en el que se recog\u00eda la renovaci\u00f3n de la avenida en toda su extensi\u00f3n,<a href=\"https:\/\/cadenaser.com\/tag\/benidorm\/a\/\" target=\"_blank\" rel=\"noopener\"> desde la plaza de la Hispanidad (plaza Triangular) hasta la avenida Ametlla de Mar, y que presupuestaba en aquel momento los trabajos en 23 millones de euros. Finalmente el proyecto se dividi\u00f3 por fases, ejecut\u00e1ndose la primera desde la calle Puente hasta Europa<\/a>.<\/p>   <p>     .c-w{         max-width:444px;         width:100%;         margin:16px auto;      background:#00755E;         border-radius:4px;         display:flex;         align-items:center;         justify-content:center;     }     .c-w a{         display:flex;         align-items:center;         justify-content:center;         padding:4px 24px;     }     .c-w img{         width:24px;         margin-right:12px;     }     .c-w p{         font:18px\/25px Poppins;         text-align:center;         color:#fff;         margin:0;     }     @media (max-width:444px){         .c-w a{             padding:4px 12px;         }         .c-w img{             width:24px;             margin-right:8px;         }         .c-w p{             font:14px\/25px Poppins;         }     }     @media (max-width:335px){         .c-w p{             font:13px\/25px Poppins;         }     }  <div class=\"c-w\">     <a href=\"https:\/\/www.whatsapp.com\/channel\/0029Va633PF9WtC4l7XUzh1e\" target=\"_blank\" rel=\"noopener\">         <img decoding=\"async\" src=\"https:\/\/cadenaser.com\/estaticos\/recursosgraficos\/responsive\/img\/ico-whatsapp.svg\" alt=\"Whatsapp\">         <p>\u00danete al <b>canal de WhatsApp<\/b> de la SER<\/p>     <\/a> <\/div><\/p>   <p>Gonz\u00e1lez de Z\u00e1rate: \u201cEl PSOE vot\u00f3 en pleno contra la redacci\u00f3n del proyecto de la avenida del Mediterr\u00e1neo que ahora reclama\u201d<\/p>   <p>El concejal de Ciclo del Agua, Jos\u00e9 Ram\u00f3n Gonz\u00e1lez de Z\u00e1rate, ha acusado al grupo municipal socialista de realizar \u201cuna oposici\u00f3n destructiva\u201d y de estar \u201cinstalados en faltar a la verdad y en el insulto permanente\u201d con el \u00fanico objetivo de \u201cconfundir y enga\u00f1ar a la ciudadan\u00eda\u201d.<\/p>   <p>Gonz\u00e1lez de Z\u00e1rate ha recordado a los socialistas que en el pleno del pasado mes de junio votaron en contra de la modificaci\u00f3n presupuestaria \u201cque era el paso previo para la licitaci\u00f3n del concurso para la actualizaci\u00f3n y redacci\u00f3n del proyecto de ejecuci\u00f3n de la segunda fase de la avenida, para lo que se destinaba una partida de 350.000 euros\u201d.<\/p> ","protected":false},"excerpt":{"rendered":"<p>El ejecutivo local responde que es \u00abuna prioridad\u00bb pero no da plazos: \u00abSe va a encargar que se estudie la viabilidad de incorporar un aparcamiento subterr\u00e1neo\u00bb<\/p>\n","protected":false},"author":0,"featured_media":8043,"comment_status":"open","ping_status":"open","sticky":false,"template":"","format":"standard","meta":{"_acf_changed":false,"footnotes":""},"categories":[1],"tags":[],"class_list":["post-8042","post","type-post","status-publish","format-standard","has-post-thumbnail","hentry","category-sin-categoria"],"acf":{"ser_id":"KZAN234EIJGQFCGVTZZK7ZRECY","ser_url":"https:\/\/cadenaser.com\/comunitat-valenciana\/2024\/09\/04\/que-hay-de-la-segunda-fase-de-la-avenida-mediterraneo-de-benidorm-el-psoe-pide-al-gobierno-que-licite-el-proyecto-radio-benidorm\/"},"_links":{"self":[{"href":"https:\/\/serbenidorm.daliisolutions.com\/index.php\/wp-json\/wp\/v2\/posts\/8042","targetHints":{"allow":["GET"]}}],"collection":[{"href":"https:\/\/serbenidorm.daliisolutions.com\/index.php\/wp-json\/wp\/v2\/posts"}],"about":[{"href":"https:\/\/serbenidorm.daliisolutions.com\/index.php\/wp-json\/wp\/v2\/types\/post"}],"replies":[{"embeddable":true,"href":"https:\/\/serbenidorm.daliisolutions.com\/index.php\/wp-json\/wp\/v2\/comments?post=8042"}],"version-history":[{"count":0,"href":"https:\/\/serbenidorm.daliisolutions.com\/index.php\/wp-json\/wp\/v2\/posts\/8042\/revisions"}],"wp:featuredmedia":[{"embeddable":true,"href":"https:\/\/serbenidorm.daliisolutions.com\/index.php\/wp-json\/wp\/v2\/media\/8043"}],"wp:attachment":[{"href":"https:\/\/serbenidorm.daliisolutions.com\/index.php\/wp-json\/wp\/v2\/media?parent=8042"}],"wp:term":[{"taxonomy":"category","embeddable":true,"href":"https:\/\/serbenidorm.daliisolutions.com\/index.php\/wp-json\/wp\/v2\/categories?post=8042"},{"taxonomy":"post_tag","embeddable":true,"href":"https:\/\/serbenidorm.daliisolutions.com\/index.php\/wp-json\/wp\/v2\/tags?post=8042"}],"curies":[{"name":"wp","href":"https:\/\/api.w.org\/{rel}","templated":true}]}}