{"id":8047,"date":"2024-09-04T19:13:25","date_gmt":"2024-09-04T17:13:25","guid":{"rendered":"https:\/\/serbenidorm.daliisolutions.com\/index.php\/2024\/09\/04\/ivan-farace-quiero-seguir-siempre-ligado-al-rugby\/"},"modified":"2024-09-04T19:13:25","modified_gmt":"2024-09-04T17:13:25","slug":"ivan-farace-quiero-seguir-siempre-ligado-al-rugby","status":"publish","type":"post","link":"https:\/\/serbenidorm.daliisolutions.com\/index.php\/2024\/09\/04\/ivan-farace-quiero-seguir-siempre-ligado-al-rugby\/","title":{"rendered":"Iv\u00e1n Farace: \u201cQuiero seguir siempre ligado al rugby\u201d"},"content":{"rendered":"  <p>Benidorm<\/p>   <p>Francia es una de las grandes potencias mundiales del rugby. All\u00ed, el XV del Gallo, es un combinado seguido masivamente por la afici\u00f3n y un habitual de los grandes torneos internacionales. Hacerse un hueco en su m\u00e1xima categor\u00eda no es f\u00e1cil y mucho menos lo es para jugadores for\u00e1neos.<\/p>   <p>Por ello, el benidormense Iv\u00e1n Farace, formado en el Huesitos-La Vila y que el a\u00f1o pasado estuvo en un hist\u00f3rico como Les Abelles, ha decidido aceptar la oferta del Agen, un club cuyo primer equipo milita en la Segunda Divisi\u00f3n y que ha querido contar con \u00e9l para su escuadra de formaci\u00f3n.<\/p>   <p>Antes de poner rumbo al pa\u00eds vecino, Farace pas\u00f3 por los micr\u00f3fonos de SER Deportivos Marina Baixa para hablar sobre este importante cambio para \u00e9l que ha llegado \u201csimplemente, porque se me present\u00f3 esa oportunidad. Desde peque\u00f1o el objetivo era irme a un buen club para formarme y, sobre todo, crecer como jugador. En Francia se me present\u00f3 la oportunidad de Agen y no lo dud\u00e9 ni un segundo. Me gust\u00f3 mucho la oportunidad\u201d.<\/p>   <p>En cuanto a su futuro como deportista una vez aceptada la oferta francesa, Iv\u00e1n Farace ha explicado que \u201cpasa, sobre todo, por poder estar conectado siempre al rugby y tambi\u00e9n tener mis estudios, que por otro lado, es algo muy importante porque el rugby es un deporte que no te da para vivir. Necesitas siempre tener algo detr\u00e1s. Me gustar\u00eda estar siempre conectado con el rugby, ya sea de entrenador, de fisio, de lo que sea. Y, por otro lado, poder ganarme la vida despu\u00e9s de jugar a rugby\u201d.<\/p>   <p>Y aunque le han llegado ofertas de la m\u00e1xima categor\u00eda del rugby espa\u00f1ol, afirma que \u201cla cosa es que desde peque\u00f1o quer\u00eda estar en Francia, as\u00ed que aprovech\u00e9 este a\u00f1o. A Francia, si no llegas desde peque\u00f1o, ya es muy dif\u00edcil entrar y jugar all\u00ed. Como quer\u00eda probar la experiencia y estar all\u00ed al menos un a\u00f1ito o lo que sea para formarme, tom\u00e9 esta decisi\u00f3n. Luego, cuando vuelva, ya veremos  qu\u00e9 oportunidades tendr\u00e9\u201d.<\/p>   <p>     .c-w{         max-width:444px;         width:100%;         margin:16px auto;      background:#00755E;         border-radius:4px;         display:flex;         align-items:center;         justify-content:center;     }     .c-w a{         display:flex;         align-items:center;         justify-content:center;         padding:4px 24px;     }     .c-w img{         width:24px;         margin-right:12px;     }     .c-w p{         font:18px\/25px Poppins;         text-align:center;         color:#fff;         margin:0;     }     @media (max-width:444px){         .c-w a{             padding:4px 12px;         }         .c-w img{             width:24px;             margin-right:8px;         }         .c-w p{             font:14px\/25px Poppins;         }     }     @media (max-width:335px){         .c-w p{             font:13px\/25px Poppins;         }     }  <div class=\"c-w\">     <a href=\"https:\/\/www.whatsapp.com\/channel\/0029Va633PF9WtC4l7XUzh1e\" target=\"_blank\" rel=\"noopener\">         <img decoding=\"async\" src=\"https:\/\/cadenaser.com\/estaticos\/recursosgraficos\/responsive\/img\/ico-whatsapp.svg\" alt=\"Whatsapp\">         <p>\u00danete al <b>canal de WhatsApp<\/b> de la SER<\/p>     <\/a> <\/div><\/p> ","protected":false},"excerpt":{"rendered":"<p>Tras formarse en el Huesitos-La Vila y pasar por Les Abelles, el joven jugador benidormense pone rumbo a Francia<\/p>\n","protected":false},"author":0,"featured_media":8048,"comment_status":"open","ping_status":"open","sticky":false,"template":"","format":"standard","meta":{"_acf_changed":false,"footnotes":""},"categories":[16],"tags":[],"class_list":["post-8047","post","type-post","status-publish","format-standard","has-post-thumbnail","hentry","category-deportes"],"acf":{"ser_id":"5ACY3DTVGZCHPA7S75EG2LPXDU","ser_url":"https:\/\/cadenaser.com\/comunitat-valenciana\/2024\/09\/04\/ivan-farace-quiero-seguir-siempre-ligado-al-rugby-radio-benidorm\/"},"_links":{"self":[{"href":"https:\/\/serbenidorm.daliisolutions.com\/index.php\/wp-json\/wp\/v2\/posts\/8047","targetHints":{"allow":["GET"]}}],"collection":[{"href":"https:\/\/serbenidorm.daliisolutions.com\/index.php\/wp-json\/wp\/v2\/posts"}],"about":[{"href":"https:\/\/serbenidorm.daliisolutions.com\/index.php\/wp-json\/wp\/v2\/types\/post"}],"replies":[{"embeddable":true,"href":"https:\/\/serbenidorm.daliisolutions.com\/index.php\/wp-json\/wp\/v2\/comments?post=8047"}],"version-history":[{"count":0,"href":"https:\/\/serbenidorm.daliisolutions.com\/index.php\/wp-json\/wp\/v2\/posts\/8047\/revisions"}],"wp:featuredmedia":[{"embeddable":true,"href":"https:\/\/serbenidorm.daliisolutions.com\/index.php\/wp-json\/wp\/v2\/media\/8048"}],"wp:attachment":[{"href":"https:\/\/serbenidorm.daliisolutions.com\/index.php\/wp-json\/wp\/v2\/media?parent=8047"}],"wp:term":[{"taxonomy":"category","embeddable":true,"href":"https:\/\/serbenidorm.daliisolutions.com\/index.php\/wp-json\/wp\/v2\/categories?post=8047"},{"taxonomy":"post_tag","embeddable":true,"href":"https:\/\/serbenidorm.daliisolutions.com\/index.php\/wp-json\/wp\/v2\/tags?post=8047"}],"curies":[{"name":"wp","href":"https:\/\/api.w.org\/{rel}","templated":true}]}}