{"id":8049,"date":"2024-09-04T19:13:26","date_gmt":"2024-09-04T17:13:26","guid":{"rendered":"https:\/\/serbenidorm.daliisolutions.com\/index.php\/2024\/09\/04\/juanele-todo-el-mundo-deberia-escribir-un-libro-sobre-su-vida\/"},"modified":"2024-09-04T19:13:26","modified_gmt":"2024-09-04T17:13:26","slug":"juanele-todo-el-mundo-deberia-escribir-un-libro-sobre-su-vida","status":"publish","type":"post","link":"https:\/\/serbenidorm.daliisolutions.com\/index.php\/2024\/09\/04\/juanele-todo-el-mundo-deberia-escribir-un-libro-sobre-su-vida\/","title":{"rendered":"Juanele: \u201cTodo el mundo deber\u00eda escribir un libro sobre su vida\u201d"},"content":{"rendered":"  <p>Benidorm<\/p>   <p>La vida de Juan Casta\u00f1o, Juanele, ha estado marcada por el f\u00fatbol. Al menos, por eso es por lo que le conocen la mayor\u00eda; pero tambi\u00e9n por la enfermedad. Primero, ya en el ocaso de su carrera deportiva, por aquel diagn\u00f3stico de un trastorno bipolar que, quiz\u00e1s, precipit\u00f3 su retirada a los 38 a\u00f1os. Luego, este mismo mes de febrero, por el ictus del que todav\u00eda se recupera; pero que no ha impedido que se embarque en la gira de promoci\u00f3n de \u2018Mi verdad\u2019, la autobiograf\u00eda con la que pretende desterrar los bulos que sobre \u00e9l se han contado.<\/p>   <p>El pasado domingo hizo parada en Benidorm. En el Hotel Levante Club present\u00f3 ese libro en el que hace un largo repaso a su vida tanto dentro como fuera de los terrenos de juego. Este mi\u00e9rcoles, Juanele fue uno de los invitados de SER Deportivos Marina Baixa, donde habl\u00f3 de su libro y tambi\u00e9n de esos duros momentos vividos en el pasado.<\/p>   <p>Momentos como los encadenados el pasado mes de febrero cuando \u201cpublicamos el libro el d\u00eda 8 y el 24 me dio el ictus\u201d. Aunque todav\u00eda con alguna secuela, el asturiano es optimista. \u201cAqu\u00ed estamos, vivo para contarlo y para tirar para adelante e intentar mejorar\u201d.<\/p>   <p>Hoy en d\u00eda es muy habitual que los deportistas de alto nivel hablen de sus problemas de salud mental, pero en aquellos a\u00f1os 90 y primera d\u00e9cada de este siglo, aquella era una cuesti\u00f3n todav\u00eda tab\u00fa. Pero Juanele, que lo vivi\u00f3 en primera persona, asegura que \u201cla mayor\u00eda de los futbolistas pasan por ello. Son problemas que tienes y que debes solucionar. A m\u00ed me cogi\u00f3 ya tarde, cuando era veterano. Lo pude arreglar, pero fue complicado\u201d.<\/p>   <p>En cuanto a los motivos que le han llevado a publicar \u2018Mi verdad\u2019, Juanele afirma que lo hizo porque \u201csobre m\u00ed se han contado muchos bulos. Hay muchas cosas que se han dicho y que no son ciertas y lo que he pretendido es que la gente sepa mi versi\u00f3n sobre mi vida y la realidad\u201d.<\/p>   <p>     .c-w{         max-width:444px;         width:100%;         margin:16px auto;      background:#00755E;         border-radius:4px;         display:flex;         align-items:center;         justify-content:center;     }     .c-w a{         display:flex;         align-items:center;         justify-content:center;         padding:4px 24px;     }     .c-w img{         width:24px;         margin-right:12px;     }     .c-w p{         font:18px\/25px Poppins;         text-align:center;         color:#fff;         margin:0;     }     @media (max-width:444px){         .c-w a{             padding:4px 12px;         }         .c-w img{             width:24px;             margin-right:8px;         }         .c-w p{             font:14px\/25px Poppins;         }     }     @media (max-width:335px){         .c-w p{             font:13px\/25px Poppins;         }     }  <div class=\"c-w\">     <a href=\"https:\/\/www.whatsapp.com\/channel\/0029Va633PF9WtC4l7XUzh1e\" target=\"_blank\" rel=\"noopener\">         <img decoding=\"async\" src=\"https:\/\/cadenaser.com\/estaticos\/recursosgraficos\/responsive\/img\/ico-whatsapp.svg\" alt=\"Whatsapp\">         <p>\u00danete al <b>canal de WhatsApp<\/b> de la SER<\/p>     <\/a> <\/div><\/p>   <p>Preguntado por cu\u00e1l fue, si es que existe, el bulo que le dio el empuj\u00f3n definitivo para coger papel y boli, reconoce que \u201cpuede ser lo que sucedi\u00f3 en el Mundial de Estados Unidos. All\u00ed no jugu\u00e9 porque Clemente no cont\u00f3 conmigo y se dec\u00eda que era porque sal\u00eda mucho con Quini de marcha. Eso no era verdad. No tuvo nada que ver. Es algo que comenz\u00f3 a comentarse mucho en Gij\u00f3n, pero es que yo con Quini no hab\u00eda coincidido. Sab\u00eda qui\u00e9n era y lo vi jugar alguna vez, pero personalmente nunca hab\u00edamos hablado\u201d.<\/p>   <p>Hoy en d\u00eda dice que \u201csigue m\u00e1s el f\u00fatbol de Segunda que el de Primera Divisi\u00f3n, porque los tres equipos donde jugu\u00e9, el Tenerife, el Zaragoza y el Sporting, est\u00e1n en Segunda. Esos son los partidos que veo. Pero bueno, tambi\u00e9n sigo al Madrid, al Bar\u00e7a, al Atleti\u2026 a equipos que hacen buen f\u00fatbol\u201d.<\/p> ","protected":false},"excerpt":{"rendered":"<p>El m\u00edtico jugador asturiano present\u00f3 el pasado domingo \u2018Mi verdad\u2019 en Benidorm<\/p>\n","protected":false},"author":0,"featured_media":8050,"comment_status":"open","ping_status":"open","sticky":false,"template":"","format":"standard","meta":{"_acf_changed":false,"footnotes":""},"categories":[16],"tags":[],"class_list":["post-8049","post","type-post","status-publish","format-standard","has-post-thumbnail","hentry","category-deportes"],"acf":{"ser_id":"42G6FGRQ2BF2BANKSLJJWVB3AU","ser_url":"https:\/\/cadenaser.com\/comunitat-valenciana\/2024\/09\/04\/juanele-todo-el-mundo-deberia-escribir-un-libro-sobre-su-vida-radio-benidorm\/"},"_links":{"self":[{"href":"https:\/\/serbenidorm.daliisolutions.com\/index.php\/wp-json\/wp\/v2\/posts\/8049","targetHints":{"allow":["GET"]}}],"collection":[{"href":"https:\/\/serbenidorm.daliisolutions.com\/index.php\/wp-json\/wp\/v2\/posts"}],"about":[{"href":"https:\/\/serbenidorm.daliisolutions.com\/index.php\/wp-json\/wp\/v2\/types\/post"}],"replies":[{"embeddable":true,"href":"https:\/\/serbenidorm.daliisolutions.com\/index.php\/wp-json\/wp\/v2\/comments?post=8049"}],"version-history":[{"count":0,"href":"https:\/\/serbenidorm.daliisolutions.com\/index.php\/wp-json\/wp\/v2\/posts\/8049\/revisions"}],"wp:featuredmedia":[{"embeddable":true,"href":"https:\/\/serbenidorm.daliisolutions.com\/index.php\/wp-json\/wp\/v2\/media\/8050"}],"wp:attachment":[{"href":"https:\/\/serbenidorm.daliisolutions.com\/index.php\/wp-json\/wp\/v2\/media?parent=8049"}],"wp:term":[{"taxonomy":"category","embeddable":true,"href":"https:\/\/serbenidorm.daliisolutions.com\/index.php\/wp-json\/wp\/v2\/categories?post=8049"},{"taxonomy":"post_tag","embeddable":true,"href":"https:\/\/serbenidorm.daliisolutions.com\/index.php\/wp-json\/wp\/v2\/tags?post=8049"}],"curies":[{"name":"wp","href":"https:\/\/api.w.org\/{rel}","templated":true}]}}