{"id":8051,"date":"2024-09-04T19:13:26","date_gmt":"2024-09-04T17:13:26","guid":{"rendered":"https:\/\/serbenidorm.daliisolutions.com\/index.php\/2024\/09\/04\/hector-alvarez-soberbio-en-la-vuelta-a-cantabria\/"},"modified":"2024-09-04T19:13:26","modified_gmt":"2024-09-04T17:13:26","slug":"hector-alvarez-soberbio-en-la-vuelta-a-cantabria","status":"publish","type":"post","link":"https:\/\/serbenidorm.daliisolutions.com\/index.php\/2024\/09\/04\/hector-alvarez-soberbio-en-la-vuelta-a-cantabria\/","title":{"rendered":"H\u00e9ctor \u00c1lvarez, soberbio en la Vuelta a Cantabria"},"content":{"rendered":"  <p>Benidorm<\/p>   <p>El jovenc\u00edsimo ciclista alfasino H\u00e9ctor \u00c1lvarez (Lucta-Granja Rinya-InfinObras) ha vuelto a dar un nuevo y contundente paso adelante en esa progresi\u00f3n que le ha llevado a firmar de cara al pr\u00f3ximo a\u00f1o su primer contrato profesional con el Lidl-Trek continental, es decir, el equipo de formaci\u00f3n de la escuadra World Tour de, entre otros, el campe\u00f3n del mundo de 2019 Mads Pedersen.<\/p>   <p>En esta ocasi\u00f3n, \u00c1lvarez ha dominado con pu\u00f1o de hierro la reci\u00e9n terminada Vuelta a Cantabria, en la que se ha impuesto en dos de sus tres etapas y se ha llevado la clasificaci\u00f3n general final as\u00ed como todas las secundarias (monta\u00f1a y puntos).<\/p>   <p>La \u00faltima jornada, disputada el martes con salida y meta en Puente Viesgo no fue m\u00e1s que la continuidad de la anterior, celebrada en Vio\u00f1o de Pi\u00e9lagos. Y aunque a sus 17 a\u00f1os (cumplir\u00e1 18 el 12 de diciembre) es l\u00f3gico que su margen de progresi\u00f3n siga siendo enorme, no deja de ilusionar que estos triunfos hayan llegado, precisamente, en terrenos m\u00e1s monta\u00f1osos que llanos, algo que habla muy bien de la mejora del deportista de l\u2019Alf\u00e0s del Pi en ese terreno.<\/p>   <p>A H\u00e9ctor \u00c1lvarez s\u00f3lo se le escap\u00f3 la victoria en el pr\u00f3logo, una contrarreloj individual de apenas 800 metros (m\u00e1s bien un puto sprint) en el que el australiano Wil Holmes (R\u00e9gion Sud-Giant) aventaj\u00f3 en cuatro segundos al ciclista alfasino, que al d\u00eda siguiente, en Vio\u00f1o de Pi\u00e9lagos, ya se visti\u00f3 de l\u00edder tras imponerse, con 38 segundos de ventaja, al tambi\u00e9n australiano Reef Roberts, compa\u00f1ero de equipo del primer maillot amarillo.<\/p>   <p>Los australianos fueron, de hecho, el mayor dolor de cabeza para un \u00c1lvarez que en la \u00faltima etapa tambi\u00e9n tuvo a un \u2018aussie\u2019 como mayor rival. En esta ocasi\u00f3n fue Lachlan McNabb el que nada pudo hacer en los metros finales ante la potencia del alfasino.<\/p>   <p>     .c-w{         max-width:444px;         width:100%;         margin:16px auto;      background:#00755E;         border-radius:4px;         display:flex;         align-items:center;         justify-content:center;     }     .c-w a{         display:flex;         align-items:center;         justify-content:center;         padding:4px 24px;     }     .c-w img{         width:24px;         margin-right:12px;     }     .c-w p{         font:18px\/25px Poppins;         text-align:center;         color:#fff;         margin:0;     }     @media (max-width:444px){         .c-w a{             padding:4px 12px;         }         .c-w img{             width:24px;             margin-right:8px;         }         .c-w p{             font:14px\/25px Poppins;         }     }     @media (max-width:335px){         .c-w p{             font:13px\/25px Poppins;         }     }  <div class=\"c-w\">     <a href=\"https:\/\/www.whatsapp.com\/channel\/0029Va633PF9WtC4l7XUzh1e\" target=\"_blank\" rel=\"noopener\">         <img decoding=\"async\" src=\"https:\/\/cadenaser.com\/estaticos\/recursosgraficos\/responsive\/img\/ico-whatsapp.svg\" alt=\"Whatsapp\">         <p>\u00danete al <b>canal de WhatsApp<\/b> de la SER<\/p>     <\/a> <\/div><\/p>   <p>En cuanto a la general final, H\u00e9ctor \u00c1lvarez se hizo con el triunfo con 55 segundos de renta sobre Roberts y 1:20 sobre el brit\u00e1nico Ahron Dick.<\/p> ","protected":false},"excerpt":{"rendered":"<p>El ciclista de l\u2019Alf\u00e0s del Pi gan\u00f3 dos de las tres etapas as\u00ed como la general, los puntos y la monta\u00f1a<\/p>\n","protected":false},"author":0,"featured_media":8052,"comment_status":"open","ping_status":"open","sticky":false,"template":"","format":"standard","meta":{"_acf_changed":false,"footnotes":""},"categories":[16],"tags":[],"class_list":["post-8051","post","type-post","status-publish","format-standard","has-post-thumbnail","hentry","category-deportes"],"acf":{"ser_id":"4RS6QILVSVCDRM3BN6NPJ6D3GU","ser_url":"https:\/\/cadenaser.com\/comunitat-valenciana\/2024\/09\/04\/hector-alvarez-soberbio-en-la-vuelta-a-cantabria-radio-benidorm\/"},"_links":{"self":[{"href":"https:\/\/serbenidorm.daliisolutions.com\/index.php\/wp-json\/wp\/v2\/posts\/8051","targetHints":{"allow":["GET"]}}],"collection":[{"href":"https:\/\/serbenidorm.daliisolutions.com\/index.php\/wp-json\/wp\/v2\/posts"}],"about":[{"href":"https:\/\/serbenidorm.daliisolutions.com\/index.php\/wp-json\/wp\/v2\/types\/post"}],"replies":[{"embeddable":true,"href":"https:\/\/serbenidorm.daliisolutions.com\/index.php\/wp-json\/wp\/v2\/comments?post=8051"}],"version-history":[{"count":0,"href":"https:\/\/serbenidorm.daliisolutions.com\/index.php\/wp-json\/wp\/v2\/posts\/8051\/revisions"}],"wp:featuredmedia":[{"embeddable":true,"href":"https:\/\/serbenidorm.daliisolutions.com\/index.php\/wp-json\/wp\/v2\/media\/8052"}],"wp:attachment":[{"href":"https:\/\/serbenidorm.daliisolutions.com\/index.php\/wp-json\/wp\/v2\/media?parent=8051"}],"wp:term":[{"taxonomy":"category","embeddable":true,"href":"https:\/\/serbenidorm.daliisolutions.com\/index.php\/wp-json\/wp\/v2\/categories?post=8051"},{"taxonomy":"post_tag","embeddable":true,"href":"https:\/\/serbenidorm.daliisolutions.com\/index.php\/wp-json\/wp\/v2\/tags?post=8051"}],"curies":[{"name":"wp","href":"https:\/\/api.w.org\/{rel}","templated":true}]}}